{"id":87712,"date":"2019-06-05T15:32:58","date_gmt":"2019-06-05T18:32:58","guid":{"rendered":"http:\/\/www.elsindical.com.ar\/notas\/?p=87712"},"modified":"2019-06-05T15:32:58","modified_gmt":"2019-06-05T18:32:58","slug":"reunion-de-equipos-tecnicos-del-fuero-de-familia","status":"publish","type":"post","link":"https:\/\/www.elsindical.com.ar\/notas\/reunion-de-equipos-tecnicos-del-fuero-de-familia\/","title":{"rendered":"Reuni\u00f3n de Equipos T\u00e9cnicos del Fuero de Familia"},"content":{"rendered":"\n<figure class=\"wp-block-image\"><img loading=\"lazy\" decoding=\"async\" width=\"600\" height=\"271\" src=\"http:\/\/www.elsindical.com.ar\/notas\/var\/www\/html\/notas\/wp-content\/uploads\/2019\/06\/peritos2.png\" alt=\"\" class=\"wp-image-87713\" srcset=\"https:\/\/www.elsindical.com.ar\/notas\/var\/www\/html\/notas\/wp-content\/uploads\/2019\/06\/peritos2.png 600w, https:\/\/www.elsindical.com.ar\/notas\/var\/www\/html\/notas\/wp-content\/uploads\/2019\/06\/peritos2-300x136.png 300w, https:\/\/www.elsindical.com.ar\/notas\/var\/www\/html\/notas\/wp-content\/uploads\/2019\/06\/peritos2-500x226.png 500w\" sizes=\"auto, (max-width: 600px) 100vw, 600px\" \/><\/figure>\n\n\n\n<p>El encuentro se llevar\u00e1 a  cabo el pr\u00f3ximo s\u00e1bado 8 de junio en la Ciudad de Buenos Aires, a fin  de evaluar estrategias para hacer frente a las diferentes problem\u00e1ticas  del sector.<\/p>\n\n\n\n<p>La reuni\u00f3n resuelta por la Comisi\u00f3n Provincial de Peritos de la AJB, \nest\u00e1 destinada a profesionales integrantes de equipos t\u00e9cnicos del Fuero\n de Familia, y tiene como objetivo realizar un diagn\u00f3stico de la \nsituaci\u00f3n y debatir colectivamente estrategias para hacer frente al \nprogresivo deterioro de las condiciones laborales del sector.<\/p>\n\n\n\n<p>Durante el encuentro se abordar\u00e1 el siguiente temario:<\/p>\n\n\n\n<p><strong>1. Diagn\u00f3stico por juzgado.<\/strong>&nbsp;Falta de cobertura de cargos y \npedidos de \u201ccolaboraci\u00f3n\u201d como modo de suplir las ausencias. Asignaci\u00f3n \nde peritos para cumplir funciones en dos o m\u00e1s juzgados. Intentos de \nimposici\u00f3n de guardias pasivas durante el turno de los juzgados. \nProblemas de seguridad en los edificios.<\/p>\n\n\n\n<p><strong>2. Organizaci\u00f3n de la tarea de los Equipos T\u00e9cnicos.<\/strong>&nbsp;\u00bfQui\u00e9n \ndefine la agenda? Etapa previa. Guardias de protecci\u00f3n contra la \nviolencia familiar. Determinaci\u00f3n de capacidad jur\u00eddica e internaciones.\n Abrigos y guardas con fines de adopci\u00f3n. Reintegro de hijos. Imposici\u00f3n\n de tareas administrativas impropias.<\/p>\n\n\n\n<p><strong>3. Desgaste laboral.<\/strong>&nbsp;Percepci\u00f3n del desgaste en relaci\u00f3n a la \ntarea espec\u00edfica, el incremento de la misma, las condiciones en las que \nse realiza y la falta de personal para afrontarla. Necesidad de \nconstruir espacios de debate e intercambio interdisciplinario donde \nacordar colectivamente criterios de intervenci\u00f3n profesional que \nfavorezcan el cuidado de la salud de los equipos t\u00e9cnicos, as\u00ed como una \nmejor respuesta para lxs usuarios del sistema.<\/p>\n\n\n\n<p>La actividad contar\u00e1 con un espacio de cuidado a cargo de personal especializado, para hijas e hijos de las y los participantes.<\/p>\n\n\n\n<p><strong>La reuni\u00f3n se realizar\u00e1 a las 9.30 horas en la sede de la \nFederaci\u00f3n Judicial Argentina, sita en la calle Rinc\u00f3n N\u00b0 74, Ciudad \nAut\u00f3noma de Buenos Aires.<\/strong><\/p>\n","protected":false},"excerpt":{"rendered":"<p>El encuentro se llevar\u00e1 a cabo el pr\u00f3ximo s\u00e1bado 8 de junio en la Ciudad de Buenos Aires, a fin de evaluar estrategias para hacer frente a las diferentes problem\u00e1ticas del sector. La reuni\u00f3n resuelta por la Comisi\u00f3n Provincial de Peritos de la AJB, est\u00e1 destinada a profesionales integrantes de equipos t\u00e9cnicos del Fuero de&hellip;<\/p>\n","protected":false},"author":1,"featured_media":87713,"comment_status":"open","ping_status":"open","sticky":false,"template":"","format":"standard","meta":{"footnotes":""},"categories":[16],"tags":[4626,31039,239],"class_list":["post-87712","post","type-post","status-publish","format-standard","has-post-thumbnail","hentry","category-gremiales","tag-ajb","tag-equipos-tecnicos-fuero-de-familia","tag-la-plata"],"_links":{"self":[{"href":"https:\/\/www.elsindical.com.ar\/notas\/wp-json\/wp\/v2\/posts\/87712","targetHints":{"allow":["GET"]}}],"collection":[{"href":"https:\/\/www.elsindical.com.ar\/notas\/wp-json\/wp\/v2\/posts"}],"about":[{"href":"https:\/\/www.elsindical.com.ar\/notas\/wp-json\/wp\/v2\/types\/post"}],"author":[{"embeddable":true,"href":"https:\/\/www.elsindical.com.ar\/notas\/wp-json\/wp\/v2\/users\/1"}],"replies":[{"embeddable":true,"href":"https:\/\/www.elsindical.com.ar\/notas\/wp-json\/wp\/v2\/comments?post=87712"}],"version-history":[{"count":1,"href":"https:\/\/www.elsindical.com.ar\/notas\/wp-json\/wp\/v2\/posts\/87712\/revisions"}],"predecessor-version":[{"id":87714,"href":"https:\/\/www.elsindical.com.ar\/notas\/wp-json\/wp\/v2\/posts\/87712\/revisions\/87714"}],"wp:featuredmedia":[{"embeddable":true,"href":"https:\/\/www.elsindical.com.ar\/notas\/wp-json\/wp\/v2\/media\/87713"}],"wp:attachment":[{"href":"https:\/\/www.elsindical.com.ar\/notas\/wp-json\/wp\/v2\/media?parent=87712"}],"wp:term":[{"taxonomy":"category","embeddable":true,"href":"https:\/\/www.elsindical.com.ar\/notas\/wp-json\/wp\/v2\/categories?post=87712"},{"taxonomy":"post_tag","embeddable":true,"href":"https:\/\/www.elsindical.com.ar\/notas\/wp-json\/wp\/v2\/tags?post=87712"}],"curies":[{"name":"wp","href":"https:\/\/api.w.org\/{rel}","templated":true}]}}