{"id":87708,"date":"2019-06-05T14:53:07","date_gmt":"2019-06-05T17:53:07","guid":{"rendered":"http:\/\/www.elsindical.com.ar\/notas\/?p=87708"},"modified":"2019-06-05T14:53:07","modified_gmt":"2019-06-05T17:53:07","slug":"maria-laura-garibaldi-si-de-viajar-se-trata-tiene-un-10","status":"publish","type":"post","link":"https:\/\/www.elsindical.com.ar\/notas\/maria-laura-garibaldi-si-de-viajar-se-trata-tiene-un-10\/","title":{"rendered":"Mar\u00eda Laura Garibaldi si de viajar se trata tiene un 10"},"content":{"rendered":"\n<figure class=\"wp-block-image\"><img loading=\"lazy\" decoding=\"async\" width=\"540\" height=\"960\" src=\"http:\/\/www.elsindical.com.ar\/notas\/var\/www\/html\/notas\/wp-content\/uploads\/2019\/06\/defensora-en-R\u00edo-Cuarto.jpg\" alt=\"\" class=\"wp-image-87709\" srcset=\"https:\/\/www.elsindical.com.ar\/notas\/var\/www\/html\/notas\/wp-content\/uploads\/2019\/06\/defensora-en-R\u00edo-Cuarto.jpg 540w, https:\/\/www.elsindical.com.ar\/notas\/var\/www\/html\/notas\/wp-content\/uploads\/2019\/06\/defensora-en-R\u00edo-Cuarto-169x300.jpg 169w\" sizes=\"auto, (max-width: 540px) 100vw, 540px\" \/><\/figure>\n\n\n\n<p>  Sin dudas la \u00abDefensora del Pueblo\u00bb de Avellaneda, es una mujer muy afecta a las relaciones institucionales y si de viajar se trata siempre dispuesta, lo que no est\u00e1 mal si los vecinos se beneficiar\u00e1n con ello.<\/p>\n\n\n\n<p>Viajes \u00abprotocolares\u00bb a provincias distantes, gastos de vi\u00e1ticos y representaci\u00f3n que pagamos los vecinos sin una utilidad para su trabajo como defensora del Pueblo de Avellaneda.<\/p>\n\n\n\n<p>Tan infantil es su organizaci\u00f3n de prensa, que en las redes donde la defensor\u00eda tiene presencia, son contados sus comunicados, as\u00ed como irrelevantes para lo que los vecinos se merecen como trabajo de quien fue elegido para ocuparse de los problemas locales.<\/p>\n\n\n\n<p>Luego de unos meses de no comunicar nada, informan que la se\u00f1ora Mar\u00eda Laura Garibaldi estuvo participando en R\u00edo Cuarto, provincia de C\u00f3rdoba de un encuentro sobre  Jornadas Socio Ambientales \u201cComunidades e (in)Justicia Ambiental \u2013 El  Medioambiente como derecho Humano\u201d, en la ciudad de R\u00edo Cuarto del 28\/05  al 3\/06 del corriente.<br> Dichas jornadas han sido declaradas de  inter\u00e9s municipal, por el Intendente Municipal, titular el Departamento  Ejecutivo en consonancia con su compromiso por los Derechos Humanos en  los diferentes planos del desarrollo socio comunitario. <\/p>\n\n\n\n<p>Parece un chiste negro, que se destaque esta participaci\u00f3n, cuando hace muchos a\u00f1os, los vecinos de Avellaneda, padecen enfermedades por contaminaci\u00f3n del medio ambiente, algunos con enfermedades irreversibles y muchos que murieron producto de la falta de atenci\u00f3n y controles del Estado.<\/p>\n\n\n\n<p>F\u00e1bricas que contaminan por ejemplo el Arroyo Sarand\u00ed, el conflictivo Polo Qu\u00edmico de Dock Sud que nunca fue erradicado, algunas zonas del barrio de Pi\u00f1eyro son algunos de los ejemplos nunca tratados, la misma defensor\u00eda tiene pendientes informes en los que se gastaron miles de pesos y nunca se incorporaron a alguna de las causas por contaminaci\u00f3n ambiental, entonces, \u00bfqu\u00e9 es lo que pretenden informar?-<\/p>\n\n\n\n<p>Muchas de las pocas cosas que se han hecho desde la defensor\u00eda han sido con motivaciones e inter\u00e9s pol\u00edtico, apart\u00e1ndose de las funciones y obligaciones de quien ocupa el cargo de defensor, hacer pol\u00edtica no est\u00e1 mal, pero entonces deber\u00eda postularse para consejal o un cargo electivo si tanto inter\u00e9s tiene la se\u00f1ora Garibaldi.<\/p>\n\n\n\n<p>En su inconducta y en su poco trabajo, tienen responsabilidad los CONCEJALES del HCD de Avellaneda que parecen no tener inter\u00e9s en interpelar a la defensora o en tratar su remoci\u00f3n, tambi\u00e9n el intendente Jorge Ferraresi que fue quien acord\u00f3 apoyar su designaci\u00f3n en un acuerdo con el concejal Daniel Garc\u00eda quien adem\u00e1s de romper con CAMBIEMOS Avellaneda, termin\u00f3 en un monobloque apoyando con su voto al oficialismo local Barrueco-Ferraresi.<\/p>\n\n\n\n<p>Curiosamente en las redes muchos hablan de chorraresi, de los planeros, de gastos superfluos pero no hablan de la mala gesti\u00f3n de Garibaldi.<\/p>\n\n\n\n<figure class=\"wp-block-image\"><img loading=\"lazy\" decoding=\"async\" width=\"572\" height=\"729\" src=\"http:\/\/www.elsindical.com.ar\/notas\/var\/www\/html\/notas\/wp-content\/uploads\/2019\/06\/comunicado-defensor\u00eda-medio-ambiente.jpg\" alt=\"\" class=\"wp-image-87710\" srcset=\"https:\/\/www.elsindical.com.ar\/notas\/var\/www\/html\/notas\/wp-content\/uploads\/2019\/06\/comunicado-defensor\u00eda-medio-ambiente.jpg 572w, https:\/\/www.elsindical.com.ar\/notas\/var\/www\/html\/notas\/wp-content\/uploads\/2019\/06\/comunicado-defensor\u00eda-medio-ambiente-235x300.jpg 235w\" sizes=\"auto, (max-width: 572px) 100vw, 572px\" \/><\/figure>\n\n\n\n<p>Por Marcelo Ricardo Hawrylciw<\/p>\n","protected":false},"excerpt":{"rendered":"<p>Sin dudas la \u00abDefensora del Pueblo\u00bb de Avellaneda, es una mujer muy afecta a las relaciones institucionales y si de viajar se trata siempre dispuesta, lo que no est\u00e1 mal si los vecinos se beneficiar\u00e1n con ello. Viajes \u00abprotocolares\u00bb a provincias distantes, gastos de vi\u00e1ticos y representaci\u00f3n que pagamos los vecinos sin una utilidad para&hellip;<\/p>\n","protected":false},"author":1,"featured_media":87709,"comment_status":"open","ping_status":"open","sticky":false,"template":"","format":"standard","meta":{"footnotes":""},"categories":[10],"tags":[18600,1062,24640,671],"class_list":["post-87708","post","type-post","status-publish","format-standard","has-post-thumbnail","hentry","category-editorial","tag-defensoria-del-pueblo-de-avellaneda","tag-jorge-ferraresi","tag-maria-laura-garibaldi","tag-presupuesto"],"_links":{"self":[{"href":"https:\/\/www.elsindical.com.ar\/notas\/wp-json\/wp\/v2\/posts\/87708","targetHints":{"allow":["GET"]}}],"collection":[{"href":"https:\/\/www.elsindical.com.ar\/notas\/wp-json\/wp\/v2\/posts"}],"about":[{"href":"https:\/\/www.elsindical.com.ar\/notas\/wp-json\/wp\/v2\/types\/post"}],"author":[{"embeddable":true,"href":"https:\/\/www.elsindical.com.ar\/notas\/wp-json\/wp\/v2\/users\/1"}],"replies":[{"embeddable":true,"href":"https:\/\/www.elsindical.com.ar\/notas\/wp-json\/wp\/v2\/comments?post=87708"}],"version-history":[{"count":1,"href":"https:\/\/www.elsindical.com.ar\/notas\/wp-json\/wp\/v2\/posts\/87708\/revisions"}],"predecessor-version":[{"id":87711,"href":"https:\/\/www.elsindical.com.ar\/notas\/wp-json\/wp\/v2\/posts\/87708\/revisions\/87711"}],"wp:featuredmedia":[{"embeddable":true,"href":"https:\/\/www.elsindical.com.ar\/notas\/wp-json\/wp\/v2\/media\/87709"}],"wp:attachment":[{"href":"https:\/\/www.elsindical.com.ar\/notas\/wp-json\/wp\/v2\/media?parent=87708"}],"wp:term":[{"taxonomy":"category","embeddable":true,"href":"https:\/\/www.elsindical.com.ar\/notas\/wp-json\/wp\/v2\/categories?post=87708"},{"taxonomy":"post_tag","embeddable":true,"href":"https:\/\/www.elsindical.com.ar\/notas\/wp-json\/wp\/v2\/tags?post=87708"}],"curies":[{"name":"wp","href":"https:\/\/api.w.org\/{rel}","templated":true}]}}