{"id":87475,"date":"2019-05-26T21:13:38","date_gmt":"2019-05-27T00:13:38","guid":{"rendered":"http:\/\/www.elsindical.com.ar\/notas\/?p=87475"},"modified":"2019-05-26T21:13:38","modified_gmt":"2019-05-27T00:13:38","slug":"lomas-de-zamora-la-policia-rescato-a-un-bebe-que-estaba-a-la-venta-en-la-estacion-de-trenes-y-a-dos-hermanitos","status":"publish","type":"post","link":"https:\/\/www.elsindical.com.ar\/notas\/lomas-de-zamora-la-policia-rescato-a-un-bebe-que-estaba-a-la-venta-en-la-estacion-de-trenes-y-a-dos-hermanitos\/","title":{"rendered":"Lomas de Zamora: La polic\u00eda rescat\u00f3 a un beb\u00e9 que estaba a la venta en la estaci\u00f3n de trenes y a dos hermanitos"},"content":{"rendered":"\n<figure class=\"wp-block-image is-resized\"><img loading=\"lazy\" decoding=\"async\" src=\"http:\/\/www.elsindical.com.ar\/notas\/var\/www\/html\/notas\/wp-content\/uploads\/2019\/05\/venta-beb\u00e9-estaci\u00f3n-de-Lomas-de-Zamora.jpg\" alt=\"\" class=\"wp-image-87476\" width=\"501\" height=\"444\" srcset=\"https:\/\/www.elsindical.com.ar\/notas\/var\/www\/html\/notas\/wp-content\/uploads\/2019\/05\/venta-beb\u00e9-estaci\u00f3n-de-Lomas-de-Zamora.jpg 390w, https:\/\/www.elsindical.com.ar\/notas\/var\/www\/html\/notas\/wp-content\/uploads\/2019\/05\/venta-beb\u00e9-estaci\u00f3n-de-Lomas-de-Zamora-300x266.jpg 300w, https:\/\/www.elsindical.com.ar\/notas\/var\/www\/html\/notas\/wp-content\/uploads\/2019\/05\/venta-beb\u00e9-estaci\u00f3n-de-Lomas-de-Zamora-338x300.jpg 338w\" sizes=\"auto, (max-width: 501px) 100vw, 501px\" \/><\/figure>\n\n\n\n<p>  Esta tarde efectivos del Comando de Lomas de Zamora, rescataron a una beb\u00e9 que estaba ofrecida a la venta por 2 mil pesos y rescataron a sus dos hermanitos, aprehendiendo a la madre y al hombre que ofrec\u00eda a la beba.<\/p>\n\n\n\n<p>La mujer, madre de los ni\u00f1os, fue aprehendida y curiosamente recuper\u00f3 luego la libertad, el hombre contin\u00faa aprehendido y los ni\u00f1os con custodia policial en el Hospital Gandulfo seg\u00fan lo dispuesto por el Juzgado Federal N\u00b0 1 de Lomas de Zamora que investiga los delitos de Trata de Personas y averiguaci\u00f3n il\u00edcito.<\/p>\n\n\n\n<p>La beba ofrecida tiene tan solo 1 a\u00f1o y 3 meses, el hombre aprehendido de 47 a\u00f1os esperamos reciba todo el peso de la justicia al igual que su madre de 27 que no deber\u00eda estar en libertad por el delito que se la investiga, no solo aval\u00f3 vender a su beb\u00e9 con los riesgos a los que expuso a la misma.<\/p>\n\n\n\n<p>Es de destacar la r\u00e1pida intervenci\u00f3n de los efectivos policiales que no dudaron en identificar a la pareja y proteger a los menores, cumplimentando la orden de servicio de la Jefatura Departamental de Seguridad Lan\u00fas a cargo del Comisario Mayor Javier Carlos Villar y la Jefatura Distrital Lomas Sur.<\/p>\n\n\n\n<ul class=\"wp-block-gallery columns-2 is-cropped wp-block-gallery-1 is-layout-flex wp-block-gallery-is-layout-flex\"><li class=\"blocks-gallery-item\"><figure><img loading=\"lazy\" decoding=\"async\" width=\"434\" height=\"656\" src=\"http:\/\/www.elsindical.com.ar\/notas\/var\/www\/html\/notas\/wp-content\/uploads\/2019\/05\/dawdww2.jpg\" alt=\"\" data-id=\"87477\" data-link=\"http:\/\/www.elsindical.com.ar\/notas\/?attachment_id=87477#main\" class=\"wp-image-87477\" srcset=\"https:\/\/www.elsindical.com.ar\/notas\/var\/www\/html\/notas\/wp-content\/uploads\/2019\/05\/dawdww2.jpg 434w, https:\/\/www.elsindical.com.ar\/notas\/var\/www\/html\/notas\/wp-content\/uploads\/2019\/05\/dawdww2-198x300.jpg 198w\" sizes=\"auto, (max-width: 434px) 100vw, 434px\" \/><\/figure><\/li><li class=\"blocks-gallery-item\"><figure><img loading=\"lazy\" decoding=\"async\" width=\"434\" height=\"673\" src=\"http:\/\/www.elsindical.com.ar\/notas\/var\/www\/html\/notas\/wp-content\/uploads\/2019\/05\/adqwqw.jpg\" alt=\"\" data-id=\"87478\" data-link=\"http:\/\/www.elsindical.com.ar\/notas\/?attachment_id=87478#main\" class=\"wp-image-87478\" srcset=\"https:\/\/www.elsindical.com.ar\/notas\/var\/www\/html\/notas\/wp-content\/uploads\/2019\/05\/adqwqw.jpg 434w, https:\/\/www.elsindical.com.ar\/notas\/var\/www\/html\/notas\/wp-content\/uploads\/2019\/05\/adqwqw-193x300.jpg 193w\" sizes=\"auto, (max-width: 434px) 100vw, 434px\" \/><\/figure><\/li><\/ul>\n\n\n\n<p><\/p>\n","protected":false},"excerpt":{"rendered":"<p>Esta tarde efectivos del Comando de Lomas de Zamora, rescataron a una beb\u00e9 que estaba ofrecida a la venta por 2 mil pesos y rescataron a sus dos hermanitos, aprehendiendo a la madre y al hombre que ofrec\u00eda a la beba. La mujer, madre de los ni\u00f1os, fue aprehendida y curiosamente recuper\u00f3 luego la libertad,&hellip;<\/p>\n","protected":false},"author":1,"featured_media":87476,"comment_status":"open","ping_status":"open","sticky":false,"template":"","format":"standard","meta":{"footnotes":""},"categories":[22],"tags":[24072,681,22301,23294,315],"class_list":["post-87475","post","type-post","status-publish","format-standard","has-post-thumbnail","hentry","category-policiales","tag-averiguacion-ilicito","tag-beba","tag-comisario-mayor-javier-carlos-villar","tag-jefatura-departamental-avellaneda-lanus-lomas","tag-trata-de-personas"],"_links":{"self":[{"href":"https:\/\/www.elsindical.com.ar\/notas\/wp-json\/wp\/v2\/posts\/87475","targetHints":{"allow":["GET"]}}],"collection":[{"href":"https:\/\/www.elsindical.com.ar\/notas\/wp-json\/wp\/v2\/posts"}],"about":[{"href":"https:\/\/www.elsindical.com.ar\/notas\/wp-json\/wp\/v2\/types\/post"}],"author":[{"embeddable":true,"href":"https:\/\/www.elsindical.com.ar\/notas\/wp-json\/wp\/v2\/users\/1"}],"replies":[{"embeddable":true,"href":"https:\/\/www.elsindical.com.ar\/notas\/wp-json\/wp\/v2\/comments?post=87475"}],"version-history":[{"count":1,"href":"https:\/\/www.elsindical.com.ar\/notas\/wp-json\/wp\/v2\/posts\/87475\/revisions"}],"predecessor-version":[{"id":87479,"href":"https:\/\/www.elsindical.com.ar\/notas\/wp-json\/wp\/v2\/posts\/87475\/revisions\/87479"}],"wp:featuredmedia":[{"embeddable":true,"href":"https:\/\/www.elsindical.com.ar\/notas\/wp-json\/wp\/v2\/media\/87476"}],"wp:attachment":[{"href":"https:\/\/www.elsindical.com.ar\/notas\/wp-json\/wp\/v2\/media?parent=87475"}],"wp:term":[{"taxonomy":"category","embeddable":true,"href":"https:\/\/www.elsindical.com.ar\/notas\/wp-json\/wp\/v2\/categories?post=87475"},{"taxonomy":"post_tag","embeddable":true,"href":"https:\/\/www.elsindical.com.ar\/notas\/wp-json\/wp\/v2\/tags?post=87475"}],"curies":[{"name":"wp","href":"https:\/\/api.w.org\/{rel}","templated":true}]}}