{"id":87405,"date":"2019-05-23T10:30:01","date_gmt":"2019-05-23T13:30:01","guid":{"rendered":"http:\/\/www.elsindical.com.ar\/notas\/?p=87405"},"modified":"2019-05-23T10:30:14","modified_gmt":"2019-05-23T13:30:14","slug":"anmat-prohibio-la-venta-de-un-aji-molido-y-un-pimenton-extradulce","status":"publish","type":"post","link":"https:\/\/www.elsindical.com.ar\/notas\/anmat-prohibio-la-venta-de-un-aji-molido-y-un-pimenton-extradulce\/","title":{"rendered":"ANMAT prohibi\u00f3 la venta de un aj\u00ed molido y un piment\u00f3n extradulce"},"content":{"rendered":"\n<figure class=\"wp-block-image\"><img loading=\"lazy\" decoding=\"async\" width=\"719\" height=\"519\" src=\"http:\/\/www.elsindical.com.ar\/notas\/var\/www\/html\/notas\/wp-content\/uploads\/2019\/05\/piment\u00f3n.jpg\" alt=\"\" class=\"wp-image-87406\" srcset=\"https:\/\/www.elsindical.com.ar\/notas\/var\/www\/html\/notas\/wp-content\/uploads\/2019\/05\/piment\u00f3n.jpg 719w, https:\/\/www.elsindical.com.ar\/notas\/var\/www\/html\/notas\/wp-content\/uploads\/2019\/05\/piment\u00f3n-300x217.jpg 300w, https:\/\/www.elsindical.com.ar\/notas\/var\/www\/html\/notas\/wp-content\/uploads\/2019\/05\/piment\u00f3n-416x300.jpg 416w\" sizes=\"auto, (max-width: 719px) 100vw, 719px\" \/><\/figure>\n\n\n\n<p> La Administraci\u00f3n  Nacional de Medicamentos, Alimentos y Tecnolog\u00eda M\u00e9dica prohibi\u00f3 estas  dos especias y fueron sacadas del mercado. Conoc\u00e9 todos los detalles en  la nota. <\/p>\n\n\n\n<p><strong>La Administraci\u00f3n Nacional de Medicamentos, Alimentos y Tecnolog\u00eda M\u00e9dica (Anmat)<\/strong> prohibi\u00f3 un <strong>aj\u00ed molido y un piment\u00f3n extradulce de la marca La Parmesana<\/strong> elaborados y envasados por Poo Alimentos S.A. (RNE N\u00b0 02-033526).<\/p>\n\n\n\n<p>El organismo comunic\u00f3 en el Bolet\u00edn Oficial que el aj\u00ed molido (Lote: \n181120, fecha de vto.: NOV 20, RNPA N\u00b0 02-598292) y el piment\u00f3n extra \ndulce (Lote: 180919, fecha de vto.: consumir preferentemente antes de \nSET 20, RNPA N\u00b0 02-598274) en cuesti\u00f3n<strong> son \u00abalimentos adulterados\u00bb.<\/strong><\/p>\n\n\n\n<p>Seg\u00fan la resoluci\u00f3n <strong>presentan elementos histol\u00f3gicos de aj\u00ed y\n de soja: el aj\u00ed molido tiene amiloplastos de trigo y ma\u00edz y el piment\u00f3n\n extra dulce, amiloplastos de arroz y de ma\u00edz.<\/strong><\/p>\n","protected":false},"excerpt":{"rendered":"<p>La Administraci\u00f3n Nacional de Medicamentos, Alimentos y Tecnolog\u00eda M\u00e9dica prohibi\u00f3 estas dos especias y fueron sacadas del mercado. Conoc\u00e9 todos los detalles en la nota. La Administraci\u00f3n Nacional de Medicamentos, Alimentos y Tecnolog\u00eda M\u00e9dica (Anmat) prohibi\u00f3 un aj\u00ed molido y un piment\u00f3n extradulce de la marca La Parmesana elaborados y envasados por Poo Alimentos S.A.&hellip;<\/p>\n","protected":false},"author":1,"featured_media":87406,"comment_status":"open","ping_status":"open","sticky":false,"template":"","format":"standard","meta":{"footnotes":""},"categories":[23],"tags":[30958,1394,30959,22031],"class_list":["post-87405","post","type-post","status-publish","format-standard","has-post-thumbnail","hentry","category-salud","tag-aji-molido","tag-anmat","tag-pimenton","tag-salud"],"_links":{"self":[{"href":"https:\/\/www.elsindical.com.ar\/notas\/wp-json\/wp\/v2\/posts\/87405","targetHints":{"allow":["GET"]}}],"collection":[{"href":"https:\/\/www.elsindical.com.ar\/notas\/wp-json\/wp\/v2\/posts"}],"about":[{"href":"https:\/\/www.elsindical.com.ar\/notas\/wp-json\/wp\/v2\/types\/post"}],"author":[{"embeddable":true,"href":"https:\/\/www.elsindical.com.ar\/notas\/wp-json\/wp\/v2\/users\/1"}],"replies":[{"embeddable":true,"href":"https:\/\/www.elsindical.com.ar\/notas\/wp-json\/wp\/v2\/comments?post=87405"}],"version-history":[{"count":1,"href":"https:\/\/www.elsindical.com.ar\/notas\/wp-json\/wp\/v2\/posts\/87405\/revisions"}],"predecessor-version":[{"id":87407,"href":"https:\/\/www.elsindical.com.ar\/notas\/wp-json\/wp\/v2\/posts\/87405\/revisions\/87407"}],"wp:featuredmedia":[{"embeddable":true,"href":"https:\/\/www.elsindical.com.ar\/notas\/wp-json\/wp\/v2\/media\/87406"}],"wp:attachment":[{"href":"https:\/\/www.elsindical.com.ar\/notas\/wp-json\/wp\/v2\/media?parent=87405"}],"wp:term":[{"taxonomy":"category","embeddable":true,"href":"https:\/\/www.elsindical.com.ar\/notas\/wp-json\/wp\/v2\/categories?post=87405"},{"taxonomy":"post_tag","embeddable":true,"href":"https:\/\/www.elsindical.com.ar\/notas\/wp-json\/wp\/v2\/tags?post=87405"}],"curies":[{"name":"wp","href":"https:\/\/api.w.org\/{rel}","templated":true}]}}