{"id":8740,"date":"2010-08-19T23:04:54","date_gmt":"2010-08-20T02:04:54","guid":{"rendered":"http:\/\/www.elsindical.com.ar\/notas\/?p=8740"},"modified":"2010-08-19T23:05:29","modified_gmt":"2010-08-20T02:05:29","slug":"adrogueun-hombre-se-resistio-a-un-robo-e-hirio-de-un-tiro-a-uno-de-los-asaltantes","status":"publish","type":"post","link":"https:\/\/www.elsindical.com.ar\/notas\/adrogueun-hombre-se-resistio-a-un-robo-e-hirio-de-un-tiro-a-uno-de-los-asaltantes\/","title":{"rendered":"Adrogu\u00e9:Un hombre se resisti\u00f3 a un robo e hiri\u00f3 de un tiro a uno de los asaltantes"},"content":{"rendered":"<p style=\"text-align: justify;\"><a href=\"http:\/\/www.elsindical.com.ar\/notas\/var\/www\/html\/notas\/wp-content\/uploads\/2010\/08\/Santander-R\u00edo-Adrogu\u00e9.jpg\"><img loading=\"lazy\" decoding=\"async\" class=\"alignleft size-medium wp-image-8741\" title=\"Santander-R\u00edo-Adrogu\u00e9\" src=\"http:\/\/www.elsindical.com.ar\/notas\/var\/www\/html\/notas\/wp-content\/uploads\/2010\/08\/Santander-R\u00edo-Adrogu\u00e9-300x225.jpg\" alt=\"\" width=\"300\" height=\"225\" srcset=\"https:\/\/www.elsindical.com.ar\/notas\/var\/www\/html\/notas\/wp-content\/uploads\/2010\/08\/Santander-R\u00edo-Adrogu\u00e9-300x225.jpg 300w, https:\/\/www.elsindical.com.ar\/notas\/var\/www\/html\/notas\/wp-content\/uploads\/2010\/08\/Santander-R\u00edo-Adrogu\u00e9.jpg 325w\" sizes=\"auto, (max-width: 300px) 100vw, 300px\" \/><\/a>Tres delincuentes intentaron robarle a un hombre que hab\u00eda retirado dinero en la sucursal de Santander R\u00edo de Adrogue. La v\u00edctima es un militar retirado, quien sac\u00f3 su arma e hiri\u00f3 en la pierna a uno de los asaltantes y luego lo detuvieron. Mientras tanto, los otros dos se dieron a la fuga y hasta el momento no pudieron dar con ellos.<\/p>\n<p style=\"text-align: justify;\">Un militar retirado bale\u00f3 hoy a uno de los tres ladrones con los que se tirote\u00f3 al resistirse a una salidera bancaria en la localidad bonaerense de Rafael Calzada, hasta donde lo siguieron desde Adrogu\u00e9 donde hab\u00eda retirado el dinero, informaron fuentes policiales.<\/p>\n<p>El hecho ocurri\u00f3 este mediod\u00eda, en Gorriti y Aguirre, de Rafael Calzada, cuando tres delincuentes armados que se movilizaban en un auto y una moto asaltaron a un hombre que hab\u00eda retirado dinero de un banco Santander R\u00edo, de Adrogu\u00e9.<\/p>\n<p>La v\u00edctima, militar retirado, extrajo su arma y se resisti\u00f3 al asalto, por lo que se produjo un tiroteo en el que el delincuente que se movilizaba en la moto result\u00f3 herido de un balazo en una de sus pierna.<\/p>\n<p>Fuentes policiales se\u00f1alaron que el delincuente, mayor de edad, fue detenido y trasladado a un hospital de la zona para ser atendido de la herida, en tanto que sus c\u00f3mplices huyeron en el auto en el que se movilizaban.<\/p>\n<p>De acuerdo al informe, en poder del delincuente herido se secuestr\u00f3 un arma de fuego.<\/p>\n","protected":false},"excerpt":{"rendered":"<p>Tres delincuentes intentaron robarle a un hombre que hab\u00eda retirado dinero en la sucursal de Santander R\u00edo de Adrogue. La v\u00edctima es un militar retirado, quien sac\u00f3 su arma e hiri\u00f3 en la pierna a uno de los asaltantes y luego lo detuvieron. Mientras tanto, los otros dos se dieron a la fuga y hasta&hellip;<\/p>\n","protected":false},"author":1,"featured_media":0,"comment_status":"open","ping_status":"open","sticky":false,"template":"","format":"standard","meta":{"footnotes":""},"categories":[22],"tags":[4241,411,148,309,4240,4239],"class_list":["post-8740","post","type-post","status-publish","format-standard","hentry","category-policiales","tag-adrogue","tag-banco","tag-herido","tag-militar","tag-salidera-bancaria","tag-santander-rio-adrogue"],"_links":{"self":[{"href":"https:\/\/www.elsindical.com.ar\/notas\/wp-json\/wp\/v2\/posts\/8740","targetHints":{"allow":["GET"]}}],"collection":[{"href":"https:\/\/www.elsindical.com.ar\/notas\/wp-json\/wp\/v2\/posts"}],"about":[{"href":"https:\/\/www.elsindical.com.ar\/notas\/wp-json\/wp\/v2\/types\/post"}],"author":[{"embeddable":true,"href":"https:\/\/www.elsindical.com.ar\/notas\/wp-json\/wp\/v2\/users\/1"}],"replies":[{"embeddable":true,"href":"https:\/\/www.elsindical.com.ar\/notas\/wp-json\/wp\/v2\/comments?post=8740"}],"version-history":[{"count":3,"href":"https:\/\/www.elsindical.com.ar\/notas\/wp-json\/wp\/v2\/posts\/8740\/revisions"}],"predecessor-version":[{"id":8743,"href":"https:\/\/www.elsindical.com.ar\/notas\/wp-json\/wp\/v2\/posts\/8740\/revisions\/8743"}],"wp:attachment":[{"href":"https:\/\/www.elsindical.com.ar\/notas\/wp-json\/wp\/v2\/media?parent=8740"}],"wp:term":[{"taxonomy":"category","embeddable":true,"href":"https:\/\/www.elsindical.com.ar\/notas\/wp-json\/wp\/v2\/categories?post=8740"},{"taxonomy":"post_tag","embeddable":true,"href":"https:\/\/www.elsindical.com.ar\/notas\/wp-json\/wp\/v2\/tags?post=8740"}],"curies":[{"name":"wp","href":"https:\/\/api.w.org\/{rel}","templated":true}]}}