{"id":87330,"date":"2019-05-20T00:58:26","date_gmt":"2019-05-20T03:58:26","guid":{"rendered":"http:\/\/www.elsindical.com.ar\/notas\/?p=87330"},"modified":"2019-05-20T00:58:26","modified_gmt":"2019-05-20T03:58:26","slug":"madonna-polemica-en-eurovision-muestra-bandera-de-palestina-en-israel","status":"publish","type":"post","link":"https:\/\/www.elsindical.com.ar\/notas\/madonna-polemica-en-eurovision-muestra-bandera-de-palestina-en-israel\/","title":{"rendered":"Madonna pol\u00e9mica en Eurovisi\u00f3n: muestra bandera de Palestina en Israel"},"content":{"rendered":"\n<figure class=\"wp-block-image\"><img loading=\"lazy\" decoding=\"async\" width=\"1024\" height=\"683\" src=\"http:\/\/www.elsindical.com.ar\/notas\/var\/www\/html\/notas\/wp-content\/uploads\/2019\/05\/4fgfd19469-1024x683.jpg\" alt=\"\" class=\"wp-image-87331\" srcset=\"https:\/\/www.elsindical.com.ar\/notas\/var\/www\/html\/notas\/wp-content\/uploads\/2019\/05\/4fgfd19469-1024x683.jpg 1024w, https:\/\/www.elsindical.com.ar\/notas\/var\/www\/html\/notas\/wp-content\/uploads\/2019\/05\/4fgfd19469-300x200.jpg 300w, https:\/\/www.elsindical.com.ar\/notas\/var\/www\/html\/notas\/wp-content\/uploads\/2019\/05\/4fgfd19469-768x512.jpg 768w, https:\/\/www.elsindical.com.ar\/notas\/var\/www\/html\/notas\/wp-content\/uploads\/2019\/05\/4fgfd19469-450x300.jpg 450w, https:\/\/www.elsindical.com.ar\/notas\/var\/www\/html\/notas\/wp-content\/uploads\/2019\/05\/4fgfd19469.jpg 1170w\" sizes=\"auto, (max-width: 1024px) 100vw, 1024px\" \/><\/figure>\n\n\n\n<p class=\"wp-block-paragraph\"> Los bailarines de  Madonna salieron con banderas palestinas en la espalda durante su  actuaci\u00f3n en la final de Eurovisi\u00f3n y se desat\u00f3 un conflicto.  <\/p>\n\n\n\n<p class=\"wp-block-paragraph\"><strong>Madonna<\/strong> dio que hablar en su hist\u00f3rica primera actuaci\u00f3n en la gran final del Festival de <strong>Eurovisi\u00f3n<\/strong>, palabras que algunos han le\u00eddo en clave de defensa frente a las cr\u00edticas que le han hecho por realizarse en Israel.<\/p>\n\n\n\n<p class=\"wp-block-paragraph\">Holanda gan\u00f3 el sexag\u00e9simo cuarto Festival de la Canci\u00f3n de  Eurovisi\u00f3n en Israel el domingo, una competencia que no tuvo incidentes  graves pese a los llamados de grupos propalestinos para boicotear el  evento.<\/p>\n\n\n\n<p class=\"wp-block-paragraph\">Concluido el turno de actuaciones a concurso, la diva se ha subido al escenario para dar inicio a un<strong> \u00abshow\u00bb de 9 minutos de duraci\u00f3n<\/strong>  que ha arrancado con la reinterpretaci\u00f3n de su citado cl\u00e1sico, en clave  de coral eclesi\u00e1stica y junto a 30 ac\u00f3litos de su propio culto que,  vestidos con t\u00fanicas, la arropaban en una gran escalinata.<\/p>\n\n\n\n<p class=\"wp-block-paragraph\">Al acabar, varias bailarinas han aparecido con m\u00e1scaras de gas \ncoronadas por flores, mientras sonaba una pieza acelerada de \nTchaikovski, que daba paso a Future, su nuevo single, con ecos \njamaicanos que reflexiona sobre el rumbo de la humanidad. <strong>La tem\u00e1tica apocal\u00edptica y la defensa de los derechos universales siempre est\u00e1n presentes en sus actuaciones.<\/strong><\/p>\n\n\n\n<p class=\"wp-block-paragraph\">Tambi\u00e9n el conflicto de Israel y Palestina. Precisamente su actuaci\u00f3n  de Imagine de John Lennon en la gira The Re-Invention Tour de 2004  contaba con un v\u00eddeo en el que un ni\u00f1o israel\u00ed y uno palestino, se daban  la mano. Aqu\u00ed <strong>han sido dos bailarines que caminaban abrazados con sendas banderas de los pa\u00edses enfrentados.<\/strong><\/p>\n\n\n\n<p class=\"wp-block-paragraph\">\u00abFue un error, no se puede mezclar pol\u00edtica con un evento cultural, \ncon todo el respeto que le debo a Madonna\u00bb, afirm\u00f3 Regev ante el consejo\n de ministros semanal.<\/p>\n\n\n\n<p class=\"wp-block-paragraph\"><strong>Se desconoce si Madonna sab\u00eda que algunos de sus bailarines saldr\u00edan despu\u00e9s a escena con banderas israel\u00edes y palestinas.<\/strong><\/p>\n\n\n\n<ul class=\"wp-block-gallery columns-2 is-cropped wp-block-gallery-1 is-layout-flex wp-block-gallery-is-layout-flex\"><li class=\"blocks-gallery-item\"><figure><img loading=\"lazy\" decoding=\"async\" width=\"1024\" height=\"683\" src=\"http:\/\/www.elsindical.com.ar\/notas\/var\/www\/html\/notas\/wp-content\/uploads\/2019\/05\/419468-1024x683.jpg\" alt=\"\" data-id=\"87332\" data-link=\"http:\/\/www.elsindical.com.ar\/notas\/?attachment_id=87332#main\" class=\"wp-image-87332\" srcset=\"https:\/\/www.elsindical.com.ar\/notas\/var\/www\/html\/notas\/wp-content\/uploads\/2019\/05\/419468-1024x683.jpg 1024w, https:\/\/www.elsindical.com.ar\/notas\/var\/www\/html\/notas\/wp-content\/uploads\/2019\/05\/419468-300x200.jpg 300w, https:\/\/www.elsindical.com.ar\/notas\/var\/www\/html\/notas\/wp-content\/uploads\/2019\/05\/419468-768x512.jpg 768w, https:\/\/www.elsindical.com.ar\/notas\/var\/www\/html\/notas\/wp-content\/uploads\/2019\/05\/419468-450x300.jpg 450w, https:\/\/www.elsindical.com.ar\/notas\/var\/www\/html\/notas\/wp-content\/uploads\/2019\/05\/419468.jpg 1170w\" sizes=\"auto, (max-width: 1024px) 100vw, 1024px\" \/><\/figure><\/li><li class=\"blocks-gallery-item\"><figure><img loading=\"lazy\" decoding=\"async\" width=\"1024\" height=\"683\" src=\"http:\/\/www.elsindical.com.ar\/notas\/var\/www\/html\/notas\/wp-content\/uploads\/2019\/05\/419470-1024x683.jpg\" alt=\"\" data-id=\"87333\" data-link=\"http:\/\/www.elsindical.com.ar\/notas\/?attachment_id=87333#main\" class=\"wp-image-87333\" srcset=\"https:\/\/www.elsindical.com.ar\/notas\/var\/www\/html\/notas\/wp-content\/uploads\/2019\/05\/419470-1024x683.jpg 1024w, https:\/\/www.elsindical.com.ar\/notas\/var\/www\/html\/notas\/wp-content\/uploads\/2019\/05\/419470-300x200.jpg 300w, https:\/\/www.elsindical.com.ar\/notas\/var\/www\/html\/notas\/wp-content\/uploads\/2019\/05\/419470-768x512.jpg 768w, https:\/\/www.elsindical.com.ar\/notas\/var\/www\/html\/notas\/wp-content\/uploads\/2019\/05\/419470-450x300.jpg 450w, https:\/\/www.elsindical.com.ar\/notas\/var\/www\/html\/notas\/wp-content\/uploads\/2019\/05\/419470.jpg 1170w\" sizes=\"auto, (max-width: 1024px) 100vw, 1024px\" \/><\/figure><\/li><li class=\"blocks-gallery-item\"><figure><img loading=\"lazy\" decoding=\"async\" width=\"1024\" height=\"683\" src=\"http:\/\/www.elsindical.com.ar\/notas\/var\/www\/html\/notas\/wp-content\/uploads\/2019\/05\/419467-1024x683.jpg\" alt=\"\" data-id=\"87334\" data-link=\"http:\/\/www.elsindical.com.ar\/notas\/?attachment_id=87334#main\" class=\"wp-image-87334\" srcset=\"https:\/\/www.elsindical.com.ar\/notas\/var\/www\/html\/notas\/wp-content\/uploads\/2019\/05\/419467-1024x683.jpg 1024w, https:\/\/www.elsindical.com.ar\/notas\/var\/www\/html\/notas\/wp-content\/uploads\/2019\/05\/419467-300x200.jpg 300w, https:\/\/www.elsindical.com.ar\/notas\/var\/www\/html\/notas\/wp-content\/uploads\/2019\/05\/419467-768x512.jpg 768w, https:\/\/www.elsindical.com.ar\/notas\/var\/www\/html\/notas\/wp-content\/uploads\/2019\/05\/419467-450x300.jpg 450w, https:\/\/www.elsindical.com.ar\/notas\/var\/www\/html\/notas\/wp-content\/uploads\/2019\/05\/419467.jpg 1170w\" sizes=\"auto, (max-width: 1024px) 100vw, 1024px\" \/><\/figure><\/li><li class=\"blocks-gallery-item\"><figure><img loading=\"lazy\" decoding=\"async\" width=\"1024\" height=\"683\" src=\"http:\/\/www.elsindical.com.ar\/notas\/var\/www\/html\/notas\/wp-content\/uploads\/2019\/05\/419466-1024x683.jpg\" alt=\"\" data-id=\"87335\" data-link=\"http:\/\/www.elsindical.com.ar\/notas\/?attachment_id=87335#main\" class=\"wp-image-87335\" srcset=\"https:\/\/www.elsindical.com.ar\/notas\/var\/www\/html\/notas\/wp-content\/uploads\/2019\/05\/419466-1024x683.jpg 1024w, https:\/\/www.elsindical.com.ar\/notas\/var\/www\/html\/notas\/wp-content\/uploads\/2019\/05\/419466-300x200.jpg 300w, https:\/\/www.elsindical.com.ar\/notas\/var\/www\/html\/notas\/wp-content\/uploads\/2019\/05\/419466-768x512.jpg 768w, https:\/\/www.elsindical.com.ar\/notas\/var\/www\/html\/notas\/wp-content\/uploads\/2019\/05\/419466-450x300.jpg 450w, https:\/\/www.elsindical.com.ar\/notas\/var\/www\/html\/notas\/wp-content\/uploads\/2019\/05\/419466.jpg 1170w\" sizes=\"auto, (max-width: 1024px) 100vw, 1024px\" \/><\/figure><\/li><\/ul>\n","protected":false},"excerpt":{"rendered":"<p>Los bailarines de Madonna salieron con banderas palestinas en la espalda durante su actuaci\u00f3n en la final de Eurovisi\u00f3n y se desat\u00f3 un conflicto. Madonna dio que hablar en su hist\u00f3rica primera actuaci\u00f3n en la gran final del Festival de Eurovisi\u00f3n, palabras que algunos han le\u00eddo en clave de defensa frente a las cr\u00edticas que&hellip;<\/p>\n","protected":false},"author":1,"featured_media":87331,"comment_status":"open","ping_status":"open","sticky":false,"template":"","format":"standard","meta":{"footnotes":""},"categories":[15],"tags":[30934,11508,3533],"class_list":["post-87330","post","type-post","status-publish","format-standard","has-post-thumbnail","hentry","category-espectaculos","tag-eurovision","tag-madonna","tag-palestina"],"_links":{"self":[{"href":"https:\/\/www.elsindical.com.ar\/notas\/wp-json\/wp\/v2\/posts\/87330","targetHints":{"allow":["GET"]}}],"collection":[{"href":"https:\/\/www.elsindical.com.ar\/notas\/wp-json\/wp\/v2\/posts"}],"about":[{"href":"https:\/\/www.elsindical.com.ar\/notas\/wp-json\/wp\/v2\/types\/post"}],"author":[{"embeddable":true,"href":"https:\/\/www.elsindical.com.ar\/notas\/wp-json\/wp\/v2\/users\/1"}],"replies":[{"embeddable":true,"href":"https:\/\/www.elsindical.com.ar\/notas\/wp-json\/wp\/v2\/comments?post=87330"}],"version-history":[{"count":1,"href":"https:\/\/www.elsindical.com.ar\/notas\/wp-json\/wp\/v2\/posts\/87330\/revisions"}],"predecessor-version":[{"id":87336,"href":"https:\/\/www.elsindical.com.ar\/notas\/wp-json\/wp\/v2\/posts\/87330\/revisions\/87336"}],"wp:featuredmedia":[{"embeddable":true,"href":"https:\/\/www.elsindical.com.ar\/notas\/wp-json\/wp\/v2\/media\/87331"}],"wp:attachment":[{"href":"https:\/\/www.elsindical.com.ar\/notas\/wp-json\/wp\/v2\/media?parent=87330"}],"wp:term":[{"taxonomy":"category","embeddable":true,"href":"https:\/\/www.elsindical.com.ar\/notas\/wp-json\/wp\/v2\/categories?post=87330"},{"taxonomy":"post_tag","embeddable":true,"href":"https:\/\/www.elsindical.com.ar\/notas\/wp-json\/wp\/v2\/tags?post=87330"}],"curies":[{"name":"wp","href":"https:\/\/api.w.org\/{rel}","templated":true}]}}