{"id":87293,"date":"2019-05-18T09:00:24","date_gmt":"2019-05-18T12:00:24","guid":{"rendered":"http:\/\/www.elsindical.com.ar\/notas\/?p=87293"},"modified":"2019-05-18T09:02:03","modified_gmt":"2019-05-18T12:02:03","slug":"claypole-detienen-a-policia-acusado-de-matar-a-su-pareja-de-un-balazo-en-la-cabeza","status":"publish","type":"post","link":"https:\/\/www.elsindical.com.ar\/notas\/claypole-detienen-a-policia-acusado-de-matar-a-su-pareja-de-un-balazo-en-la-cabeza\/","title":{"rendered":"Claypole: Detienen a polic\u00eda acusado de matar a su pareja de un balazo en la cabeza"},"content":{"rendered":"\n<figure class=\"wp-block-image\"><img loading=\"lazy\" decoding=\"async\" width=\"576\" height=\"441\" src=\"http:\/\/www.elsindical.com.ar\/notas\/var\/www\/html\/notas\/wp-content\/uploads\/2019\/05\/Melisa-Andrea-Navarro-polic\u00eda-asesinada.jpg\" alt=\"\" class=\"wp-image-87294\" srcset=\"https:\/\/www.elsindical.com.ar\/notas\/var\/www\/html\/notas\/wp-content\/uploads\/2019\/05\/Melisa-Andrea-Navarro-polic\u00eda-asesinada.jpg 576w, https:\/\/www.elsindical.com.ar\/notas\/var\/www\/html\/notas\/wp-content\/uploads\/2019\/05\/Melisa-Andrea-Navarro-polic\u00eda-asesinada-300x230.jpg 300w, https:\/\/www.elsindical.com.ar\/notas\/var\/www\/html\/notas\/wp-content\/uploads\/2019\/05\/Melisa-Andrea-Navarro-polic\u00eda-asesinada-392x300.jpg 392w\" sizes=\"auto, (max-width: 576px) 100vw, 576px\" \/><\/figure>\n\n\n\n<p>Una oficial de polic\u00eda bonaerense fue asesinada de un tiro en el \nrostro frente a su hija de 8 a\u00f1os y por el ataque fue detenida su \npareja, tambi\u00e9n miembro de esa fuerza, en la localidad bonaerense de \nClaypole, informaron hoy fuentes judiciales y policiales.<\/p>\n\n\n\n<p>El hecho, que fue dado a conocer este viernes, ocurri\u00f3 el pasado \nmi\u00e9rcoles en una vivienda situada en Sempere 3770, de esa localidad del \npartido de Almirante Brown, donde la oficial Melisa Andrea Navarro (26) \nviv\u00eda con su hija de 8 a\u00f1os.<\/p>\n\n\n\n<p>Seg\u00fan las fuentes, por motivos que se investigan, la mujer polic\u00eda, \nque se desempe\u00f1aba en un destacamento de Lan\u00fas, mantuvo una acalorada \ndiscusi\u00f3n con su pareja, Dami\u00e1n Rub\u00e9n Ben\u00edtez, un subteniente de la DDI \nde La Matanza.<\/p>\n\n\n\n<p>En esas circunstancias, seg\u00fan los pesquisas, el polic\u00eda extrajo su arma y, en medio de un forcejeo, mat\u00f3 a su pareja.<\/p>\n\n\n\n<p>Por orden de la fiscal de Lomas de Zamora que interviene en la causa,\n Fabiola Juanatey, el polic\u00eda fue detenido acusado de homicidio y al \nmomento del arresto dijo a los investigadores que se le \u00abescap\u00f3\u00bb el \ntiro.<\/p>\n\n\n\n<p>A ra\u00edz del balazo, que le impact\u00f3 en el rostro, la polic\u00eda Navarro muri\u00f3 en el acto, a\u00f1adieron los voceros.<\/p>\n\n\n\n<p>Ni bien fue notificado del hecho, el auditor General de Asuntos \nInternos del Ministerio de Seguridad bonaerense, Guillermo Berra, orden\u00f3\n desafectar a Ben\u00edtez de la fuerza mientras afronta la causa penal por \nhomicidio, informaron fuentes de ese \u00e1rea.<\/p>\n\n\n\n<p>En base a los primeros testimonios obtenidos en la causa, los \ninvestigadores determinaron que Navarro y Ben\u00edtez no viv\u00edan juntos y que\n si bien en un momento planeaban hacerlo, en el \u00faltimo tiempo la \nrelaci\u00f3n se hab\u00eda deteriorado, a\u00f1adieron los informantes.<\/p>\n","protected":false},"excerpt":{"rendered":"<p>Una oficial de polic\u00eda bonaerense fue asesinada de un tiro en el rostro frente a su hija de 8 a\u00f1os y por el ataque fue detenida su pareja, tambi\u00e9n miembro de esa fuerza, en la localidad bonaerense de Claypole, informaron hoy fuentes judiciales y policiales. El hecho, que fue dado a conocer este viernes, ocurri\u00f3&hellip;<\/p>\n","protected":false},"author":1,"featured_media":87294,"comment_status":"open","ping_status":"open","sticky":false,"template":"","format":"standard","meta":{"footnotes":""},"categories":[22],"tags":[18888,30929,9890,30927,30928],"class_list":["post-87293","post","type-post","status-publish","format-standard","has-post-thumbnail","hentry","category-policiales","tag-claypole","tag-damian-rubenbenitez","tag-femicidio","tag-melisa-andrea-navarro","tag-policia-asesinada"],"_links":{"self":[{"href":"https:\/\/www.elsindical.com.ar\/notas\/wp-json\/wp\/v2\/posts\/87293","targetHints":{"allow":["GET"]}}],"collection":[{"href":"https:\/\/www.elsindical.com.ar\/notas\/wp-json\/wp\/v2\/posts"}],"about":[{"href":"https:\/\/www.elsindical.com.ar\/notas\/wp-json\/wp\/v2\/types\/post"}],"author":[{"embeddable":true,"href":"https:\/\/www.elsindical.com.ar\/notas\/wp-json\/wp\/v2\/users\/1"}],"replies":[{"embeddable":true,"href":"https:\/\/www.elsindical.com.ar\/notas\/wp-json\/wp\/v2\/comments?post=87293"}],"version-history":[{"count":2,"href":"https:\/\/www.elsindical.com.ar\/notas\/wp-json\/wp\/v2\/posts\/87293\/revisions"}],"predecessor-version":[{"id":87296,"href":"https:\/\/www.elsindical.com.ar\/notas\/wp-json\/wp\/v2\/posts\/87293\/revisions\/87296"}],"wp:featuredmedia":[{"embeddable":true,"href":"https:\/\/www.elsindical.com.ar\/notas\/wp-json\/wp\/v2\/media\/87294"}],"wp:attachment":[{"href":"https:\/\/www.elsindical.com.ar\/notas\/wp-json\/wp\/v2\/media?parent=87293"}],"wp:term":[{"taxonomy":"category","embeddable":true,"href":"https:\/\/www.elsindical.com.ar\/notas\/wp-json\/wp\/v2\/categories?post=87293"},{"taxonomy":"post_tag","embeddable":true,"href":"https:\/\/www.elsindical.com.ar\/notas\/wp-json\/wp\/v2\/tags?post=87293"}],"curies":[{"name":"wp","href":"https:\/\/api.w.org\/{rel}","templated":true}]}}