{"id":87290,"date":"2019-05-18T08:55:04","date_gmt":"2019-05-18T11:55:04","guid":{"rendered":"http:\/\/www.elsindical.com.ar\/notas\/?p=87290"},"modified":"2019-05-18T08:55:04","modified_gmt":"2019-05-18T11:55:04","slug":"ex-comisario-de-llavallol-a-juicio-oral-por-liderar-una-banda-de-trata-de-personas","status":"publish","type":"post","link":"https:\/\/www.elsindical.com.ar\/notas\/ex-comisario-de-llavallol-a-juicio-oral-por-liderar-una-banda-de-trata-de-personas\/","title":{"rendered":"Ex Comisario de Llavallol a juicio oral por liderar una banda de trata de personas"},"content":{"rendered":"\n<figure class=\"wp-block-image\"><img loading=\"lazy\" decoding=\"async\" width=\"640\" height=\"419\" src=\"http:\/\/www.elsindical.com.ar\/notas\/var\/www\/html\/notas\/wp-content\/uploads\/2019\/05\/allanamiento-comisar\u00eda-de-Llavallol.jpg\" alt=\"\" class=\"wp-image-87291\" srcset=\"https:\/\/www.elsindical.com.ar\/notas\/var\/www\/html\/notas\/wp-content\/uploads\/2019\/05\/allanamiento-comisar\u00eda-de-Llavallol.jpg 640w, https:\/\/www.elsindical.com.ar\/notas\/var\/www\/html\/notas\/wp-content\/uploads\/2019\/05\/allanamiento-comisar\u00eda-de-Llavallol-300x196.jpg 300w, https:\/\/www.elsindical.com.ar\/notas\/var\/www\/html\/notas\/wp-content\/uploads\/2019\/05\/allanamiento-comisar\u00eda-de-Llavallol-458x300.jpg 458w\" sizes=\"auto, (max-width: 640px) 100vw, 640px\" \/><\/figure>\n\n\n\n<p>La Fiscal\u00eda Federal 2 de Lomas de Zamora, a cargo de Cecilia  Incardona, y la Procuradur\u00eda de Trata y Explotaci\u00f3n de Personas  (Protex), que encabezan Marcelo Colombo y Alejandra M\u00e1ngano, solicitaron  la elevaci\u00f3n a juicio del ex Comisario de Llavallol, H\u00e9ctor Mario  Coquean, a quien consideran responsable de haber puesto en  funcionamiento un sistema prostibulario en la Ruta 4, con el objetivo de  explotar sexualmente a mujeres cis, transexuales y travestis. El  imputado estuvo pr\u00f3fugo desde mayo de 2017, hasta que se present\u00f3 ante  la justicia en septiembre del a\u00f1o pasado. Otros siete polic\u00edas tambi\u00e9n  estar\u00e1n sentados en el banquillo de los acusados.<\/p>\n\n\n\n<p>Para los representantes del Ministerio P\u00fablico Fiscal, conforme a las\n conductas que se le endilgan, el hombre deber\u00e1 responder en el debate \noral como coautor del delito de trata de personas, en sus modalidades de\n recepci\u00f3n y acogimiento con fines de explotaci\u00f3n, m\u00faltiplemente \nagravado: por la situaci\u00f3n de vulnerabilidad y cantidad de v\u00edctimas -m\u00e1s\n de tres-, la participaci\u00f3n de m\u00e1s de tres personas, por ser cometido \npor un funcionario policial y por haberse consumado la explotaci\u00f3n.<\/p>\n\n\n\n<p>Seg\u00fan inform\u00f3 el portal Fiscales.Gob, los hechos imputados a Coquean \nhabr\u00edan ocurrido al menos desde febrero de 2015 -momento en que se \ninicia la investigaci\u00f3n- hasta marzo de 2016, fecha en que ces\u00f3 en sus \nfunciones a cargo de la Comisar\u00eda 4\u00b0 de Lomas de Zamora. Sin embargo, \nexisten elementos para inferir que el sistema implementado funcion\u00f3 con \nlos comisarios que lo sucedieron hasta mayo de 2017.<\/p>\n\n\n\n<p>De acuerdo a la investigaci\u00f3n, Coquean, con la ayuda de otros agentes\n de esa misma dependencia, habr\u00eda dispuesto de la ubicaci\u00f3n de mujeres \ncis y transexuales que ejerc\u00edan la prostituci\u00f3n a lo largo de la Ruta \nProvincial N\u00b04 -Camino de Cintura-, en el conurbano de la provincia de \nBuenos Aires; es decir, en la zona de influencia de la Comisar\u00eda a su \ncargo. En esa l\u00ednea, se estima que ordenaba, controlaba y se beneficiaba\n econ\u00f3micamente de la actividad que ten\u00eda como fin la explotaci\u00f3n de, al\n menos, 19 mujeres en extrema situaci\u00f3n de vulnerabilidad, \naprovech\u00e1ndose de la impunidad que tanto \u00e9l como los otros imputados \ncre\u00edan que derivaba de sus cargos. Las v\u00edctimas deb\u00edan abonarles un \ncanon diario, independientemente de si asist\u00edan o no al lugar, que iba \ndesde 250 a 400 pesos. En el marco de ese sistema, sometieron a las \nv\u00edctimas a un extremo control.<\/p>\n\n\n\n<p>Para el MPF, esa actividad continu\u00f3 con las mismas caracter\u00edsticas a \nlo largo de las tres gestiones de la comisar\u00eda investigada y cont\u00f3 con \nla colaboraci\u00f3n necesaria, entre otros, de los respectivos jefes de \ngabinete de prevenci\u00f3n, tambi\u00e9n llamados \u201cjefes de calle\u201d. Para los \nfiscales, a lo largo de la investigaci\u00f3n qued\u00f3 demostrado que tanto \nCoquean, al igual que otros 16 polic\u00edas, se beneficiaron econ\u00f3micamente \nde la explotaci\u00f3n sexual de las v\u00edctimas haciendo cada uno un \u201caporte \nesencial\u201d para el desarrollo del delito de trata de personas.<\/p>\n\n\n\n<p>\u201cEn lo que respecta a la autor\u00eda de Coquean en los hechos descriptos,\n la prueba recolectada resulta contundente. A nuestro criterio \u00e9l \norganiz\u00f3 la actividad de regenteo y explotaci\u00f3n de las mujeres \nvali\u00e9ndose de su condici\u00f3n de jefe de la comisar\u00eda zonal y delegando la \ntarea de mayor exposici\u00f3n en el personal a su cargo\u201d, aseguraron los \nfiscales en su dictamen.<\/p>\n\n\n\n<p>\u201cEl hecho de que todas las personas en situaci\u00f3n de prostituci\u00f3n se \nencontraban ubicadas en \u2018paradas\u2019 sitas en las veredas correspondientes a\n la Comisar\u00eda de Lavallol y ninguna lo hac\u00eda en la vereda de&nbsp; enfrente \ncorrespondiente a la jurisdicci\u00f3n de la Comisar\u00eda de Luis Guill\u00f3n, \ntambi\u00e9n demuestra que la actividad era manejada exclusivamente por las \nautoridades de la comisar\u00eda de Lavallol, Lomas de Zamora 4\u00b0 y, en \nparticular, por Coquean, ya que ten\u00eda el absoluto control del \nterritorio. Esto descarta, a su vez, la posibilidad de entender que su \nconducta s\u00f3lo constituyera un \u2018arreglo\u2019, en el sentido de que se entrega\n dinero a un polic\u00eda a cambio de que \u00e9ste permita la concreci\u00f3n de \ndeterminada actividad\u201d, a\u00f1adieron los representantes del MPF.<\/p>\n\n\n\n<p><strong>Otras imputaciones y embargos<\/strong><\/p>\n\n\n\n<p>Por esta misma causa, hay otros dos comisarios, dos \u201cjefes de calle\u201d y\n personal subalterno procesados &nbsp;con prisi\u00f3n preventiva y elevados a \njuicio en 2018, en orden al mismo delito que se le atribuye a Coquean. A\n todos ellos, adem\u00e1s, se les trab\u00f3 un embargo hasta alcanzar 2 millones \nde pesos.<\/p>\n\n\n\n<p>Por otro lado, otro de ellos fue procesado por el delito de tenencia \nde arma de fuego de uso civil y armas de guerra sin la debida \nautorizaci\u00f3n. Sin embargo, la Fiscal\u00eda apel\u00f3 esta medida ya que lo \nconsideran coautor del mismo delito que los otros imputados y su \nresoluci\u00f3n est\u00e1 pendiente en la C\u00e1mara Federal de Apelaciones de La \nPlata.<\/p>\n\n\n\n<p>Tambi\u00e9n est\u00e1n detenidas, procesadas y elevadas a juicio otras seis \npersonas que no eran funcionarios policiales, acusadas del mismo delito \nen la modalidad de captaci\u00f3n y traslado.<\/p>\n\n\n\n<p><strong>Situaci\u00f3n de vulnerabilidad<\/strong><\/p>\n\n\n\n<p>Las v\u00edctimas tienen entre 18 y 50 a\u00f1os. Cinco son peruanas, seis \nparaguayas y el resto argentinas. Once&nbsp; se identificaron como mujeres \ncisg\u00e9nero y el resto como mujeres trans. Algunas de ellas refirieron que\n hab\u00edan comenzado a ser explotadas sexualmente antes de alcanzar la \nmayor\u00eda de edad. Todas expresaron tener miedo a posibles represalias.<\/p>\n\n\n\n<p>En la investigaci\u00f3n se verific\u00f3, en todos los casos, un abuso de la \nsituaci\u00f3n de vulnerabilidad de las v\u00edctimas, derivada de su necesidad \necon\u00f3mica apremiante.<\/p>\n\n\n\n<p>Las profesionales del Programa de Rescate del Ministerio de Justicia y\n Derechos Humanos de la Naci\u00f3n resaltaron distintos factores que \nagravaron la situaci\u00f3n de vulnerabilidad de las mujeres trans: a \nexcepci\u00f3n de una, todas eran procedentes de otros pa\u00edses y, debido a las\n condiciones socio-econ\u00f3micas desfavorables de sus ciudades de origen, \nse habr\u00edan visto en la necesidad de migrar con la expectativa de mejorar\n sus condiciones de vida.<\/p>\n\n\n\n<p>Adem\u00e1s, pusieron en contexto las particulares situaciones que sufre \nla poblaci\u00f3n trans por los procesos de estigmatizaci\u00f3n y criminalizaci\u00f3n\n e hicieron hincapi\u00e9 en sus historias de vida, usualmente signadas por \ndiferentes y sistem\u00e1ticas situaciones de violencia iniciadas en sus \nn\u00facleos familiares, que suelen ser expulsivos. Por eso es que la \nsituaci\u00f3n es ocultada a sus familiares y redes socio-afectivas cercanas,\n lo que las ubica en una situaci\u00f3n de mayor fragilidad en caso de \nnecesitar ayuda. En esa l\u00ednea, las profesionales rese\u00f1aron que las \nv\u00edctimas dieron cuenta de las dificultades para ingresar al mercado \nlaboral formal. Algunas explicaron que fueron discriminadas en el \nper\u00edodo que iniciaron su transici\u00f3n y que, a pesar de buscar diferentes \ntrabajos, no pudieron acceder a ninguno.<\/p>\n\n\n\n<p>Adem\u00e1s, destacaron que la mayor\u00eda no pudo finalizar su educaci\u00f3n \nb\u00e1sica formal, en tanto que quienes tienen hijos son las \u00fanicas personas\n responsables de su manutenci\u00f3n y crianza.<\/p>\n\n\n\n<p><strong>Violencia verbal y f\u00edsica<\/strong><\/p>\n\n\n\n<p>Del requerimiento del MPF surge que las damnificadas&nbsp;no ten\u00edan \nposibilidad de negarse a pagar el \u201ccanon\u201d ya que, si se opon\u00edan, un \nhombre que se hac\u00eda llamar \u201cJuan\u201d las amenazaba con sacarlas de la \n\u201cparada\u201d a trav\u00e9s del uso de violencia verbal&nbsp; y, en algunos casos, \nf\u00edsica. Adem\u00e1s, mencionaron que portaba un arma y era una persona muy \nintimidante y amenazante.<\/p>\n\n\n\n<p>Para los fiscales, \u201cno existe duda alguna de que las v\u00edctimas \nconsideraban que carec\u00edan de otra opci\u00f3n y esa vulnerabilidad fue \naprovechada por los imputados para hacer efectiva su explotaci\u00f3n \nsexual\u201d.<\/p>\n\n\n\n<p><strong>Esquema del sistema de captaci\u00f3n y explotaci\u00f3n<\/strong><\/p>\n\n\n\n<p>La forma en que las v\u00edctimas culminaron en esta situaci\u00f3n de \nexplotaci\u00f3n es variada. Algunas fueron reclutadas espec\u00edficamente para \nser explotadas en la prostituci\u00f3n callejera; otras ya estaban en locales\n privados, y luego de su cierre en funci\u00f3n de intervenciones judiciales,\n fueron trasladadas a Camino de Cintura para que continuaran la \nactividad en la v\u00eda p\u00fablica.<\/p>\n\n\n\n<p>La oferta sexual ten\u00eda lugar durante pr\u00e1cticamente las 24 horas del \nd\u00eda, con la mayor cantidad de personas en la tarde-noche. Incluso con \nmenores de edad, usualmente entre las 19 y las 2 am. Esta situaci\u00f3n, \nseg\u00fan consta en el dictamen de los fiscales, no resultaba desconocida \ntampoco para las agencias judiciales de esa circunscripci\u00f3n en la que se\n tramitaron causas vinculadas a los episodios vinculados.<\/p>\n","protected":false},"excerpt":{"rendered":"<p>La Fiscal\u00eda Federal 2 de Lomas de Zamora, a cargo de Cecilia Incardona, y la Procuradur\u00eda de Trata y Explotaci\u00f3n de Personas (Protex), que encabezan Marcelo Colombo y Alejandra M\u00e1ngano, solicitaron la elevaci\u00f3n a juicio del ex Comisario de Llavallol, H\u00e9ctor Mario Coquean, a quien consideran responsable de haber puesto en funcionamiento un sistema prostibulario&hellip;<\/p>\n","protected":false},"author":1,"featured_media":87291,"comment_status":"open","ping_status":"open","sticky":false,"template":"","format":"standard","meta":{"footnotes":""},"categories":[20],"tags":[30926,15072,16586,21017,20120],"class_list":["post-87290","post","type-post","status-publish","format-standard","has-post-thumbnail","hentry","category-judiciales","tag-comisario-hector-mario-coquean","tag-fiscal-marcelo-colombo","tag-fiscalia-federal-2","tag-llavallol","tag-protex"],"_links":{"self":[{"href":"https:\/\/www.elsindical.com.ar\/notas\/wp-json\/wp\/v2\/posts\/87290","targetHints":{"allow":["GET"]}}],"collection":[{"href":"https:\/\/www.elsindical.com.ar\/notas\/wp-json\/wp\/v2\/posts"}],"about":[{"href":"https:\/\/www.elsindical.com.ar\/notas\/wp-json\/wp\/v2\/types\/post"}],"author":[{"embeddable":true,"href":"https:\/\/www.elsindical.com.ar\/notas\/wp-json\/wp\/v2\/users\/1"}],"replies":[{"embeddable":true,"href":"https:\/\/www.elsindical.com.ar\/notas\/wp-json\/wp\/v2\/comments?post=87290"}],"version-history":[{"count":1,"href":"https:\/\/www.elsindical.com.ar\/notas\/wp-json\/wp\/v2\/posts\/87290\/revisions"}],"predecessor-version":[{"id":87292,"href":"https:\/\/www.elsindical.com.ar\/notas\/wp-json\/wp\/v2\/posts\/87290\/revisions\/87292"}],"wp:featuredmedia":[{"embeddable":true,"href":"https:\/\/www.elsindical.com.ar\/notas\/wp-json\/wp\/v2\/media\/87291"}],"wp:attachment":[{"href":"https:\/\/www.elsindical.com.ar\/notas\/wp-json\/wp\/v2\/media?parent=87290"}],"wp:term":[{"taxonomy":"category","embeddable":true,"href":"https:\/\/www.elsindical.com.ar\/notas\/wp-json\/wp\/v2\/categories?post=87290"},{"taxonomy":"post_tag","embeddable":true,"href":"https:\/\/www.elsindical.com.ar\/notas\/wp-json\/wp\/v2\/tags?post=87290"}],"curies":[{"name":"wp","href":"https:\/\/api.w.org\/{rel}","templated":true}]}}