{"id":8723,"date":"2010-08-19T14:46:15","date_gmt":"2010-08-19T17:46:15","guid":{"rendered":"http:\/\/www.elsindical.com.ar\/notas\/?p=8723"},"modified":"2010-08-19T14:46:15","modified_gmt":"2010-08-19T17:46:15","slug":"robo-del-siglo-cerebro-del-golpe-estara-21-anos-y-medio-preso","status":"publish","type":"post","link":"https:\/\/www.elsindical.com.ar\/notas\/robo-del-siglo-cerebro-del-golpe-estara-21-anos-y-medio-preso\/","title":{"rendered":"Robo del Siglo: cerebro del golpe estar\u00e1 21 a\u00f1os y medio preso"},"content":{"rendered":"<p style=\"text-align: justify;\"><em><a href=\"http:\/\/www.elsindical.com.ar\/notas\/var\/www\/html\/notas\/wp-content\/uploads\/2010\/08\/Mario-El-Uruguayo-Vitette-S.jpg\"><img loading=\"lazy\" decoding=\"async\" class=\"alignleft size-medium wp-image-8724\" title=\"Mario-El-Uruguayo-Vitette-S\" src=\"http:\/\/www.elsindical.com.ar\/notas\/var\/www\/html\/notas\/wp-content\/uploads\/2010\/08\/Mario-El-Uruguayo-Vitette-S-300x179.jpg\" alt=\"\" width=\"300\" height=\"179\" srcset=\"https:\/\/www.elsindical.com.ar\/notas\/var\/www\/html\/notas\/wp-content\/uploads\/2010\/08\/Mario-El-Uruguayo-Vitette-S-300x179.jpg 300w, https:\/\/www.elsindical.com.ar\/notas\/var\/www\/html\/notas\/wp-content\/uploads\/2010\/08\/Mario-El-Uruguayo-Vitette-S.jpg 325w\" sizes=\"auto, (max-width: 300px) 100vw, 300px\" \/><\/a>Mario \u00abEl Uruguayo\u00bb Vitette Sellanes reconoci\u00f3 en un juicio abreviado ser el \u00abHombre de Traje Gris\u00bb y pact\u00f3 una condena unificada por el hurto a la entidad de Acassuso, ocurrido el 2006.<\/em><\/p>\n<p style=\"text-align: justify;\">Mario \u00abEl Uruguayo\u00bb Vitette Sellanes reconoci\u00f3 en un juicio abreviado ser el \u00abHombre de Traje Gris\u00bb que lider\u00f3 el denomimado \u00abRobo del Siglo\u00bb al Banco R\u00edo de Acassuso, y pact\u00f3 una condena unificada de 21 a\u00f1os y seis meses de c\u00e1rcel, informaron fuentes judiciales.<\/p>\n<p>El acuerdo se dio en el Tribunal Oral en lo Criminal 6 de San Isidro entre el propio imputado y los fiscales de San Isidro Marcelo Vaiani y Gast\u00f3n Garbus, quienes por el robo al banco cometido en 2006 le dieron 14 a\u00f1os, pero al unific\u00e1rseles dos condenas previas, la pena qued\u00f3 en 21 a\u00f1os y seis meses.<\/p>\n","protected":false},"excerpt":{"rendered":"<p>Mario \u00abEl Uruguayo\u00bb Vitette Sellanes reconoci\u00f3 en un juicio abreviado ser el \u00abHombre de Traje Gris\u00bb y pact\u00f3 una condena unificada por el hurto a la entidad de Acassuso, ocurrido el 2006. Mario \u00abEl Uruguayo\u00bb Vitette Sellanes reconoci\u00f3 en un juicio abreviado ser el \u00abHombre de Traje Gris\u00bb que lider\u00f3 el denomimado \u00abRobo del Siglo\u00bb&hellip;<\/p>\n","protected":false},"author":1,"featured_media":0,"comment_status":"open","ping_status":"open","sticky":false,"template":"","format":"standard","meta":{"footnotes":""},"categories":[20],"tags":[4234,224,41,4233,3045,116],"class_list":["post-8723","post","type-post","status-publish","format-standard","hentry","category-judiciales","tag-banco-rio","tag-condena","tag-justicia","tag-mario-vitette-sellanes","tag-pena","tag-robo"],"_links":{"self":[{"href":"https:\/\/www.elsindical.com.ar\/notas\/wp-json\/wp\/v2\/posts\/8723","targetHints":{"allow":["GET"]}}],"collection":[{"href":"https:\/\/www.elsindical.com.ar\/notas\/wp-json\/wp\/v2\/posts"}],"about":[{"href":"https:\/\/www.elsindical.com.ar\/notas\/wp-json\/wp\/v2\/types\/post"}],"author":[{"embeddable":true,"href":"https:\/\/www.elsindical.com.ar\/notas\/wp-json\/wp\/v2\/users\/1"}],"replies":[{"embeddable":true,"href":"https:\/\/www.elsindical.com.ar\/notas\/wp-json\/wp\/v2\/comments?post=8723"}],"version-history":[{"count":1,"href":"https:\/\/www.elsindical.com.ar\/notas\/wp-json\/wp\/v2\/posts\/8723\/revisions"}],"predecessor-version":[{"id":8725,"href":"https:\/\/www.elsindical.com.ar\/notas\/wp-json\/wp\/v2\/posts\/8723\/revisions\/8725"}],"wp:attachment":[{"href":"https:\/\/www.elsindical.com.ar\/notas\/wp-json\/wp\/v2\/media?parent=8723"}],"wp:term":[{"taxonomy":"category","embeddable":true,"href":"https:\/\/www.elsindical.com.ar\/notas\/wp-json\/wp\/v2\/categories?post=8723"},{"taxonomy":"post_tag","embeddable":true,"href":"https:\/\/www.elsindical.com.ar\/notas\/wp-json\/wp\/v2\/tags?post=8723"}],"curies":[{"name":"wp","href":"https:\/\/api.w.org\/{rel}","templated":true}]}}