{"id":87222,"date":"2019-05-16T09:27:24","date_gmt":"2019-05-16T12:27:24","guid":{"rendered":"http:\/\/www.elsindical.com.ar\/notas\/?p=87222"},"modified":"2019-05-16T09:27:24","modified_gmt":"2019-05-16T12:27:24","slug":"masiva-movilizacion-de-estatales-bonaerenses-por-reapertura-de-paritarias","status":"publish","type":"post","link":"https:\/\/www.elsindical.com.ar\/notas\/masiva-movilizacion-de-estatales-bonaerenses-por-reapertura-de-paritarias\/","title":{"rendered":"Masiva movilizaci\u00f3n de estatales bonaerenses por reapertura de paritarias"},"content":{"rendered":"\n<figure class=\"wp-block-image\"><img loading=\"lazy\" decoding=\"async\" width=\"600\" height=\"400\" src=\"http:\/\/www.elsindical.com.ar\/notas\/var\/www\/html\/notas\/wp-content\/uploads\/2019\/05\/marcha-estatales-en-CABA.jpg\" alt=\"\" class=\"wp-image-87223\" srcset=\"https:\/\/www.elsindical.com.ar\/notas\/var\/www\/html\/notas\/wp-content\/uploads\/2019\/05\/marcha-estatales-en-CABA.jpg 600w, https:\/\/www.elsindical.com.ar\/notas\/var\/www\/html\/notas\/wp-content\/uploads\/2019\/05\/marcha-estatales-en-CABA-300x200.jpg 300w, https:\/\/www.elsindical.com.ar\/notas\/var\/www\/html\/notas\/wp-content\/uploads\/2019\/05\/marcha-estatales-en-CABA-450x300.jpg 450w\" sizes=\"auto, (max-width: 600px) 100vw, 600px\" \/><\/figure>\n\n\n\n<p>ATE junto a Judiciales y CICOP  movilizaron por las calles porte\u00f1as hacia la Casa de la Provincia para  exigirle a la gobernadora Mar\u00eda Eugenia Vidal que reabra las paritarias y  deje de \u201cdiscriminarlos\u201d ya que a\u00fan no convoc\u00f3 a los gremios pero s\u00ed  cerr\u00f3 un acuerdo salarial con docentes. <\/p>\n\n\n\n<p>\u201cRealizamos un paro de 24hs a nivel  nacional y en la provincia de Buenos Aires tambi\u00e9n paramos con los otros  gremios, Judiciales y CICOP, para pedir que de una vez por todas  reabran la discusi\u00f3n salarial que venimos peleando hace un tiempo y no  tenemos respuesta\u201d, asever\u00f3 el secretario general de ATE Lan\u00fas, Marcelo  Pignataro.<\/p>\n\n\n\n<p>Apunt\u00f3 que la propuesta de los \ngremios es que \u201cse abra una mesa de negociaci\u00f3n y discusi\u00f3n salarial\u201d al\n advertir que el Gobierno \u201ctiene cerrada la paritaria con gremios \namarillos con aumentos muy alejados de la realidad y que generaron la \np\u00e9rdida del poder adquisitivo de los trabajadores estatales\u201d.<\/p>\n\n\n\n<p>\u201cNosotros ya venimos perdiendo poder \nadquisitivo desde el 2018 cuando el aumento promedio fue del 32 por \nciento y la inflaci\u00f3n lleg\u00f3 a 47. Pedimos 15 puntos y no lo reconocen. \nAhora, este a\u00f1o firmaron un aumento del 15%, creo que ni el m\u00e1s cr\u00e9dulo y\n firme admirador de Cambiemos pod\u00eda imaginar que la inflaci\u00f3n iba a ser \ninferior al 50%\u201d, arremeti\u00f3 Pignataro.<\/p>\n\n\n\n<p>El reclamo de los gremios, adem\u00e1s, es\n impulsado ante la situaci\u00f3n de que Provincia tuvo la voluntad pol\u00edtica \nde cerrar la paritaria docente con una mejora salarial actualizada por \ncl\u00e1usula gatillo y un recupero de lo perdido el a\u00f1o pasado. <\/p>\n\n\n\n<p>\u201cIndependientemente de los docentes \nque aceptaron por asamblea la propuesta, los docentes tuvieron la \nrecomposici\u00f3n salarial de lo perdido el a\u00f1o pasado m\u00e1s un aumento \nsuperior y con posibilidad de reabrir la discusi\u00f3n y a los dem\u00e1s \ngremios, no\u201d, arremeti\u00f3.<\/p>\n\n\n\n<p>Y asever\u00f3:\u201dNos sentimos despojados de nuestros salarios sino que tambi\u00e9n discriminados como trabajadores del Estado\u201d.<\/p>\n\n\n\n<p>Ante la falta de respuesta de Vidal, ATE junto a otros gremios evaluar\u00e1n profundizar la lucha y las medidas de fuerza.<\/p>\n","protected":false},"excerpt":{"rendered":"<p>ATE junto a Judiciales y CICOP movilizaron por las calles porte\u00f1as hacia la Casa de la Provincia para exigirle a la gobernadora Mar\u00eda Eugenia Vidal que reabra las paritarias y deje de \u201cdiscriminarlos\u201d ya que a\u00fan no convoc\u00f3 a los gremios pero s\u00ed cerr\u00f3 un acuerdo salarial con docentes. \u201cRealizamos un paro de 24hs a&hellip;<\/p>\n","protected":false},"author":1,"featured_media":87223,"comment_status":"open","ping_status":"open","sticky":false,"template":"","format":"standard","meta":{"footnotes":""},"categories":[16],"tags":[291,2107],"class_list":["post-87222","post","type-post","status-publish","format-standard","has-post-thumbnail","hentry","category-gremiales","tag-cicop","tag-paritarias"],"_links":{"self":[{"href":"https:\/\/www.elsindical.com.ar\/notas\/wp-json\/wp\/v2\/posts\/87222","targetHints":{"allow":["GET"]}}],"collection":[{"href":"https:\/\/www.elsindical.com.ar\/notas\/wp-json\/wp\/v2\/posts"}],"about":[{"href":"https:\/\/www.elsindical.com.ar\/notas\/wp-json\/wp\/v2\/types\/post"}],"author":[{"embeddable":true,"href":"https:\/\/www.elsindical.com.ar\/notas\/wp-json\/wp\/v2\/users\/1"}],"replies":[{"embeddable":true,"href":"https:\/\/www.elsindical.com.ar\/notas\/wp-json\/wp\/v2\/comments?post=87222"}],"version-history":[{"count":1,"href":"https:\/\/www.elsindical.com.ar\/notas\/wp-json\/wp\/v2\/posts\/87222\/revisions"}],"predecessor-version":[{"id":87224,"href":"https:\/\/www.elsindical.com.ar\/notas\/wp-json\/wp\/v2\/posts\/87222\/revisions\/87224"}],"wp:featuredmedia":[{"embeddable":true,"href":"https:\/\/www.elsindical.com.ar\/notas\/wp-json\/wp\/v2\/media\/87223"}],"wp:attachment":[{"href":"https:\/\/www.elsindical.com.ar\/notas\/wp-json\/wp\/v2\/media?parent=87222"}],"wp:term":[{"taxonomy":"category","embeddable":true,"href":"https:\/\/www.elsindical.com.ar\/notas\/wp-json\/wp\/v2\/categories?post=87222"},{"taxonomy":"post_tag","embeddable":true,"href":"https:\/\/www.elsindical.com.ar\/notas\/wp-json\/wp\/v2\/tags?post=87222"}],"curies":[{"name":"wp","href":"https:\/\/api.w.org\/{rel}","templated":true}]}}