{"id":87219,"date":"2019-05-16T09:22:36","date_gmt":"2019-05-16T12:22:36","guid":{"rendered":"http:\/\/www.elsindical.com.ar\/notas\/?p=87219"},"modified":"2019-05-16T09:22:36","modified_gmt":"2019-05-16T12:22:36","slug":"anmat-prohibio-la-venta-de-unos-confites-de-chocolate-y-un-oregano-deshidratado","status":"publish","type":"post","link":"https:\/\/www.elsindical.com.ar\/notas\/anmat-prohibio-la-venta-de-unos-confites-de-chocolate-y-un-oregano-deshidratado\/","title":{"rendered":"ANMAT prohibi\u00f3 la venta de unos confites de chocolate y un or\u00e9gano deshidratado"},"content":{"rendered":"\n<figure class=\"wp-block-image\"><img loading=\"lazy\" decoding=\"async\" width=\"1024\" height=\"630\" src=\"http:\/\/www.elsindical.com.ar\/notas\/var\/www\/html\/notas\/wp-content\/uploads\/2019\/05\/confites-1024x630.jpg\" alt=\"\" class=\"wp-image-87220\" srcset=\"https:\/\/www.elsindical.com.ar\/notas\/var\/www\/html\/notas\/wp-content\/uploads\/2019\/05\/confites-1024x630.jpg 1024w, https:\/\/www.elsindical.com.ar\/notas\/var\/www\/html\/notas\/wp-content\/uploads\/2019\/05\/confites-300x185.jpg 300w, https:\/\/www.elsindical.com.ar\/notas\/var\/www\/html\/notas\/wp-content\/uploads\/2019\/05\/confites-768x473.jpg 768w, https:\/\/www.elsindical.com.ar\/notas\/var\/www\/html\/notas\/wp-content\/uploads\/2019\/05\/confites-487x300.jpg 487w, https:\/\/www.elsindical.com.ar\/notas\/var\/www\/html\/notas\/wp-content\/uploads\/2019\/05\/confites.jpg 1142w\" sizes=\"auto, (max-width: 1024px) 100vw, 1024px\" \/><\/figure>\n\n\n\n<p> El organismo prohibi\u00f3,  en todo el territorio nacional, la comercializaci\u00f3n de estos productos  por incumplir normas. Conoc\u00e9 de cu\u00e1les se trata en la nota. <\/p>\n\n\n\n<p>La <strong>Administraci\u00f3n Nacional de Medicamentos, Alimentos y Tecnolog\u00eda M\u00e9dica (ANMAT)<\/strong> prohibi\u00f3, en todo el territorio nacional, <strong>la comercializaci\u00f3n de una marca de pastillas de chocolate confitado y un or\u00e9gano deshidratado.<\/strong><\/p>\n\n\n\n<p>Seg\u00fan inform\u00f3 el organismo, el producto \u00ab<strong>Pastillas de chocolate confitadas coloridas y aromatizadas artificialmente, libre de gluten, marca DISQUETI\u00bb<\/strong>, no cumpl\u00edan con la normativa vigente. \u00ab<strong>Por\n carecer de autorizaci\u00f3n de producto y consignar la leyenda libre de \ngluten sin estar autorizado como tal, resultar\u00eda por tanto ilegal\u00bb<\/strong>, se explic\u00f3.<\/p>\n\n\n\n<p>Adem\u00e1s, se decidi\u00f3 iniciar un sumario a la sociedad propietaria del \nlocal donde se comercializaba el producto, por infringir una serie de \nnormas sanitarias.<\/p>\n\n\n\n<p>En cuanto al <strong>or\u00e9gano deshidratado, marca \u00abCarrefour selecci\u00f3n<\/strong>\u00ab,\n perteneciente al lote n\u00famero 180713, con vencimiento julio de 2020, la \nAdministraci\u00f3n estableci\u00f3 que la muestra analizada no cumpl\u00eda \u00abcon el \nart\u00edculo 1226 del C\u00f3digo Alimentario Argentino\u00bb.<\/p>\n\n\n\n<p>La Anmat explic\u00f3 que el producto presenta <strong>\u00abm\u00e1s del 25% \n(veinticinco por ciento) de salvado de trigo coloreado, m\u00e1s del 3% (tres\n por ciento) de hojas que no se corresponden con or\u00e9gano ni con salvado \nde trigo, como as\u00ed tambi\u00e9n elementos histol\u00f3gicos de or\u00e9gano, trigo y \nperejil\u00bb<\/strong><\/p>\n\n\n\n<p>No obstante, aclar\u00f3 que el producto retirado<strong> \u00abpresenta una baja probabilidad de consecuencias adversas para la salud de los consumidores\u00bb<\/strong>.<\/p>\n","protected":false},"excerpt":{"rendered":"<p>El organismo prohibi\u00f3, en todo el territorio nacional, la comercializaci\u00f3n de estos productos por incumplir normas. Conoc\u00e9 de cu\u00e1les se trata en la nota. La Administraci\u00f3n Nacional de Medicamentos, Alimentos y Tecnolog\u00eda M\u00e9dica (ANMAT) prohibi\u00f3, en todo el territorio nacional, la comercializaci\u00f3n de una marca de pastillas de chocolate confitado y un or\u00e9gano deshidratado. Seg\u00fan&hellip;<\/p>\n","protected":false},"author":1,"featured_media":87220,"comment_status":"open","ping_status":"open","sticky":false,"template":"","format":"standard","meta":{"footnotes":""},"categories":[23],"tags":[1394,30912,30913,22031],"class_list":["post-87219","post","type-post","status-publish","format-standard","has-post-thumbnail","hentry","category-salud","tag-anmat","tag-dosqueti","tag-oregano-carrefour","tag-salud"],"_links":{"self":[{"href":"https:\/\/www.elsindical.com.ar\/notas\/wp-json\/wp\/v2\/posts\/87219","targetHints":{"allow":["GET"]}}],"collection":[{"href":"https:\/\/www.elsindical.com.ar\/notas\/wp-json\/wp\/v2\/posts"}],"about":[{"href":"https:\/\/www.elsindical.com.ar\/notas\/wp-json\/wp\/v2\/types\/post"}],"author":[{"embeddable":true,"href":"https:\/\/www.elsindical.com.ar\/notas\/wp-json\/wp\/v2\/users\/1"}],"replies":[{"embeddable":true,"href":"https:\/\/www.elsindical.com.ar\/notas\/wp-json\/wp\/v2\/comments?post=87219"}],"version-history":[{"count":1,"href":"https:\/\/www.elsindical.com.ar\/notas\/wp-json\/wp\/v2\/posts\/87219\/revisions"}],"predecessor-version":[{"id":87221,"href":"https:\/\/www.elsindical.com.ar\/notas\/wp-json\/wp\/v2\/posts\/87219\/revisions\/87221"}],"wp:featuredmedia":[{"embeddable":true,"href":"https:\/\/www.elsindical.com.ar\/notas\/wp-json\/wp\/v2\/media\/87220"}],"wp:attachment":[{"href":"https:\/\/www.elsindical.com.ar\/notas\/wp-json\/wp\/v2\/media?parent=87219"}],"wp:term":[{"taxonomy":"category","embeddable":true,"href":"https:\/\/www.elsindical.com.ar\/notas\/wp-json\/wp\/v2\/categories?post=87219"},{"taxonomy":"post_tag","embeddable":true,"href":"https:\/\/www.elsindical.com.ar\/notas\/wp-json\/wp\/v2\/tags?post=87219"}],"curies":[{"name":"wp","href":"https:\/\/api.w.org\/{rel}","templated":true}]}}