{"id":87214,"date":"2019-05-16T09:04:20","date_gmt":"2019-05-16T12:04:20","guid":{"rendered":"http:\/\/www.elsindical.com.ar\/notas\/?p=87214"},"modified":"2019-05-16T09:04:20","modified_gmt":"2019-05-16T12:04:20","slug":"a-lo-maru-botana-una-fabrica-de-ricky-sarkany-estaba-colgada-de-la-luz","status":"publish","type":"post","link":"https:\/\/www.elsindical.com.ar\/notas\/a-lo-maru-botana-una-fabrica-de-ricky-sarkany-estaba-colgada-de-la-luz\/","title":{"rendered":"A lo Maru Botana: una f\u00e1brica de Ricky Sarkany estaba \u00abcolgada\u00bb de la luz"},"content":{"rendered":"\n<figure class=\"wp-block-image\"><img loading=\"lazy\" decoding=\"async\" width=\"783\" height=\"482\" src=\"http:\/\/www.elsindical.com.ar\/notas\/var\/www\/html\/notas\/wp-content\/uploads\/2019\/05\/Ricky-Sarcani.jpg\" alt=\"\" class=\"wp-image-87215\" srcset=\"https:\/\/www.elsindical.com.ar\/notas\/var\/www\/html\/notas\/wp-content\/uploads\/2019\/05\/Ricky-Sarcani.jpg 783w, https:\/\/www.elsindical.com.ar\/notas\/var\/www\/html\/notas\/wp-content\/uploads\/2019\/05\/Ricky-Sarcani-300x185.jpg 300w, https:\/\/www.elsindical.com.ar\/notas\/var\/www\/html\/notas\/wp-content\/uploads\/2019\/05\/Ricky-Sarcani-768x473.jpg 768w, https:\/\/www.elsindical.com.ar\/notas\/var\/www\/html\/notas\/wp-content\/uploads\/2019\/05\/Ricky-Sarcani-487x300.jpg 487w\" sizes=\"auto, (max-width: 783px) 100vw, 783px\" \/><\/figure>\n\n\n\n<p>Lo anunci\u00f3 la empresa distribuidora de energ\u00eda en su cuenta de <strong>Twitter<\/strong> y detall\u00f3 que le retiraron el medidor a la compa\u00f1\u00eda textil y de calzado ubicada en el barrio porte\u00f1o de Saavedra. <em>\u00abEl robo de energ\u00eda es equivalente a 123.000 kWh o la suma de $1.200.000\u00bb.<\/em><\/p>\n\n\n\n<p>Los aumentos en la tarifas  golpean a todos y los locales son los que se hacen m\u00e1s eco de esto. En  este marco es que algunos optan por una conexi\u00f3n clandestina para pagar  menos o directamente no pagar el servicio.<\/p>\n\n\n\n<p>Sin embargo, como le pas\u00f3 a <strong>Maru Botana<\/strong> en su momento \u2013 a quien tambi\u00e9n escrach\u00f3 <strong>Edenor<\/strong> en sus redes sociales \u2013 se dio a conocer que el dep\u00f3sito de textil y calzado de la marca <strong>\u00abRicky Sarkany SA\u00bb<\/strong>, ubicado en la calle <strong>Deheza 4752, CABA<\/strong>, estaba con una conexi\u00f3n clandestina.<em> \u00abAl cliente se le retir\u00f3 el medidor\u00bb<\/em>, detallaron desde la empresa.<\/p>\n\n\n\n<p>La f\u00e1brica fue sancionada debido a que durante un control de rutina encontraron que el local estaba <em>\u00abrobando\u00bb<\/em> energ\u00eda. <em>\u00abEl robo de energ\u00eda es equivalente a 123.000 kWh o la suma de $1.200.000\u00bb<\/em>, remarcaron desde Edenor.<\/p>\n\n\n\n<figure class=\"wp-block-image\"><img loading=\"lazy\" decoding=\"async\" width=\"1024\" height=\"768\" src=\"http:\/\/www.elsindical.com.ar\/notas\/var\/www\/html\/notas\/wp-content\/uploads\/2019\/05\/conexi\u00f3n-clandestina-Sarcani-1024x768.jpg\" alt=\"\" class=\"wp-image-87216\" srcset=\"https:\/\/www.elsindical.com.ar\/notas\/var\/www\/html\/notas\/wp-content\/uploads\/2019\/05\/conexi\u00f3n-clandestina-Sarcani-1024x768.jpg 1024w, https:\/\/www.elsindical.com.ar\/notas\/var\/www\/html\/notas\/wp-content\/uploads\/2019\/05\/conexi\u00f3n-clandestina-Sarcani-300x225.jpg 300w, https:\/\/www.elsindical.com.ar\/notas\/var\/www\/html\/notas\/wp-content\/uploads\/2019\/05\/conexi\u00f3n-clandestina-Sarcani-768x576.jpg 768w, https:\/\/www.elsindical.com.ar\/notas\/var\/www\/html\/notas\/wp-content\/uploads\/2019\/05\/conexi\u00f3n-clandestina-Sarcani-400x300.jpg 400w, https:\/\/www.elsindical.com.ar\/notas\/var\/www\/html\/notas\/wp-content\/uploads\/2019\/05\/conexi\u00f3n-clandestina-Sarcani.jpg 1200w\" sizes=\"auto, (max-width: 1024px) 100vw, 1024px\" \/><\/figure>\n\n\n\n<figure class=\"wp-block-image\"><img loading=\"lazy\" decoding=\"async\" width=\"665\" height=\"879\" src=\"http:\/\/www.elsindical.com.ar\/notas\/var\/www\/html\/notas\/wp-content\/uploads\/2019\/05\/conexi\u00f3n-clandestina-Sarkany.jpg\" alt=\"\" class=\"wp-image-87217\" srcset=\"https:\/\/www.elsindical.com.ar\/notas\/var\/www\/html\/notas\/wp-content\/uploads\/2019\/05\/conexi\u00f3n-clandestina-Sarkany.jpg 665w, https:\/\/www.elsindical.com.ar\/notas\/var\/www\/html\/notas\/wp-content\/uploads\/2019\/05\/conexi\u00f3n-clandestina-Sarkany-227x300.jpg 227w\" sizes=\"auto, (max-width: 665px) 100vw, 665px\" \/><\/figure>\n","protected":false},"excerpt":{"rendered":"<p>Lo anunci\u00f3 la empresa distribuidora de energ\u00eda en su cuenta de Twitter y detall\u00f3 que le retiraron el medidor a la compa\u00f1\u00eda textil y de calzado ubicada en el barrio porte\u00f1o de Saavedra. \u00abEl robo de energ\u00eda es equivalente a 123.000 kWh o la suma de $1.200.000\u00bb. Los aumentos en la tarifas golpean a todos&hellip;<\/p>\n","protected":false},"author":1,"featured_media":87215,"comment_status":"open","ping_status":"open","sticky":false,"template":"","format":"standard","meta":{"footnotes":""},"categories":[6],"tags":[30911,2973,30909],"class_list":["post-87214","post","type-post","status-publish","format-standard","has-post-thumbnail","hentry","category-denuncias","tag-conexion-clandestina","tag-edenor","tag-ricky-sarkany"],"_links":{"self":[{"href":"https:\/\/www.elsindical.com.ar\/notas\/wp-json\/wp\/v2\/posts\/87214","targetHints":{"allow":["GET"]}}],"collection":[{"href":"https:\/\/www.elsindical.com.ar\/notas\/wp-json\/wp\/v2\/posts"}],"about":[{"href":"https:\/\/www.elsindical.com.ar\/notas\/wp-json\/wp\/v2\/types\/post"}],"author":[{"embeddable":true,"href":"https:\/\/www.elsindical.com.ar\/notas\/wp-json\/wp\/v2\/users\/1"}],"replies":[{"embeddable":true,"href":"https:\/\/www.elsindical.com.ar\/notas\/wp-json\/wp\/v2\/comments?post=87214"}],"version-history":[{"count":1,"href":"https:\/\/www.elsindical.com.ar\/notas\/wp-json\/wp\/v2\/posts\/87214\/revisions"}],"predecessor-version":[{"id":87218,"href":"https:\/\/www.elsindical.com.ar\/notas\/wp-json\/wp\/v2\/posts\/87214\/revisions\/87218"}],"wp:featuredmedia":[{"embeddable":true,"href":"https:\/\/www.elsindical.com.ar\/notas\/wp-json\/wp\/v2\/media\/87215"}],"wp:attachment":[{"href":"https:\/\/www.elsindical.com.ar\/notas\/wp-json\/wp\/v2\/media?parent=87214"}],"wp:term":[{"taxonomy":"category","embeddable":true,"href":"https:\/\/www.elsindical.com.ar\/notas\/wp-json\/wp\/v2\/categories?post=87214"},{"taxonomy":"post_tag","embeddable":true,"href":"https:\/\/www.elsindical.com.ar\/notas\/wp-json\/wp\/v2\/tags?post=87214"}],"curies":[{"name":"wp","href":"https:\/\/api.w.org\/{rel}","templated":true}]}}