{"id":87209,"date":"2019-05-16T00:29:30","date_gmt":"2019-05-16T03:29:30","guid":{"rendered":"http:\/\/www.elsindical.com.ar\/notas\/?p=87209"},"modified":"2019-05-16T00:29:30","modified_gmt":"2019-05-16T03:29:30","slug":"siluetazo-para-recordar-a-las-victimas-de-la-tragedia-de-transradio","status":"publish","type":"post","link":"https:\/\/www.elsindical.com.ar\/notas\/siluetazo-para-recordar-a-las-victimas-de-la-tragedia-de-transradio\/","title":{"rendered":"\u201cSiluetazo\u201d para recordar a las v\u00edctimas de la Tragedia de Transradio"},"content":{"rendered":"\n<figure class=\"wp-block-image\"><img loading=\"lazy\" decoding=\"async\" width=\"1024\" height=\"576\" src=\"http:\/\/www.elsindical.com.ar\/notas\/var\/www\/html\/notas\/wp-content\/uploads\/2019\/05\/siluetazo-Transradio-1-1024x576.jpg\" alt=\"\" class=\"wp-image-87210\" srcset=\"https:\/\/www.elsindical.com.ar\/notas\/var\/www\/html\/notas\/wp-content\/uploads\/2019\/05\/siluetazo-Transradio-1-1024x576.jpg 1024w, https:\/\/www.elsindical.com.ar\/notas\/var\/www\/html\/notas\/wp-content\/uploads\/2019\/05\/siluetazo-Transradio-1-300x169.jpg 300w, https:\/\/www.elsindical.com.ar\/notas\/var\/www\/html\/notas\/wp-content\/uploads\/2019\/05\/siluetazo-Transradio-1-768x432.jpg 768w, https:\/\/www.elsindical.com.ar\/notas\/var\/www\/html\/notas\/wp-content\/uploads\/2019\/05\/siluetazo-Transradio-1-500x281.jpg 500w, https:\/\/www.elsindical.com.ar\/notas\/var\/www\/html\/notas\/wp-content\/uploads\/2019\/05\/siluetazo-Transradio-1-460x260.jpg 460w, https:\/\/www.elsindical.com.ar\/notas\/var\/www\/html\/notas\/wp-content\/uploads\/2019\/05\/siluetazo-Transradio-1.jpg 1200w\" sizes=\"auto, (max-width: 1024px) 100vw, 1024px\" \/><\/figure>\n\n\n\n<p> Se realiz\u00f3 esta tarde en la plaza de  Monte Grande. Familiares de v\u00edctimas reclaman que juzguen a las  autoridades policiales y funcionarios responsable. <\/p>\n\n\n\n<p>Fernando Arguello, Carlos Ariel Crovera, Juan Carlos Fern\u00e1ndez,  Walter Gabriel Barrios, Miguel \u00c1ngel S\u00e1nchez, El\u00edas Soto, Jerem\u00edas  Rodr\u00edguez Aaron, Eduardo Rogelio Ocampo, Jorge Luis Ram\u00edrez y Juan  Bautista Lavarda. Ellos son las v\u00edctimas de  la Tragedia de Transradio. Este mi\u00e9rcoles, sus allegados realizaron una actividad en la plaza de Monte Grande  para renovar el pedido de justicia.<\/p>\n\n\n\n<p>Familiares y amigos y de las v\u00edctimas del incendio en la comisar\u00eda de  Transradio, ocurrido en noviembre del a\u00f1o pasado, se reunieron este  mi\u00e9rcoles en la Plaza Mitre de Monte Grande para realizar una radio  abierta y un \u201csiluetazo\u201d, a seis meses de aquella fat\u00eddica noche.<\/p>\n\n\n\n<p>Matilde Rojas madre de El\u00edas Soto  (20) sostuvo que \u201cla radio abierta es para poder contar lo que pas\u00f3 y  que la gente no se quede con la versi\u00f3n de que ellos se quisieron  fugar\u201d. \u201cExigimos que se juzgue a las autoridades policiales y a los funcionarios p\u00fablicos responsables de permitir el alojamiento de personas de manera ilegal en una comisar\u00eda clausurada\u201d, apunt\u00f3.<\/p>\n\n\n\n<p>Tambi\u00e9n se realiz\u00f3 un \u201csiluetazo\u201d. Se dibujaron las siluetas en 10  carteles blancos, a los que se le coloc\u00f3 el nombre y la foto de cada una  de las v\u00edctimas. \u201cno podemos entender c\u00f3mo pas\u00f3 lo que pas\u00f3\u201d, expres\u00f3,  con una voz colmada de dolor e impotencia, Matilde.<\/p>\n\n\n\n<p>El 15 de noviembre del a\u00f1o pasado, un incendio se desat\u00f3 en la comisar\u00eda de Transradio,  partido de Esteban Echeverr\u00eda, que estaba clausurada. En ese momento,  murieron cuatro personas, pero con el correr de los d\u00edas se  contabilizaron 10 v\u00edctimas fatales. <\/p>\n\n\n\n<p>Los detenidos no tuvieron la posibilidad de escapar ni apagar las  llamas y el hecho se convirti\u00f3 en la peor tragedia en una comisar\u00eda de  la Argentina. El resto de los reclusos (eran 27 en total) fueron  trasladados a otras dependencias. <\/p>\n\n\n\n<ul class=\"wp-block-gallery columns-2 is-cropped wp-block-gallery-1 is-layout-flex wp-block-gallery-is-layout-flex\"><li class=\"blocks-gallery-item\"><figure><img loading=\"lazy\" decoding=\"async\" width=\"1024\" height=\"576\" src=\"http:\/\/www.elsindical.com.ar\/notas\/var\/www\/html\/notas\/wp-content\/uploads\/2019\/05\/siluetazo-Transradio-2-1024x576.jpg\" alt=\"\" data-id=\"87211\" data-link=\"http:\/\/www.elsindical.com.ar\/notas\/?attachment_id=87211#main\" class=\"wp-image-87211\" srcset=\"https:\/\/www.elsindical.com.ar\/notas\/var\/www\/html\/notas\/wp-content\/uploads\/2019\/05\/siluetazo-Transradio-2.jpg 1024w, https:\/\/www.elsindical.com.ar\/notas\/var\/www\/html\/notas\/wp-content\/uploads\/2019\/05\/siluetazo-Transradio-2-300x169.jpg 300w, https:\/\/www.elsindical.com.ar\/notas\/var\/www\/html\/notas\/wp-content\/uploads\/2019\/05\/siluetazo-Transradio-2-768x432.jpg 768w, https:\/\/www.elsindical.com.ar\/notas\/var\/www\/html\/notas\/wp-content\/uploads\/2019\/05\/siluetazo-Transradio-2-500x281.jpg 500w, https:\/\/www.elsindical.com.ar\/notas\/var\/www\/html\/notas\/wp-content\/uploads\/2019\/05\/siluetazo-Transradio-2-460x260.jpg 460w\" sizes=\"auto, (max-width: 1024px) 100vw, 1024px\" \/><\/figure><\/li><li class=\"blocks-gallery-item\"><figure><img loading=\"lazy\" decoding=\"async\" width=\"1024\" height=\"576\" src=\"http:\/\/www.elsindical.com.ar\/notas\/var\/www\/html\/notas\/wp-content\/uploads\/2019\/05\/cartel-Transradio-1024x576.jpg\" alt=\"\" data-id=\"87212\" data-link=\"http:\/\/www.elsindical.com.ar\/notas\/?attachment_id=87212#main\" class=\"wp-image-87212\" srcset=\"https:\/\/www.elsindical.com.ar\/notas\/var\/www\/html\/notas\/wp-content\/uploads\/2019\/05\/cartel-Transradio.jpg 1024w, https:\/\/www.elsindical.com.ar\/notas\/var\/www\/html\/notas\/wp-content\/uploads\/2019\/05\/cartel-Transradio-300x169.jpg 300w, https:\/\/www.elsindical.com.ar\/notas\/var\/www\/html\/notas\/wp-content\/uploads\/2019\/05\/cartel-Transradio-768x432.jpg 768w, https:\/\/www.elsindical.com.ar\/notas\/var\/www\/html\/notas\/wp-content\/uploads\/2019\/05\/cartel-Transradio-500x281.jpg 500w, https:\/\/www.elsindical.com.ar\/notas\/var\/www\/html\/notas\/wp-content\/uploads\/2019\/05\/cartel-Transradio-460x260.jpg 460w\" sizes=\"auto, (max-width: 1024px) 100vw, 1024px\" \/><\/figure><\/li><\/ul>\n","protected":false},"excerpt":{"rendered":"<p>Se realiz\u00f3 esta tarde en la plaza de Monte Grande. Familiares de v\u00edctimas reclaman que juzguen a las autoridades policiales y funcionarios responsable. Fernando Arguello, Carlos Ariel Crovera, Juan Carlos Fern\u00e1ndez, Walter Gabriel Barrios, Miguel \u00c1ngel S\u00e1nchez, El\u00edas Soto, Jerem\u00edas Rodr\u00edguez Aaron, Eduardo Rogelio Ocampo, Jorge Luis Ram\u00edrez y Juan Bautista Lavarda. Ellos son las&hellip;<\/p>\n","protected":false},"author":1,"featured_media":87210,"comment_status":"open","ping_status":"open","sticky":false,"template":"","format":"standard","meta":{"footnotes":""},"categories":[8],"tags":[1681,30908,10846],"class_list":["post-87209","post","type-post","status-publish","format-standard","has-post-thumbnail","hentry","category-derechos-humanos","tag-monte-grande","tag-siluetazo","tag-transradio"],"_links":{"self":[{"href":"https:\/\/www.elsindical.com.ar\/notas\/wp-json\/wp\/v2\/posts\/87209","targetHints":{"allow":["GET"]}}],"collection":[{"href":"https:\/\/www.elsindical.com.ar\/notas\/wp-json\/wp\/v2\/posts"}],"about":[{"href":"https:\/\/www.elsindical.com.ar\/notas\/wp-json\/wp\/v2\/types\/post"}],"author":[{"embeddable":true,"href":"https:\/\/www.elsindical.com.ar\/notas\/wp-json\/wp\/v2\/users\/1"}],"replies":[{"embeddable":true,"href":"https:\/\/www.elsindical.com.ar\/notas\/wp-json\/wp\/v2\/comments?post=87209"}],"version-history":[{"count":1,"href":"https:\/\/www.elsindical.com.ar\/notas\/wp-json\/wp\/v2\/posts\/87209\/revisions"}],"predecessor-version":[{"id":87213,"href":"https:\/\/www.elsindical.com.ar\/notas\/wp-json\/wp\/v2\/posts\/87209\/revisions\/87213"}],"wp:featuredmedia":[{"embeddable":true,"href":"https:\/\/www.elsindical.com.ar\/notas\/wp-json\/wp\/v2\/media\/87210"}],"wp:attachment":[{"href":"https:\/\/www.elsindical.com.ar\/notas\/wp-json\/wp\/v2\/media?parent=87209"}],"wp:term":[{"taxonomy":"category","embeddable":true,"href":"https:\/\/www.elsindical.com.ar\/notas\/wp-json\/wp\/v2\/categories?post=87209"},{"taxonomy":"post_tag","embeddable":true,"href":"https:\/\/www.elsindical.com.ar\/notas\/wp-json\/wp\/v2\/tags?post=87209"}],"curies":[{"name":"wp","href":"https:\/\/api.w.org\/{rel}","templated":true}]}}