{"id":87190,"date":"2019-05-15T12:13:53","date_gmt":"2019-05-15T15:13:53","guid":{"rendered":"http:\/\/www.elsindical.com.ar\/notas\/?p=87190"},"modified":"2019-05-15T15:11:45","modified_gmt":"2019-05-15T18:11:45","slug":"rafael-castillo-detuvieron-al-comisario-de-la-3ra-por-extorsion-a-un-vecino","status":"publish","type":"post","link":"https:\/\/www.elsindical.com.ar\/notas\/rafael-castillo-detuvieron-al-comisario-de-la-3ra-por-extorsion-a-un-vecino\/","title":{"rendered":"Rafael Castillo: Detuvieron al Comisario de la 3ra por extorsi\u00f3n a un vecino"},"content":{"rendered":"\n<figure class=\"wp-block-image\"><img loading=\"lazy\" decoding=\"async\" width=\"540\" height=\"281\" src=\"http:\/\/www.elsindical.com.ar\/notas\/var\/www\/html\/notas\/wp-content\/uploads\/2019\/05\/Comisar\u00eda-3ra-Rafael-Castillo.jpg\" alt=\"\" class=\"wp-image-87191\" srcset=\"https:\/\/www.elsindical.com.ar\/notas\/var\/www\/html\/notas\/wp-content\/uploads\/2019\/05\/Comisar\u00eda-3ra-Rafael-Castillo.jpg 540w, https:\/\/www.elsindical.com.ar\/notas\/var\/www\/html\/notas\/wp-content\/uploads\/2019\/05\/Comisar\u00eda-3ra-Rafael-Castillo-300x156.jpg 300w, https:\/\/www.elsindical.com.ar\/notas\/var\/www\/html\/notas\/wp-content\/uploads\/2019\/05\/Comisar\u00eda-3ra-Rafael-Castillo-500x260.jpg 500w\" sizes=\"auto, (max-width: 540px) 100vw, 540px\" \/><\/figure>\n\n\n\n<p>Luego de una investigaci\u00f3n realizada por Asuntos Internos se  comprob\u00f3 que el jefe policial se hab\u00eda quedado con siete mil pesos. Lo  imputaron por \u201cextorsi\u00f3n\u201d. <\/p>\n\n\n\n<p><strong>E<\/strong>n\n las \u00faltimas horas, el titular de la Comisar\u00eda Distrital Oeste Tercera \nde Rafael Castillo fue detenido y acusado de pedirle plata a un vecino \npara devolverle los papeles de una motocicleta.<\/p>\n\n\n\n<p>De acuerdo a la  investigaci\u00f3n realizada por la Auditoria General de Asuntos Internos  (AGAI) del Ministerio de Seguridad de la Provincia, el titular de la  dependencia policial, ubicada en la calle M\u00e9ndez de Andes al 1.700, le  exigi\u00f3 la suma de siete mil pesos a un vecino que cometi\u00f3 infracciones  con su moto.<\/p>\n\n\n\n<p>En este marco, seg\u00fan consta en el expediente judicial, la AGAI \nresolvi\u00f3 hacer una \u201centrega controlada\u201d del dinero para sacar a la luz \nla presunta extorsi\u00f3n. As\u00ed las cosas, el frentista, que fue acompa\u00f1ado \npor un agente policial que se hizo pasar por un familiar, se entrevist\u00f3 \ncon los polic\u00edas y, finalmente, les entreg\u00f3 los siete mil pesos \nmarcados.\t<\/p>\n\n\n\n<p>De inmediato, \npersonal de la AGAI ingres\u00f3 a la seccional policial, encontr\u00f3 el dinero \nmarcado dentro de un caj\u00f3n y detuvo al jefe de la comisar\u00eda, Cristian \nAndr\u00e9s Videla, de 44 a\u00f1os.<\/p>\n\n\n\n<p>Finalmente, Videla fue desafectado de \nla fuerza bonaerense y qued\u00f3 detenido a disposici\u00f3n de la Justicia \nmatancera acusado del delito de \u201cextorsi\u00f3n\u201d.<\/p>\n","protected":false},"excerpt":{"rendered":"<p>Luego de una investigaci\u00f3n realizada por Asuntos Internos se comprob\u00f3 que el jefe policial se hab\u00eda quedado con siete mil pesos. Lo imputaron por \u201cextorsi\u00f3n\u201d. En las \u00faltimas horas, el titular de la Comisar\u00eda Distrital Oeste Tercera de Rafael Castillo fue detenido y acusado de pedirle plata a un vecino para devolverle los papeles de&hellip;<\/p>\n","protected":false},"author":1,"featured_media":87191,"comment_status":"open","ping_status":"open","sticky":false,"template":"","format":"standard","meta":{"footnotes":""},"categories":[22],"tags":[28486,1476,2236,5435],"class_list":["post-87190","post","type-post","status-publish","format-standard","has-post-thumbnail","hentry","category-policiales","tag-agai","tag-asuntos-internos","tag-extorsion","tag-rafael-castillo"],"_links":{"self":[{"href":"https:\/\/www.elsindical.com.ar\/notas\/wp-json\/wp\/v2\/posts\/87190","targetHints":{"allow":["GET"]}}],"collection":[{"href":"https:\/\/www.elsindical.com.ar\/notas\/wp-json\/wp\/v2\/posts"}],"about":[{"href":"https:\/\/www.elsindical.com.ar\/notas\/wp-json\/wp\/v2\/types\/post"}],"author":[{"embeddable":true,"href":"https:\/\/www.elsindical.com.ar\/notas\/wp-json\/wp\/v2\/users\/1"}],"replies":[{"embeddable":true,"href":"https:\/\/www.elsindical.com.ar\/notas\/wp-json\/wp\/v2\/comments?post=87190"}],"version-history":[{"count":2,"href":"https:\/\/www.elsindical.com.ar\/notas\/wp-json\/wp\/v2\/posts\/87190\/revisions"}],"predecessor-version":[{"id":87193,"href":"https:\/\/www.elsindical.com.ar\/notas\/wp-json\/wp\/v2\/posts\/87190\/revisions\/87193"}],"wp:featuredmedia":[{"embeddable":true,"href":"https:\/\/www.elsindical.com.ar\/notas\/wp-json\/wp\/v2\/media\/87191"}],"wp:attachment":[{"href":"https:\/\/www.elsindical.com.ar\/notas\/wp-json\/wp\/v2\/media?parent=87190"}],"wp:term":[{"taxonomy":"category","embeddable":true,"href":"https:\/\/www.elsindical.com.ar\/notas\/wp-json\/wp\/v2\/categories?post=87190"},{"taxonomy":"post_tag","embeddable":true,"href":"https:\/\/www.elsindical.com.ar\/notas\/wp-json\/wp\/v2\/tags?post=87190"}],"curies":[{"name":"wp","href":"https:\/\/api.w.org\/{rel}","templated":true}]}}