{"id":87166,"date":"2019-05-15T00:24:39","date_gmt":"2019-05-15T03:24:39","guid":{"rendered":"http:\/\/www.elsindical.com.ar\/notas\/?p=87166"},"modified":"2019-05-15T00:24:39","modified_gmt":"2019-05-15T03:24:39","slug":"catorce-detenidos-por-falsificar-obleas-de-vtv-y-gnc","status":"publish","type":"post","link":"https:\/\/www.elsindical.com.ar\/notas\/catorce-detenidos-por-falsificar-obleas-de-vtv-y-gnc\/","title":{"rendered":"Catorce detenidos por falsificar obleas de VTV y GNC"},"content":{"rendered":"\n<figure class=\"wp-block-image\"><img loading=\"lazy\" decoding=\"async\" width=\"1000\" height=\"666\" src=\"http:\/\/www.elsindical.com.ar\/notas\/var\/www\/html\/notas\/wp-content\/uploads\/2019\/05\/obleas-VTV-falsas.jpg\" alt=\"\" class=\"wp-image-87167\" srcset=\"https:\/\/www.elsindical.com.ar\/notas\/var\/www\/html\/notas\/wp-content\/uploads\/2019\/05\/obleas-VTV-falsas.jpg 1000w, https:\/\/www.elsindical.com.ar\/notas\/var\/www\/html\/notas\/wp-content\/uploads\/2019\/05\/obleas-VTV-falsas-300x200.jpg 300w, https:\/\/www.elsindical.com.ar\/notas\/var\/www\/html\/notas\/wp-content\/uploads\/2019\/05\/obleas-VTV-falsas-768x511.jpg 768w, https:\/\/www.elsindical.com.ar\/notas\/var\/www\/html\/notas\/wp-content\/uploads\/2019\/05\/obleas-VTV-falsas-450x300.jpg 450w\" sizes=\"auto, (max-width: 1000px) 100vw, 1000px\" \/><\/figure>\n\n\n\n<p>Los procedimientos estuvieron a cargo de efectivos de la Divisi\u00f3n Sumarios y la comisar\u00eda comunal 8 de la Polic\u00eda de la Ciudad.<\/p>\n\n\n\n<p>Un total de<strong> catorce personas<\/strong> fueron<strong> detenidas<\/strong> acusadas de integrar una banda dedicada a vender <strong>obleas falsificadas de Verificaci\u00f3n T\u00e9cnica Vehicular (VTV) y Gas Natural Comprimido (GNC)<\/strong>, luego de que se realizaran distintos procedimientos en la<strong> Ciudad de Buenos Aires y puntos del Conurbano.<\/strong><\/p>\n\n\n\n<p>El procedimiento fue realizado por efectivos de la <strong>Divisi\u00f3n Sumarios y la comisar\u00eda comunal 8 de la Polic\u00eda de la Ciudad<\/strong>, que cumplieron una orden de la<strong> Fiscal\u00eda Federal n\u00famero 1<\/strong>, informaron fuentes de la fuerza.<\/p>\n\n\n\n<p>De acuerdo con los datos recolectados en la investigaci\u00f3n realizada, la banda se dedicaba a <strong>falsificar obleas y a comercializarlas por redes sociales<\/strong>.<\/p>\n\n\n\n<p>Tambi\u00e9n se determin\u00f3 que el grupo delictivo utilizaba como  puntos de entrega diferentes domicilios ubicados en Capital Federal, y  los partidos bonaerenses de<strong> La Matanza, Lomas de Zamora, Esteban Echeverria, Berazategui, San Mart\u00edn, Tres de Febrero y Vicente L\u00f3pez<\/strong>.<\/p>\n\n\n\n<p>Con las pruebas recogidas, la Justicia orden\u00f3 el allanamiento de <strong>32 domicilios<\/strong>,  los cuales dieron como resultado la detenci\u00f3n de 14 personas, todas  mayores de edad, las cuales fueron acusadas de falsificaci\u00f3n de  documento p\u00fablico.<\/p>\n\n\n\n<p>Adem\u00e1s, se secuestraron 24 autos, tres motos, una arma de fuego  con municiones, elementos utilizados para la fabricaci\u00f3n de las obleas  ap\u00f3crifas y dinero en efectivo.<\/p>\n","protected":false},"excerpt":{"rendered":"<p>Los procedimientos estuvieron a cargo de efectivos de la Divisi\u00f3n Sumarios y la comisar\u00eda comunal 8 de la Polic\u00eda de la Ciudad. Un total de catorce personas fueron detenidas acusadas de integrar una banda dedicada a vender obleas falsificadas de Verificaci\u00f3n T\u00e9cnica Vehicular (VTV) y Gas Natural Comprimido (GNC), luego de que se realizaran distintos&hellip;<\/p>\n","protected":false},"author":1,"featured_media":87167,"comment_status":"open","ping_status":"open","sticky":false,"template":"","format":"standard","meta":{"footnotes":""},"categories":[22],"tags":[30906,17939,24537],"class_list":["post-87166","post","type-post","status-publish","format-standard","has-post-thumbnail","hentry","category-policiales","tag-fiscalia-federal-1","tag-gnc","tag-policia-de-la-ciudad"],"_links":{"self":[{"href":"https:\/\/www.elsindical.com.ar\/notas\/wp-json\/wp\/v2\/posts\/87166","targetHints":{"allow":["GET"]}}],"collection":[{"href":"https:\/\/www.elsindical.com.ar\/notas\/wp-json\/wp\/v2\/posts"}],"about":[{"href":"https:\/\/www.elsindical.com.ar\/notas\/wp-json\/wp\/v2\/types\/post"}],"author":[{"embeddable":true,"href":"https:\/\/www.elsindical.com.ar\/notas\/wp-json\/wp\/v2\/users\/1"}],"replies":[{"embeddable":true,"href":"https:\/\/www.elsindical.com.ar\/notas\/wp-json\/wp\/v2\/comments?post=87166"}],"version-history":[{"count":1,"href":"https:\/\/www.elsindical.com.ar\/notas\/wp-json\/wp\/v2\/posts\/87166\/revisions"}],"predecessor-version":[{"id":87168,"href":"https:\/\/www.elsindical.com.ar\/notas\/wp-json\/wp\/v2\/posts\/87166\/revisions\/87168"}],"wp:featuredmedia":[{"embeddable":true,"href":"https:\/\/www.elsindical.com.ar\/notas\/wp-json\/wp\/v2\/media\/87167"}],"wp:attachment":[{"href":"https:\/\/www.elsindical.com.ar\/notas\/wp-json\/wp\/v2\/media?parent=87166"}],"wp:term":[{"taxonomy":"category","embeddable":true,"href":"https:\/\/www.elsindical.com.ar\/notas\/wp-json\/wp\/v2\/categories?post=87166"},{"taxonomy":"post_tag","embeddable":true,"href":"https:\/\/www.elsindical.com.ar\/notas\/wp-json\/wp\/v2\/tags?post=87166"}],"curies":[{"name":"wp","href":"https:\/\/api.w.org\/{rel}","templated":true}]}}