{"id":87164,"date":"2019-05-15T00:20:33","date_gmt":"2019-05-15T03:20:33","guid":{"rendered":"http:\/\/www.elsindical.com.ar\/notas\/?p=87164"},"modified":"2019-05-15T00:20:41","modified_gmt":"2019-05-15T03:20:41","slug":"corte-pidio-expediente-de-obra-publica-se-retrasaria-primer-juicio-a-cristina-kirchner","status":"publish","type":"post","link":"https:\/\/www.elsindical.com.ar\/notas\/corte-pidio-expediente-de-obra-publica-se-retrasaria-primer-juicio-a-cristina-kirchner\/","title":{"rendered":"Corte pidi\u00f3 expediente de obra p\u00fablica: se retrasar\u00eda primer juicio a Cristina Kirchner"},"content":{"rendered":"\n<figure class=\"wp-block-image\"><img loading=\"lazy\" decoding=\"async\" width=\"1024\" height=\"576\" src=\"http:\/\/www.elsindical.com.ar\/notas\/var\/www\/html\/notas\/wp-content\/uploads\/2018\/11\/Suprema-Corte-2018-1024x576.jpg\" alt=\"\" class=\"wp-image-82781\" srcset=\"https:\/\/www.elsindical.com.ar\/notas\/var\/www\/html\/notas\/wp-content\/uploads\/2018\/11\/Suprema-Corte-2018-1024x576.jpg 1024w, https:\/\/www.elsindical.com.ar\/notas\/var\/www\/html\/notas\/wp-content\/uploads\/2018\/11\/Suprema-Corte-2018-300x169.jpg 300w, https:\/\/www.elsindical.com.ar\/notas\/var\/www\/html\/notas\/wp-content\/uploads\/2018\/11\/Suprema-Corte-2018-768x432.jpg 768w, https:\/\/www.elsindical.com.ar\/notas\/var\/www\/html\/notas\/wp-content\/uploads\/2018\/11\/Suprema-Corte-2018-500x281.jpg 500w, https:\/\/www.elsindical.com.ar\/notas\/var\/www\/html\/notas\/wp-content\/uploads\/2018\/11\/Suprema-Corte-2018-460x260.jpg 460w, https:\/\/www.elsindical.com.ar\/notas\/var\/www\/html\/notas\/wp-content\/uploads\/2018\/11\/Suprema-Corte-2018.jpg 1200w\" sizes=\"auto, (max-width: 1024px) 100vw, 1024px\" \/><\/figure>\n\n\n\n<p> Lo hizo para ordenar  una causa llena de recursos y planteos que podr\u00edan llevar a varios  pedidos de nulidad a lo largo del juicio. <\/p>\n\n\n\n<p>La <strong>Corte Suprema de Justicia<\/strong> solicit\u00f3 hoy al <strong>Tribunal Oral Federal (TOF) 2<\/strong> el expediente del juicio por la obra p\u00fablica contra <strong>Cristina Kirchner<\/strong>\u00a0con fecha de inicio para el <strong>21 de mayo<\/strong>.<\/p>\n\n\n\n<p>Lo hizo para ordenar una causa llena de <strong>recursos y planteos<\/strong> que podr\u00edan llevar a varios <strong>pedidos de nulidad<\/strong> a lo largo del juicio.<\/p>\n\n\n\n<p>Es muy posible que esta decisi\u00f3n lleve a una demora del comienzo del juicio de la causa conocida como <strong>\u00abVialidad\u00bb<\/strong>. Pero las fuentes judiciales se\u00f1alaron que de este modo se evitar\u00e1n futuras presentaciones de nulidades.<\/p>\n\n\n\n<p>La causa tuvo una serie de recursos y planteos. La semana pasada, uno\n de los acusados reclam\u00f3 al tribunal que lo autorice por 15 d\u00edas a \ninternarse en un sanatorio de la provincia de Misiones para realizar <strong>\u00abun programa de rehabilitaci\u00f3n, desintoxicaci\u00f3n y acompa\u00f1amiento espiritual\u00bb.<\/strong><\/p>\n\n\n\n<p>El planteo estuvo a cargo de <strong>Ra\u00fal Pavesi<\/strong>, ex  director de la Agencia General de Vialidad Provincial de Santa Cruz, que  aleg\u00f3 que sufre un cuadro de malestar general. El fiscal del juicio,  Diego Luciani, se opuso a la autorizaci\u00f3n y los jueces del Tribunal Oral  Federal (TOF) 2, Rodrigo Gim\u00e9nez Uriburu, Jorge Gorini y Andr\u00e9s Basso,  la rechazaron.<\/p>\n\n\n\n<p>La acusaci\u00f3n es por <strong>supuesta concesi\u00f3n irregular de obra p\u00fablica para la provincia patag\u00f3nica de Santa Cruz<\/strong>  a las empresas de B\u00e1ez durante los 12 a\u00f1os de gobierno de N\u00e9stor y  Cristina Kirchner. De acuerdo a la imputaci\u00f3n, muchas de esas obras  nunca se terminaron pero se cobraron y ten\u00edan sobreprecio.<\/p>\n","protected":false},"excerpt":{"rendered":"<p>Lo hizo para ordenar una causa llena de recursos y planteos que podr\u00edan llevar a varios pedidos de nulidad a lo largo del juicio. La Corte Suprema de Justicia solicit\u00f3 hoy al Tribunal Oral Federal (TOF) 2 el expediente del juicio por la obra p\u00fablica contra Cristina Kirchner\u00a0con fecha de inicio para el 21 de&hellip;<\/p>\n","protected":false},"author":1,"featured_media":82781,"comment_status":"open","ping_status":"open","sticky":false,"template":"","format":"standard","meta":{"footnotes":""},"categories":[20],"tags":[9135,84,516,18740],"class_list":["post-87164","post","type-post","status-publish","format-standard","has-post-thumbnail","hentry","category-judiciales","tag-corte-suprema-de-justicia-de-la-nacion","tag-cristina-kirchner","tag-juicio-oral","tag-tof-2"],"_links":{"self":[{"href":"https:\/\/www.elsindical.com.ar\/notas\/wp-json\/wp\/v2\/posts\/87164","targetHints":{"allow":["GET"]}}],"collection":[{"href":"https:\/\/www.elsindical.com.ar\/notas\/wp-json\/wp\/v2\/posts"}],"about":[{"href":"https:\/\/www.elsindical.com.ar\/notas\/wp-json\/wp\/v2\/types\/post"}],"author":[{"embeddable":true,"href":"https:\/\/www.elsindical.com.ar\/notas\/wp-json\/wp\/v2\/users\/1"}],"replies":[{"embeddable":true,"href":"https:\/\/www.elsindical.com.ar\/notas\/wp-json\/wp\/v2\/comments?post=87164"}],"version-history":[{"count":1,"href":"https:\/\/www.elsindical.com.ar\/notas\/wp-json\/wp\/v2\/posts\/87164\/revisions"}],"predecessor-version":[{"id":87165,"href":"https:\/\/www.elsindical.com.ar\/notas\/wp-json\/wp\/v2\/posts\/87164\/revisions\/87165"}],"wp:featuredmedia":[{"embeddable":true,"href":"https:\/\/www.elsindical.com.ar\/notas\/wp-json\/wp\/v2\/media\/82781"}],"wp:attachment":[{"href":"https:\/\/www.elsindical.com.ar\/notas\/wp-json\/wp\/v2\/media?parent=87164"}],"wp:term":[{"taxonomy":"category","embeddable":true,"href":"https:\/\/www.elsindical.com.ar\/notas\/wp-json\/wp\/v2\/categories?post=87164"},{"taxonomy":"post_tag","embeddable":true,"href":"https:\/\/www.elsindical.com.ar\/notas\/wp-json\/wp\/v2\/tags?post=87164"}],"curies":[{"name":"wp","href":"https:\/\/api.w.org\/{rel}","templated":true}]}}