{"id":87149,"date":"2019-05-14T01:47:11","date_gmt":"2019-05-14T04:47:11","guid":{"rendered":"http:\/\/www.elsindical.com.ar\/notas\/?p=87149"},"modified":"2019-05-14T01:47:11","modified_gmt":"2019-05-14T04:47:11","slug":"osecac-peligra-el-sistema-de-salud-solidario","status":"publish","type":"post","link":"https:\/\/www.elsindical.com.ar\/notas\/osecac-peligra-el-sistema-de-salud-solidario\/","title":{"rendered":"OSECAC \/ Peligra el Sistema de Salud Solidario"},"content":{"rendered":"\n<figure class=\"wp-block-image is-resized\"><img loading=\"lazy\" decoding=\"async\" src=\"http:\/\/www.elsindical.com.ar\/notas\/var\/www\/html\/notas\/wp-content\/uploads\/2019\/05\/osecac2.jpg\" alt=\"\" class=\"wp-image-87150\" width=\"373\" height=\"373\" srcset=\"https:\/\/www.elsindical.com.ar\/notas\/var\/www\/html\/notas\/wp-content\/uploads\/2019\/05\/osecac2.jpg 225w, https:\/\/www.elsindical.com.ar\/notas\/var\/www\/html\/notas\/wp-content\/uploads\/2019\/05\/osecac2-150x150.jpg 150w, https:\/\/www.elsindical.com.ar\/notas\/var\/www\/html\/notas\/wp-content\/uploads\/2019\/05\/osecac2-50x50.jpg 50w\" sizes=\"auto, (max-width: 373px) 100vw, 373px\" \/><\/figure>\n\n\n\n<p class=\"wp-block-paragraph\"><strong><em>La  Obra Social de los Empleados de Comercio, con 2 millones de  beneficiarios en todo el pa\u00eds, es la obra social solidaria m\u00e1s grande de  la Argentina y se encuentra en grave riesgo debido a una cantidad  desmesurada de monotributistas y jubilados adherentes que aportan menos  de lo que corresponde para la cobertura del Programa M\u00e9dico Obligatorio  (PMO).<\/em><\/strong><\/p>\n\n\n\n<p class=\"wp-block-paragraph\">Seg\u00fan\n lo estipulado por el Decreto 504\/98, no solamente afiliados \nprovenientes de la rama mercantil tienen a OSECAC como obra social, sino\n que tambi\u00e9n pueden optar por derivar aportes monotributistas y \njubilados, que representan casi un 40% del padr\u00f3n de beneficiarios, \nrecibiendo la misma calidad de servicio que los llamados afiliados \ndirectos (empleados de comercio), pero con la diferencia sustancial en \nlos aportes que cada uno de ellos realiza por su salud.<\/p>\n\n\n\n<p class=\"wp-block-paragraph\">De aqu\u00ed surge un severo problema de desfinanciamiento de la obra social que la lleve a tener un d\u00e9ficil casi permanente.<\/p>\n\n\n\n<p class=\"wp-block-paragraph\">Mientras\n que el afiliado directo aporta mensualmente $ 1330.- los \nmonotributistas forman parte de este sistema solidario con tan solo $ \n620.- y los jubilados con $ 192 por persona, aportados por el Estado \nNacional, que si se lo compara con lo que le paga a PAMI es 15 veces \nsuperior por una prestaci\u00f3n de menor calidad (PAMI recibe $ 3000 \nmensuales por cada jubilado).<\/p>\n\n\n\n<p class=\"wp-block-paragraph\">Por\n esos motivos descriptos, los empleados de comercio terminan subsidiando\n con su trabajo y aportes al resto (jubilados y monotributistas) que con\n un monto \u00ednfimo acceden con las mismas condiciones y prestaciones al \nsistema de salud.<\/p>\n\n\n\n<p class=\"wp-block-paragraph\">Como\n consecuencia de esto, se podr\u00eda generar un fuerte impedimento para \nseguir prestando los servicios adecuadamente, aunque por el momento, el \nesfuerzo de OSECAC hace que la calidad del servicio y sus prestaciones \nno disminuya.<\/p>\n\n\n\n<p class=\"wp-block-paragraph\">Dentro de la complicada realidad econ\u00f3mica de nuestro pa\u00eds, algunos puntos pueden describir mejor esta problem\u00e1tica:<\/p>\n\n\n\n<ul class=\"wp-block-list\"><li>El Costo de los medicamentos aument\u00f3 un 130% ,<\/li><li>Los Insumos y la aparatolog\u00eda, en permanente avance, se adquieren en d\u00f3lares y los aportes se reciben en pesos.<\/li><li>Las\n prestaciones de Alta Complejidad se contin\u00faan realizando, pero OSECAC \nrecibe el dinero de la Superintendencia de Servicios de Salud (SSSalud) \ncon moras superiores a un a\u00f1o, en valor nominal y sin adecuaci\u00f3n \ninflacionaria ni intereses.<\/li><li>La\n necesidad de pedir cr\u00e9ditos en bancos estatales a tasas superiores al \n70%, para paliar los atrasos de dinero proveniente de la SSSalud.<\/li><\/ul>\n\n\n\n<p class=\"wp-block-paragraph\">Por\n \u00faltimo, el Estado Nacional prometi\u00f3 el reintegro del fondo solidario de\n redistribuci\u00f3n de las obras sociales, pero hasta el momento, nunca \nocurri\u00f3, y por eso urge implementar las medidas necesarias que \nposibiliten el pago de la deuda existente y la revisi\u00f3n del aporte e \nsalud de jubilados y monotributistas.<\/p>\n\n\n\n<p class=\"wp-block-paragraph\">Sin  dudas, el Sistema Solidario de Salud de OSECAC se encuentra en grave  riesgo, y con ella las 516.360 consultas m\u00e9dicas, 12.480 cirug\u00edas, 1.200  partos mensuales, junto a la atenci\u00f3n de 15.000 pacientes con  discapacidad, 6.000 enfermos de HIV y 27.000 diab\u00e9ticos, entre tantos  otros, teniendo como premisa fundamental que la salud de los  trabajadores no es una variable de ajuste negociable, y sabiendo que  solo con el di\u00e1logo, la concertaci\u00f3n y el acuerdo respecto a una real  financiaci\u00f3n del sistema de salud, se puede garantizar su continuidad y  permanencia, o caso contrario asistir a la antesala de un final  anunciado del Sistema de Salud Solidario.<\/p>\n\n\n\n<figure class=\"wp-block-image\"><img loading=\"lazy\" decoding=\"async\" width=\"783\" height=\"1024\" src=\"http:\/\/www.elsindical.com.ar\/notas\/var\/www\/html\/notas\/wp-content\/uploads\/2019\/05\/osecac3-783x1024.jpeg\" alt=\"\" class=\"wp-image-87151\" srcset=\"https:\/\/www.elsindical.com.ar\/notas\/var\/www\/html\/notas\/wp-content\/uploads\/2019\/05\/osecac3-783x1024.jpeg 783w, https:\/\/www.elsindical.com.ar\/notas\/var\/www\/html\/notas\/wp-content\/uploads\/2019\/05\/osecac3-229x300.jpeg 229w, https:\/\/www.elsindical.com.ar\/notas\/var\/www\/html\/notas\/wp-content\/uploads\/2019\/05\/osecac3-768x1004.jpeg 768w, https:\/\/www.elsindical.com.ar\/notas\/var\/www\/html\/notas\/wp-content\/uploads\/2019\/05\/osecac3.jpeg 979w\" sizes=\"auto, (max-width: 783px) 100vw, 783px\" \/><\/figure>\n","protected":false},"excerpt":{"rendered":"<p>La Obra Social de los Empleados de Comercio, con 2 millones de beneficiarios en todo el pa\u00eds, es la obra social solidaria m\u00e1s grande de la Argentina y se encuentra en grave riesgo debido a una cantidad desmesurada de monotributistas y jubilados adherentes que aportan menos de lo que corresponde para la cobertura del Programa&hellip;<\/p>\n","protected":false},"author":1,"featured_media":87150,"comment_status":"open","ping_status":"open","sticky":false,"template":"","format":"standard","meta":{"footnotes":""},"categories":[16],"tags":[7189,13091],"class_list":["post-87149","post","type-post","status-publish","format-standard","has-post-thumbnail","hentry","category-gremiales","tag-pmo","tag-secla"],"_links":{"self":[{"href":"https:\/\/www.elsindical.com.ar\/notas\/wp-json\/wp\/v2\/posts\/87149","targetHints":{"allow":["GET"]}}],"collection":[{"href":"https:\/\/www.elsindical.com.ar\/notas\/wp-json\/wp\/v2\/posts"}],"about":[{"href":"https:\/\/www.elsindical.com.ar\/notas\/wp-json\/wp\/v2\/types\/post"}],"author":[{"embeddable":true,"href":"https:\/\/www.elsindical.com.ar\/notas\/wp-json\/wp\/v2\/users\/1"}],"replies":[{"embeddable":true,"href":"https:\/\/www.elsindical.com.ar\/notas\/wp-json\/wp\/v2\/comments?post=87149"}],"version-history":[{"count":1,"href":"https:\/\/www.elsindical.com.ar\/notas\/wp-json\/wp\/v2\/posts\/87149\/revisions"}],"predecessor-version":[{"id":87152,"href":"https:\/\/www.elsindical.com.ar\/notas\/wp-json\/wp\/v2\/posts\/87149\/revisions\/87152"}],"wp:featuredmedia":[{"embeddable":true,"href":"https:\/\/www.elsindical.com.ar\/notas\/wp-json\/wp\/v2\/media\/87150"}],"wp:attachment":[{"href":"https:\/\/www.elsindical.com.ar\/notas\/wp-json\/wp\/v2\/media?parent=87149"}],"wp:term":[{"taxonomy":"category","embeddable":true,"href":"https:\/\/www.elsindical.com.ar\/notas\/wp-json\/wp\/v2\/categories?post=87149"},{"taxonomy":"post_tag","embeddable":true,"href":"https:\/\/www.elsindical.com.ar\/notas\/wp-json\/wp\/v2\/tags?post=87149"}],"curies":[{"name":"wp","href":"https:\/\/api.w.org\/{rel}","templated":true}]}}