{"id":87019,"date":"2019-05-08T09:39:48","date_gmt":"2019-05-08T12:39:48","guid":{"rendered":"http:\/\/www.elsindical.com.ar\/notas\/?p=87019"},"modified":"2019-05-08T09:39:59","modified_gmt":"2019-05-08T12:39:59","slug":"suben-vtv-acarreo-parquimetros-y-taxis","status":"publish","type":"post","link":"https:\/\/www.elsindical.com.ar\/notas\/suben-vtv-acarreo-parquimetros-y-taxis\/","title":{"rendered":"Suben VTV, acarreo, parqu\u00edmetros y taxis"},"content":{"rendered":"\n<figure class=\"wp-block-image\"><img loading=\"lazy\" decoding=\"async\" width=\"531\" height=\"309\" src=\"http:\/\/www.elsindical.com.ar\/notas\/var\/www\/html\/notas\/wp-content\/uploads\/2016\/01\/VTV-obligatoria-en-Capital-.jpg\" alt=\"\" class=\"wp-image-56403\" srcset=\"https:\/\/www.elsindical.com.ar\/notas\/var\/www\/html\/notas\/wp-content\/uploads\/2016\/01\/VTV-obligatoria-en-Capital-.jpg 531w, https:\/\/www.elsindical.com.ar\/notas\/var\/www\/html\/notas\/wp-content\/uploads\/2016\/01\/VTV-obligatoria-en-Capital--300x175.jpg 300w, https:\/\/www.elsindical.com.ar\/notas\/var\/www\/html\/notas\/wp-content\/uploads\/2016\/01\/VTV-obligatoria-en-Capital--500x291.jpg 500w\" sizes=\"auto, (max-width: 531px) 100vw, 531px\" \/><\/figure>\n\n\n\n<p class=\"wp-block-paragraph\">Incrementos del 20% al 40% en la  ciudad de Buenos Aires. Para recuperar el auto mal estacionado y  removido por la gr\u00faa, se deber\u00e1 pagar $1.600.\u00a0 <\/p>\n\n\n\n<p class=\"wp-block-paragraph\">L a Verificaci\u00f3n T\u00e9cnica Vehicular (VTV)  obligatoria, las fichas de los parqu\u00edmetros para estacionar en algunas  zonas de la ciudad, el acarreo de las gr\u00faas por mal estacionamiento y  las tarifas de los taxis recibieron autorizaci\u00f3n simult\u00e1nea por parte  del gobierno de la ciudad para aplicar incrementos que van del 20% al  40%.<\/p>\n\n\n\n<p class=\"wp-block-paragraph\">El primero en entrar en vigencia el fin de semana pasado fue el  ajuste de las fichas para el uso de parqu\u00edmetros, que pas\u00f3 de $10 a $13  con el objetivo minimizar la circulaci\u00f3n de automovilistas que llegan en  busca de espacios, \u00ab<em>lo cual impacta en el tr\u00e1nsito y en el medio ambiente\u00bb.<\/em><\/p>\n\n\n\n<p class=\"wp-block-paragraph\">Desde el s\u00e1bado el costo del acarreo por mal estacionamiento pas\u00f3  tambi\u00e9n de $1.400 a $1.800. La multa por esa infracci\u00f3n tiene un costo  similar. Es decir, aquel que cometa esta infracci\u00f3n y la gr\u00faa se lleve  el auto deber\u00e1 desembolsar $3.600. \u00ab<em>Cuando se ocupa indebidamente un  espacio de carga y descarga, o al reducir el cono de visibilidad en una  intersecci\u00f3n por estacionar sobre las ochavas, o al tapar una rampa  para discapacitados, se afecta no s\u00f3lo la convivencia sino tambi\u00e9n la  seguridad tanto de conductores como de peatones<\/em>\u00ab, explica la  resoluci\u00f3n oficial que determina el nuevo precio del acarreo y que fue  publicada el viernes pasado en el Bolet\u00edn Oficial porte\u00f1o.<\/p>\n\n\n\n<p class=\"wp-block-paragraph\">Por su parte, la VTV  pasa de $1.144 a $1.363 en el caso de los autos, y de $430 a $512 para  las motos. Igualmente, la Secretar\u00eda de Transporte porte\u00f1a pidi\u00f3 la  revisi\u00f3n del importe y recomend\u00f3 un incremento del 19% entendiendo que <em>\u00abrestablecer\u00eda razonablemente dicha ecuaci\u00f3n econ\u00f3mica\u00bb<\/em>.<\/p>\n\n\n\n<p class=\"wp-block-paragraph\">Para evaluar el pedido se convoc\u00f3 a una audiencia p\u00fablica para el pr\u00f3ximo 10 de junio. Toda variaci\u00f3n de costos superior al 5% <em>\u00abgenerar\u00e1 el derecho de solicitud de reconsideraci\u00f3n de tarifas\u00bb.<\/em>\u00a0Un  d\u00eda despu\u00e9s, el 11 de junio, se buscar\u00e1 aprobar incrementos en el uso  del taxi. El gobierno porte\u00f1o quiere llevar la ficha diurna de los  actuales $3,85 a $4,58, y la nocturna de $4,62 a $5,49.<\/p>\n\n\n\n<p class=\"wp-block-paragraph\">En tanto, se propone incrementar la bajada de bandera, que representa  el costo de 10 fichas, de $38,50 a $45,80 durante el d\u00eda y a $54,90  para el horario nocturno. Los aumentos est\u00e1n en l\u00ednea con los aplicados  la semana pasada en territorio bonaerense donde la Unidad Fija con la  que se calcula el valor pas\u00f3 a $49,72, un 11,7% m\u00e1s que a comienzos de  2019.<\/p>\n\n\n\n<p class=\"wp-block-paragraph\">Conducir sin luces, sin patentes, manejar alcoholizado o cruzar un \nsem\u00e1foro en rojo puede costar $49.720. La multa m\u00ednima, que se aplica \npara circular hablando por celular, sin seguro o sin casco, lleg\u00f3 a \n$2.486.<\/p>\n","protected":false},"excerpt":{"rendered":"<p>Incrementos del 20% al 40% en la ciudad de Buenos Aires. Para recuperar el auto mal estacionado y removido por la gr\u00faa, se deber\u00e1 pagar $1.600.\u00a0 L a Verificaci\u00f3n T\u00e9cnica Vehicular (VTV) obligatoria, las fichas de los parqu\u00edmetros para estacionar en algunas zonas de la ciudad, el acarreo de las gr\u00faas por mal estacionamiento y&hellip;<\/p>\n","protected":false},"author":1,"featured_media":56403,"comment_status":"open","ping_status":"open","sticky":false,"template":"","format":"standard","meta":{"footnotes":""},"categories":[9],"tags":[1754,999,21849],"class_list":["post-87019","post","type-post","status-publish","format-standard","has-post-thumbnail","hentry","category-economia","tag-aumentos","tag-taxis","tag-vtv"],"_links":{"self":[{"href":"https:\/\/www.elsindical.com.ar\/notas\/wp-json\/wp\/v2\/posts\/87019","targetHints":{"allow":["GET"]}}],"collection":[{"href":"https:\/\/www.elsindical.com.ar\/notas\/wp-json\/wp\/v2\/posts"}],"about":[{"href":"https:\/\/www.elsindical.com.ar\/notas\/wp-json\/wp\/v2\/types\/post"}],"author":[{"embeddable":true,"href":"https:\/\/www.elsindical.com.ar\/notas\/wp-json\/wp\/v2\/users\/1"}],"replies":[{"embeddable":true,"href":"https:\/\/www.elsindical.com.ar\/notas\/wp-json\/wp\/v2\/comments?post=87019"}],"version-history":[{"count":1,"href":"https:\/\/www.elsindical.com.ar\/notas\/wp-json\/wp\/v2\/posts\/87019\/revisions"}],"predecessor-version":[{"id":87020,"href":"https:\/\/www.elsindical.com.ar\/notas\/wp-json\/wp\/v2\/posts\/87019\/revisions\/87020"}],"wp:featuredmedia":[{"embeddable":true,"href":"https:\/\/www.elsindical.com.ar\/notas\/wp-json\/wp\/v2\/media\/56403"}],"wp:attachment":[{"href":"https:\/\/www.elsindical.com.ar\/notas\/wp-json\/wp\/v2\/media?parent=87019"}],"wp:term":[{"taxonomy":"category","embeddable":true,"href":"https:\/\/www.elsindical.com.ar\/notas\/wp-json\/wp\/v2\/categories?post=87019"},{"taxonomy":"post_tag","embeddable":true,"href":"https:\/\/www.elsindical.com.ar\/notas\/wp-json\/wp\/v2\/tags?post=87019"}],"curies":[{"name":"wp","href":"https:\/\/api.w.org\/{rel}","templated":true}]}}