{"id":87016,"date":"2019-05-08T09:35:46","date_gmt":"2019-05-08T12:35:46","guid":{"rendered":"http:\/\/www.elsindical.com.ar\/notas\/?p=87016"},"modified":"2019-05-08T09:35:46","modified_gmt":"2019-05-08T12:35:46","slug":"paro-en-la-linea-106-de-colectivos-por-24-horas","status":"publish","type":"post","link":"https:\/\/www.elsindical.com.ar\/notas\/paro-en-la-linea-106-de-colectivos-por-24-horas\/","title":{"rendered":"Paro en la l\u00ednea 106 de colectivos por 24 horas"},"content":{"rendered":"\n<figure class=\"wp-block-image\"><img decoding=\"async\" src=\"http:\/\/www.elsindical.com.ar\/notas\/var\/www\/html\/notas\/wp-content\/uploads\/2019\/05\/colectivo-l\u00ednea-106.jpg\" alt=\"\" class=\"wp-image-87017\"\/><\/figure>\n\n\n\n<p>Los choferes protestan por el\u00a0descuento indebido de haberes. La empresa presta servicio entre\u00a0Liniers y Retiro. <\/p>\n\n\n\n<p>hoferes de la l\u00ednea 106 de colectivos protestan porque la empresa  decidi\u00f3 descontarles del sueldo la jornada laboral del d\u00eda 30 de  abril fecha del paro general convocado por el Frente Sindical y las CTA.<\/p>\n\n\n\n<p>Ese d\u00eda la UTA no adhiri\u00f3 al paro, sin embargo una corriente interna  de la Uni\u00f3n de Tranviarios Automotor s\u00ed. Es decir\u00a0algunas l\u00edneas  anunciaron de antemano que no prestar\u00edan servicio\u00a0aquella  jornada,\u00a0pero\u00a0la\u00a0l\u00ednea 106, no estaba dentro de esa lista.<\/p>\n\n\n\n<p><em>\u00abNosotros el d\u00eda 30 nos presentamos a trabajar, a las 5:30 de la  ma\u00f1ana empezamos a prestar servicio y no tuvimos problemas hasta las  15:00 que empezamos a recibir agresiones\u00a0como rotura de vidrio en uno de  los veh\u00edculos que todav\u00eda est\u00e1 detenido.\u00a0Como no ten\u00edamos prevista la  seguridad paramos. No fue por adherir al paro sino por falta de  seguridad\u00bb<\/em>, explic\u00f3\u00a0<strong>Carlos Alonso<\/strong>, miembro de\u00a0la l\u00ednea 106, en di\u00e1logo con radio <em>La Red AM 910<\/em>. <\/p>\n\n\n\n<p><em>\u00abLos trabajadores se presentaron a trabajar, les corresponde cobrar\n el d\u00eda.&nbsp;Esto se termina inmediatamente cuando la empresa preste una \nsoluci\u00f3n sino el paro&nbsp;est\u00e1&nbsp;programado hasta las cero horas de hoy. No \nvamos a abandonar esta pelea\u00bb<\/em>, concluy\u00f3.\n\n<\/p>\n","protected":false},"excerpt":{"rendered":"<p>Los choferes protestan por el\u00a0descuento indebido de haberes. La empresa presta servicio entre\u00a0Liniers y Retiro. hoferes de la l\u00ednea 106 de colectivos protestan porque la empresa decidi\u00f3 descontarles del sueldo la jornada laboral del d\u00eda 30 de abril fecha del paro general convocado por el Frente Sindical y las CTA. Ese d\u00eda la UTA no&hellip;<\/p>\n","protected":false},"author":1,"featured_media":87017,"comment_status":"open","ping_status":"open","sticky":false,"template":"","format":"standard","meta":{"footnotes":""},"categories":[16],"tags":[633,30856,532],"class_list":["post-87016","post","type-post","status-publish","format-standard","has-post-thumbnail","hentry","category-gremiales","tag-choferes","tag-linea-colectivos-106","tag-retiro"],"_links":{"self":[{"href":"https:\/\/www.elsindical.com.ar\/notas\/wp-json\/wp\/v2\/posts\/87016","targetHints":{"allow":["GET"]}}],"collection":[{"href":"https:\/\/www.elsindical.com.ar\/notas\/wp-json\/wp\/v2\/posts"}],"about":[{"href":"https:\/\/www.elsindical.com.ar\/notas\/wp-json\/wp\/v2\/types\/post"}],"author":[{"embeddable":true,"href":"https:\/\/www.elsindical.com.ar\/notas\/wp-json\/wp\/v2\/users\/1"}],"replies":[{"embeddable":true,"href":"https:\/\/www.elsindical.com.ar\/notas\/wp-json\/wp\/v2\/comments?post=87016"}],"version-history":[{"count":1,"href":"https:\/\/www.elsindical.com.ar\/notas\/wp-json\/wp\/v2\/posts\/87016\/revisions"}],"predecessor-version":[{"id":87018,"href":"https:\/\/www.elsindical.com.ar\/notas\/wp-json\/wp\/v2\/posts\/87016\/revisions\/87018"}],"wp:featuredmedia":[{"embeddable":true,"href":"https:\/\/www.elsindical.com.ar\/notas\/wp-json\/wp\/v2\/media\/87017"}],"wp:attachment":[{"href":"https:\/\/www.elsindical.com.ar\/notas\/wp-json\/wp\/v2\/media?parent=87016"}],"wp:term":[{"taxonomy":"category","embeddable":true,"href":"https:\/\/www.elsindical.com.ar\/notas\/wp-json\/wp\/v2\/categories?post=87016"},{"taxonomy":"post_tag","embeddable":true,"href":"https:\/\/www.elsindical.com.ar\/notas\/wp-json\/wp\/v2\/tags?post=87016"}],"curies":[{"name":"wp","href":"https:\/\/api.w.org\/{rel}","templated":true}]}}