{"id":86833,"date":"2019-04-30T09:32:27","date_gmt":"2019-04-30T12:32:27","guid":{"rendered":"http:\/\/www.elsindical.com.ar\/notas\/?p=86833"},"modified":"2019-04-30T09:38:35","modified_gmt":"2019-04-30T12:38:35","slug":"presidente-de-camara-de-diputados-bonaerense-denuncio-ser-victima-de-maniobra-extorsiva","status":"publish","type":"post","link":"https:\/\/www.elsindical.com.ar\/notas\/presidente-de-camara-de-diputados-bonaerense-denuncio-ser-victima-de-maniobra-extorsiva\/","title":{"rendered":"Presidente de C\u00e1mara de Diputados bonaerense denunci\u00f3 ser \u00abv\u00edctima de maniobra extorsiva\u00bb"},"content":{"rendered":"\n<figure class=\"wp-block-image\"><img loading=\"lazy\" decoding=\"async\" width=\"1000\" height=\"614\" src=\"http:\/\/www.elsindical.com.ar\/notas\/var\/www\/html\/notas\/wp-content\/uploads\/2019\/04\/Manuel-Mosca-en-la-c\u00e1mara.jpg\" alt=\"\" class=\"wp-image-86834\" srcset=\"https:\/\/www.elsindical.com.ar\/notas\/var\/www\/html\/notas\/wp-content\/uploads\/2019\/04\/Manuel-Mosca-en-la-c\u00e1mara.jpg 1000w, https:\/\/www.elsindical.com.ar\/notas\/var\/www\/html\/notas\/wp-content\/uploads\/2019\/04\/Manuel-Mosca-en-la-c\u00e1mara-300x184.jpg 300w, https:\/\/www.elsindical.com.ar\/notas\/var\/www\/html\/notas\/wp-content\/uploads\/2019\/04\/Manuel-Mosca-en-la-c\u00e1mara-768x472.jpg 768w, https:\/\/www.elsindical.com.ar\/notas\/var\/www\/html\/notas\/wp-content\/uploads\/2019\/04\/Manuel-Mosca-en-la-c\u00e1mara-489x300.jpg 489w\" sizes=\"auto, (max-width: 1000px) 100vw, 1000px\" \/><\/figure>\n\n\n\n<p> Manuel Mosca present\u00f3  50 nombres de pol\u00edticos y periodistas supuestamente relacionados \u00abpara  participar de una denuncia contra \u00e9l\u00bb. <\/p>\n\n\n\n<p>El presidente de la <strong>C\u00e1mara de Diputados bonaerense<\/strong>, <strong>Manuel Mosca<\/strong>, pidi\u00f3 <strong>licencia<\/strong> ante ese cuerpo legislativo e incluso su desafuero, al tiempo que <strong>denunci\u00f3<\/strong> en la Justicia que es <strong>v\u00edctima de una extorsi\u00f3n tras ser acusado de presunto abuso sexual<\/strong>, seg\u00fan se inform\u00f3 hoy.<\/p>\n\n\n\n<p>Mosca present\u00f3 este lunes en la <strong>Unidad Funcional de Instrucci\u00f3n y Juicio N\u00b0 11<\/strong>, encabezada por <strong>\u00c1lvaro Garganta<\/strong>, una denuncia para solicitar que se investigue el delito de coacci\u00f3n agravada y extorsi\u00f3n, por sentirse <strong>\u00abv\u00edctima de una maniobra extorsiva, iniciada en diciembre de 2018, en torno a una supuesta denuncia de acoso sexual\u00bb<\/strong> contra su persona.<\/p>\n\n\n\n<p>Tras salir de la fiscal\u00eda de Garganta, Mosca inform\u00f3 que pidi\u00f3 una \nlicencia, sin goce de haberes, a su banca de diputado, por consiguiente,\n a la presidencia del Cuerpo, y solicit\u00f3 su desafuero \u00aba efectos de \nfacilitar el normal desenvolvimiento de cualquier proceso judicial\u00bb.<\/p>\n\n\n\n<p><strong>\u00abManuel acaba de presentar una denuncia ante el Poder \nJudicial y siente que no es justo hacerlo siendo titular de otro Poder \ndel Estado\u00bb<\/strong>, se\u00f1alaron en el entorno del actual titular de la C\u00e1mara joven provincial.<\/p>\n\n\n\n<p>Seg\u00fan trascendi\u00f3 de fuentes judiciales, Mosca habr\u00eda presentado \naproximadamente 50 nombres de personas del \u00e1mbito pol\u00edtico, de su \nentorno personal, y algunos trabajadores de prensa, que le habr\u00edan \nexpresado de diciembre hasta la actualidad, haber sido contactados por \ndiferentes v\u00edas \u00abpara ofrecerles participar de una denuncia contra \u00e9l o,\n en el caso de algunos periodistas, darle difusi\u00f3n anticipadamente a la \nnoticia de una denuncia\u00bb.<\/p>\n\n\n\n<p><strong>\u00c9sta es la segunda presentaci\u00f3n judicial de parte de Mosca<\/strong>,\n sobre este tema: la primera fue realizada durante diciembre de 2018, a \npartir de los primeros correos electr\u00f3nicos intimidatorios recibidos \nsupuestamente por el presidente de la C\u00e1mara de Diputados.<\/p>\n\n\n\n<p>De acuerdo a los primeros trascendidos, en esta nueva denuncia, el \ntitular de la C\u00e1mara baja provincial habr\u00eda aportado como pruebas \naudios, correos electr\u00f3nicos y conversaciones de Whatsapp que \nsustentar\u00edan el contenido de la denuncia.<\/p>\n\n\n\n<p>Tambi\u00e9n se detall\u00f3 hoy por fuentes cercanas a Mosca que entre los \nnombres que menciona para ser citados por Garganta, se encontrar\u00edan \nfuncionarios y legisladores del \u00e1mbito nacional, concejales, \nfuncionarios de la C\u00e1mara y periodistas.<\/p>\n\n\n\n<p>El pedido de licencia y desafuero ser\u00e1 tratado en una sesi\u00f3n  convocada por el propio diputado Mosca, en su condici\u00f3n de presidente  del cuerpo, para el pr\u00f3ximo jueves 9 de mayo.<\/p>\n\n\n\n<p>El recinto deber\u00e1 mostrar mayor\u00eda agravada para autorizar la <strong>licencia solicitada<\/strong>.<\/p>\n","protected":false},"excerpt":{"rendered":"<p>Manuel Mosca present\u00f3 50 nombres de pol\u00edticos y periodistas supuestamente relacionados \u00abpara participar de una denuncia contra \u00e9l\u00bb. El presidente de la C\u00e1mara de Diputados bonaerense, Manuel Mosca, pidi\u00f3 licencia ante ese cuerpo legislativo e incluso su desafuero, al tiempo que denunci\u00f3 en la Justicia que es v\u00edctima de una extorsi\u00f3n tras ser acusado de&hellip;<\/p>\n","protected":false},"author":1,"featured_media":86834,"comment_status":"open","ping_status":"open","sticky":false,"template":"","format":"standard","meta":{"footnotes":""},"categories":[13],"tags":[783,175,27734,256],"class_list":["post-86833","post","type-post","status-publish","format-standard","has-post-thumbnail","hentry","category-politica","tag-abuso-sexual","tag-denuncia","tag-manuel-mosca","tag-periodistas"],"_links":{"self":[{"href":"https:\/\/www.elsindical.com.ar\/notas\/wp-json\/wp\/v2\/posts\/86833","targetHints":{"allow":["GET"]}}],"collection":[{"href":"https:\/\/www.elsindical.com.ar\/notas\/wp-json\/wp\/v2\/posts"}],"about":[{"href":"https:\/\/www.elsindical.com.ar\/notas\/wp-json\/wp\/v2\/types\/post"}],"author":[{"embeddable":true,"href":"https:\/\/www.elsindical.com.ar\/notas\/wp-json\/wp\/v2\/users\/1"}],"replies":[{"embeddable":true,"href":"https:\/\/www.elsindical.com.ar\/notas\/wp-json\/wp\/v2\/comments?post=86833"}],"version-history":[{"count":1,"href":"https:\/\/www.elsindical.com.ar\/notas\/wp-json\/wp\/v2\/posts\/86833\/revisions"}],"predecessor-version":[{"id":86835,"href":"https:\/\/www.elsindical.com.ar\/notas\/wp-json\/wp\/v2\/posts\/86833\/revisions\/86835"}],"wp:featuredmedia":[{"embeddable":true,"href":"https:\/\/www.elsindical.com.ar\/notas\/wp-json\/wp\/v2\/media\/86834"}],"wp:attachment":[{"href":"https:\/\/www.elsindical.com.ar\/notas\/wp-json\/wp\/v2\/media?parent=86833"}],"wp:term":[{"taxonomy":"category","embeddable":true,"href":"https:\/\/www.elsindical.com.ar\/notas\/wp-json\/wp\/v2\/categories?post=86833"},{"taxonomy":"post_tag","embeddable":true,"href":"https:\/\/www.elsindical.com.ar\/notas\/wp-json\/wp\/v2\/tags?post=86833"}],"curies":[{"name":"wp","href":"https:\/\/api.w.org\/{rel}","templated":true}]}}