{"id":86796,"date":"2019-04-28T21:45:50","date_gmt":"2019-04-29T00:45:50","guid":{"rendered":"http:\/\/www.elsindical.com.ar\/notas\/?p=86796"},"modified":"2019-04-28T21:46:25","modified_gmt":"2019-04-29T00:46:25","slug":"afip-vs-uber-el-organismo-reclama-impuestos-por-mas-de-358-millones","status":"publish","type":"post","link":"https:\/\/www.elsindical.com.ar\/notas\/afip-vs-uber-el-organismo-reclama-impuestos-por-mas-de-358-millones\/","title":{"rendered":"AFIP vs. Uber: el organismo reclama impuestos por m\u00e1s de $358 millones"},"content":{"rendered":"\n<figure class=\"wp-block-image\"><img loading=\"lazy\" decoding=\"async\" width=\"531\" height=\"531\" src=\"http:\/\/www.elsindical.com.ar\/notas\/var\/www\/html\/notas\/wp-content\/uploads\/2017\/01\/UBER-logo.jpg\" alt=\"\" class=\"wp-image-65084\" srcset=\"https:\/\/www.elsindical.com.ar\/notas\/var\/www\/html\/notas\/wp-content\/uploads\/2017\/01\/UBER-logo.jpg 531w, https:\/\/www.elsindical.com.ar\/notas\/var\/www\/html\/notas\/wp-content\/uploads\/2017\/01\/UBER-logo-150x150.jpg 150w, https:\/\/www.elsindical.com.ar\/notas\/var\/www\/html\/notas\/wp-content\/uploads\/2017\/01\/UBER-logo-300x300.jpg 300w\" sizes=\"auto, (max-width: 531px) 100vw, 531px\" \/><\/figure>\n\n\n\n<p> El reclamo detalla que  la empresa de transporte debe pagar IVA y Ganancias, adem\u00e1s de impuestos  a la seguridad social por m\u00e1s de 16.000 choferes. <\/p>\n\n\n\n<p>La <em><strong>AFIP<\/strong><\/em>\u00a0le reclama a la empresa de transporte\u00a0<strong><em>Uber<\/em><\/strong>\u00a0<strong>impuestos  por m\u00e1s de $358 millones. Seg\u00fan el organismo, el reclamo es por  los\u00a0per\u00edodos fiscales 2016 y 2017 e implica\u00a0IVA y Ganancias, adem\u00e1s de  impuestos a la seguridad social por m\u00e1s de 16.000 choferes.<\/strong><\/p>\n\n\n\n<p>La deuda con el fisco rondar\u00eda los\u00a0$358.700.000. Esto se desprende de  una deuda de $147,4 millones de\u00a0IVA\u00a0y Ganancias y de $211,3 millones de  impuestos a la seguridad social.<\/p>\n\n\n\n<p>La decisi\u00f3n de la Administraci\u00f3n Federal de Ingresos P\u00fablicos  surgi\u00f3 luego de un trabajo en conjunto de fiscalizaci\u00f3n de dos  dependencias de la AFIP: la Direcci\u00f3n General Impositiva (DGI) y la  Direcci\u00f3n General de los Recursos de la Seguridad Social.<\/p>\n\n\n\n<p><strong>\u00abSe dispuso el cobro de impuestos nacionales por \n$147.493.678, producto de $67.042.581 del Impuesto a las Ganancias y \n$80.451.097 del IVA\u00bb, detalla el comunicado.<\/strong><\/p>\n\n\n\n<p>\u00abPese a haber desarrollado operaciones por cifras millonarias, se \nregistra una ausencia total de declaraciones y pagos impositivos por \nparte del grupo. Al realizar un profundo an\u00e1lisis del movimiento de los \nfondos cobrados por los viajes en el pa\u00eds, se detect\u00f3 que el dinero se \ntransfiri\u00f3 en su totalidad al exterior a trav\u00e9s de un complejo entramado\n societario internacional\u00bb, a\u00f1ade.<\/p>\n\n\n\n<p>Adem\u00e1s,&nbsp; la Direcci\u00f3n General de los Recursos de la Seguridad Social \nde la AFIP estableci\u00f3 que los choferes de Uber son empleados en relaci\u00f3n\n de dependencia y no trabajadores independientes, como sostiene la \nempresa.<\/p>\n\n\n\n<p>\u00abLa empresa determina las condiciones en que los choferes deben \nprestar el servicio a trav\u00e9s de la aplicaci\u00f3n; fija la tarifa y el \nrecorrido; y, en base a las calificaciones del pasajero, puede \n&#8216;desconectar&#8217; al chofer, quien, adem\u00e1s, no cobra directamente, sino que \nes Uber quien le deposita la remuneraci\u00f3n en una cuenta que debe tener a\n tal fin\u00bb, explicaron.<\/p>\n\n\n\n<p>\u00abEl entramado de sociedades, compuesto por empresas nacionales y \nextranjeras, se cre\u00f3 para dificultar ante el fisco la identificaci\u00f3n de \nlos responsables de llevar adelante la actividad de transporte de \npasajeros. La fiscalizaci\u00f3n concluy\u00f3 que no se pagaron tributos a la \nseguridad social porm\u00e1s de 16.000 choferes\u00bb, agragaron.<\/p>\n\n\n\n<p><strong>En detalle, el organismo determin\u00f3 que&nbsp;existe una deuda \ncorrespondiente a los aportes ($24.927.589) y contribuciones \n($31.070.025) a la Seguridad Social, m\u00e1s intereses ($43,3 millones) y \nmultas ($111,9 millones).<\/strong><\/p>\n","protected":false},"excerpt":{"rendered":"<p>El reclamo detalla que la empresa de transporte debe pagar IVA y Ganancias, adem\u00e1s de impuestos a la seguridad social por m\u00e1s de 16.000 choferes. La AFIP\u00a0le reclama a la empresa de transporte\u00a0Uber\u00a0impuestos por m\u00e1s de $358 millones. Seg\u00fan el organismo, el reclamo es por los\u00a0per\u00edodos fiscales 2016 y 2017 e implica\u00a0IVA y Ganancias, adem\u00e1s&hellip;<\/p>\n","protected":false},"author":1,"featured_media":65084,"comment_status":"open","ping_status":"open","sticky":false,"template":"","format":"standard","meta":{"footnotes":""},"categories":[9],"tags":[2580,2408,23277],"class_list":["post-86796","post","type-post","status-publish","format-standard","has-post-thumbnail","hentry","category-economia","tag-dgi","tag-evasion","tag-uber"],"_links":{"self":[{"href":"https:\/\/www.elsindical.com.ar\/notas\/wp-json\/wp\/v2\/posts\/86796","targetHints":{"allow":["GET"]}}],"collection":[{"href":"https:\/\/www.elsindical.com.ar\/notas\/wp-json\/wp\/v2\/posts"}],"about":[{"href":"https:\/\/www.elsindical.com.ar\/notas\/wp-json\/wp\/v2\/types\/post"}],"author":[{"embeddable":true,"href":"https:\/\/www.elsindical.com.ar\/notas\/wp-json\/wp\/v2\/users\/1"}],"replies":[{"embeddable":true,"href":"https:\/\/www.elsindical.com.ar\/notas\/wp-json\/wp\/v2\/comments?post=86796"}],"version-history":[{"count":1,"href":"https:\/\/www.elsindical.com.ar\/notas\/wp-json\/wp\/v2\/posts\/86796\/revisions"}],"predecessor-version":[{"id":86797,"href":"https:\/\/www.elsindical.com.ar\/notas\/wp-json\/wp\/v2\/posts\/86796\/revisions\/86797"}],"wp:featuredmedia":[{"embeddable":true,"href":"https:\/\/www.elsindical.com.ar\/notas\/wp-json\/wp\/v2\/media\/65084"}],"wp:attachment":[{"href":"https:\/\/www.elsindical.com.ar\/notas\/wp-json\/wp\/v2\/media?parent=86796"}],"wp:term":[{"taxonomy":"category","embeddable":true,"href":"https:\/\/www.elsindical.com.ar\/notas\/wp-json\/wp\/v2\/categories?post=86796"},{"taxonomy":"post_tag","embeddable":true,"href":"https:\/\/www.elsindical.com.ar\/notas\/wp-json\/wp\/v2\/tags?post=86796"}],"curies":[{"name":"wp","href":"https:\/\/api.w.org\/{rel}","templated":true}]}}