{"id":86787,"date":"2019-04-27T19:45:18","date_gmt":"2019-04-27T22:45:18","guid":{"rendered":"http:\/\/www.elsindical.com.ar\/notas\/?p=86787"},"modified":"2019-04-27T19:45:18","modified_gmt":"2019-04-27T22:45:18","slug":"cosugas-s-a-y-la-impunidad-de-una-empresa-con-un-municipio-ausente","status":"publish","type":"post","link":"https:\/\/www.elsindical.com.ar\/notas\/cosugas-s-a-y-la-impunidad-de-una-empresa-con-un-municipio-ausente\/","title":{"rendered":"Cosugas S.A. y la impunidad de una empresa con un municipio ausente"},"content":{"rendered":"\n<figure class=\"wp-block-image\"><img loading=\"lazy\" decoding=\"async\" width=\"797\" height=\"598\" src=\"http:\/\/www.elsindical.com.ar\/notas\/var\/www\/html\/notas\/wp-content\/uploads\/2019\/04\/Cosugas-Col\u00f3n-y-Alsina.jpg\" alt=\"\" class=\"wp-image-86788\" srcset=\"https:\/\/www.elsindical.com.ar\/notas\/var\/www\/html\/notas\/wp-content\/uploads\/2019\/04\/Cosugas-Col\u00f3n-y-Alsina.jpg 797w, https:\/\/www.elsindical.com.ar\/notas\/var\/www\/html\/notas\/wp-content\/uploads\/2019\/04\/Cosugas-Col\u00f3n-y-Alsina-300x225.jpg 300w, https:\/\/www.elsindical.com.ar\/notas\/var\/www\/html\/notas\/wp-content\/uploads\/2019\/04\/Cosugas-Col\u00f3n-y-Alsina-768x576.jpg 768w, https:\/\/www.elsindical.com.ar\/notas\/var\/www\/html\/notas\/wp-content\/uploads\/2019\/04\/Cosugas-Col\u00f3n-y-Alsina-400x300.jpg 400w\" sizes=\"auto, (max-width: 797px) 100vw, 797px\" \/><\/figure>\n\n\n\n<p>    Hace varios d\u00edas que vecinos de la zona de la intersecci\u00f3n de las calles Col\u00f3n y Alsina protestan por las redes sociales por el ruido de los chapones que la empresa Cosugas S.A. dej\u00f3 mal colocados en los trabajos que se encuentra realizando a pesar de ello nadie se ha hecho cargo de la situaci\u00f3n, ni la empresa ni el municipio.<\/p>\n\n\n\n<p>Son muchos los vecinos que han roto cubiertas y llantas por negligencia de esta empresa que parece gozar de impunidad para hacer mal su trabajo, no solo los chapones son un peligro por la superficie resbaladiza que se acrecienta en d\u00edas de lluvia, sino que los bulones colocados sobresalen varios cent\u00edmetros, lo que puede generar roturas y accidentes.<\/p>\n\n\n\n<p>La Secretaria de Obras y Servicios P\u00fablicos a cargo del ingeniero Ariel Alejandro Lambezat, varias veces mencionados por el Diario El Sindical sobre irregularidades en su gesti\u00f3n, parece ser el \u00fanico que no se entera de los reclamos de los vecinos, cuando es su responsabilidad como funcionario p\u00fablico el controlar el correcto desarrollo de las obras que se realizan en el \u00e1mbito del municipio, est\u00e1 entre sus obligaciones controlar y sancionar a las empresas que provocan da\u00f1os por no cuidar las medidas de seguridad.<\/p>\n\n\n\n<p>El d\u00eda mi\u00e9rcoles 24 de abril, en la mencionada esquina se produjo un accidente por as\u00ed llamarlo, ya que se podr\u00edan evitar hechos lamentables si alguien se ocupara de hacer su trabajo.<\/p>\n\n\n\n<p>Ser\u00e1 cuesti\u00f3n de que la suerte no nos dej\u00e9 un herido grave o un muerto por la falta de soluci\u00f3n de el desastre que han provocado en la v\u00eda p\u00fablica, los damnificados de da\u00f1os y los vecinos deber\u00edan reclamar al municipio y a la empresa Cosugas S.A.  CUIT: 30-62879389-8 con domicilio en el partido de Quilmes en la calle Ort\u00edz de Ocampo 19, tel\u00e9fono  011 4257-0994.<\/p>\n\n\n\n<figure class=\"wp-block-image\"><img loading=\"lazy\" decoding=\"async\" width=\"620\" height=\"827\" src=\"http:\/\/www.elsindical.com.ar\/notas\/var\/www\/html\/notas\/wp-content\/uploads\/2019\/04\/accidente-Cosugas-Col\u00f3n-y-Alsina.jpg\" alt=\"\" class=\"wp-image-86789\" srcset=\"https:\/\/www.elsindical.com.ar\/notas\/var\/www\/html\/notas\/wp-content\/uploads\/2019\/04\/accidente-Cosugas-Col\u00f3n-y-Alsina.jpg 620w, https:\/\/www.elsindical.com.ar\/notas\/var\/www\/html\/notas\/wp-content\/uploads\/2019\/04\/accidente-Cosugas-Col\u00f3n-y-Alsina-225x300.jpg 225w\" sizes=\"auto, (max-width: 620px) 100vw, 620px\" \/><\/figure>\n\n\n\n<iframe loading=\"lazy\" width=\"580\" height=\"420\" src=\"https:\/\/www.youtube.com\/embed\/kcrf_yM-0W4\" frameborder=\"0\" allow=\"accelerometer; autoplay; encrypted-media; gyroscope; picture-in-picture\" allowfullscreen><\/iframe>\n\n\n\n<p>Por Marcelo Ricardo Hawrylciw<\/p>\n","protected":false},"excerpt":{"rendered":"<p>Hace varios d\u00edas que vecinos de la zona de la intersecci\u00f3n de las calles Col\u00f3n y Alsina protestan por las redes sociales por el ruido de los chapones que la empresa Cosugas S.A. dej\u00f3 mal colocados en los trabajos que se encuentra realizando a pesar de ello nadie se ha hecho cargo de la situaci\u00f3n,&hellip;<\/p>\n","protected":false},"author":1,"featured_media":86788,"comment_status":"open","ping_status":"open","sticky":false,"template":"","format":"standard","meta":{"footnotes":""},"categories":[10],"tags":[461,30483,3507,986],"class_list":["post-86787","post","type-post","status-publish","format-standard","has-post-thumbnail","hentry","category-editorial","tag-avellaneda","tag-cosugas-s-a-2","tag-danos","tag-vecinos"],"_links":{"self":[{"href":"https:\/\/www.elsindical.com.ar\/notas\/wp-json\/wp\/v2\/posts\/86787","targetHints":{"allow":["GET"]}}],"collection":[{"href":"https:\/\/www.elsindical.com.ar\/notas\/wp-json\/wp\/v2\/posts"}],"about":[{"href":"https:\/\/www.elsindical.com.ar\/notas\/wp-json\/wp\/v2\/types\/post"}],"author":[{"embeddable":true,"href":"https:\/\/www.elsindical.com.ar\/notas\/wp-json\/wp\/v2\/users\/1"}],"replies":[{"embeddable":true,"href":"https:\/\/www.elsindical.com.ar\/notas\/wp-json\/wp\/v2\/comments?post=86787"}],"version-history":[{"count":1,"href":"https:\/\/www.elsindical.com.ar\/notas\/wp-json\/wp\/v2\/posts\/86787\/revisions"}],"predecessor-version":[{"id":86790,"href":"https:\/\/www.elsindical.com.ar\/notas\/wp-json\/wp\/v2\/posts\/86787\/revisions\/86790"}],"wp:featuredmedia":[{"embeddable":true,"href":"https:\/\/www.elsindical.com.ar\/notas\/wp-json\/wp\/v2\/media\/86788"}],"wp:attachment":[{"href":"https:\/\/www.elsindical.com.ar\/notas\/wp-json\/wp\/v2\/media?parent=86787"}],"wp:term":[{"taxonomy":"category","embeddable":true,"href":"https:\/\/www.elsindical.com.ar\/notas\/wp-json\/wp\/v2\/categories?post=86787"},{"taxonomy":"post_tag","embeddable":true,"href":"https:\/\/www.elsindical.com.ar\/notas\/wp-json\/wp\/v2\/tags?post=86787"}],"curies":[{"name":"wp","href":"https:\/\/api.w.org\/{rel}","templated":true}]}}