{"id":86753,"date":"2019-04-26T10:44:30","date_gmt":"2019-04-26T13:44:30","guid":{"rendered":"http:\/\/www.elsindical.com.ar\/notas\/?p=86753"},"modified":"2019-04-26T10:44:30","modified_gmt":"2019-04-26T13:44:30","slug":"alimentos-y-articulos-de-limpieza-aumenta-hasta-el-15-desde-el-lunes","status":"publish","type":"post","link":"https:\/\/www.elsindical.com.ar\/notas\/alimentos-y-articulos-de-limpieza-aumenta-hasta-el-15-desde-el-lunes\/","title":{"rendered":"Alimentos y art\u00edculos de limpieza aumenta hasta el 15% desde el lunes"},"content":{"rendered":"\n<figure class=\"wp-block-image\"><img loading=\"lazy\" decoding=\"async\" width=\"1024\" height=\"575\" src=\"http:\/\/www.elsindical.com.ar\/notas\/var\/www\/html\/notas\/wp-content\/uploads\/2018\/11\/compras-super-1024x575.jpg\" alt=\"\" class=\"wp-image-82332\" srcset=\"https:\/\/www.elsindical.com.ar\/notas\/var\/www\/html\/notas\/wp-content\/uploads\/2018\/11\/compras-super-1024x575.jpg 1024w, https:\/\/www.elsindical.com.ar\/notas\/var\/www\/html\/notas\/wp-content\/uploads\/2018\/11\/compras-super-300x168.jpg 300w, https:\/\/www.elsindical.com.ar\/notas\/var\/www\/html\/notas\/wp-content\/uploads\/2018\/11\/compras-super-768x431.jpg 768w, https:\/\/www.elsindical.com.ar\/notas\/var\/www\/html\/notas\/wp-content\/uploads\/2018\/11\/compras-super-500x281.jpg 500w, https:\/\/www.elsindical.com.ar\/notas\/var\/www\/html\/notas\/wp-content\/uploads\/2018\/11\/compras-super.jpg 1140w\" sizes=\"auto, (max-width: 1024px) 100vw, 1024px\" \/><\/figure>\n\n\n\n<p class=\"wp-block-paragraph\">Se cae el \u00abpacto de caballeros\u00bb: muchos de los incrementos estar\u00e1n presentes desde el 29 de abril y otros desde el 2 de mayo.\u00a0 <\/p>\n\n\n\n<p class=\"wp-block-paragraph\">A escasos d\u00edas del \u00abpacto de caballeros\u00bb con el gobierno nacional en  torno a los 64 Precios Esenciales, las compa\u00f1\u00edas industriales que  dominan el mercado alimenticio y de limpieza remarcaron la enorme  mayor\u00eda de sus productos hasta 15%, lo que se notar\u00e1 en las g\u00f3ndolas  desde el pr\u00f3ximo lunes y en varias jornadas consecutivas, en un \u00abmazazo\u00bb  del mercado a las expectativas oficiales.<\/p>\n\n\n\n<p class=\"wp-block-paragraph\">Fuentes de los hipermercados; de cadenas provinciales; almaneces y autoservicios; y de los supermercados chinos revelaron <em><strong> <\/strong><\/em>que  los nuevos listados de precios -que circularon toda esta semana- tienen  aumentos del 5% al 15%, debido a la inflaci\u00f3n en los costos acumulada  de meses anteriores. Estar\u00e1n vigentes muchos de ellos desde el lunes 29,  y otros desde el pr\u00f3ximo 2 de mayo.<\/p>\n\n\n\n<p class=\"wp-block-paragraph\">En todos los canales consultados, coincidieron en que son las \nempresas l\u00edderes las que avanzan con los incrementos, lo cual acent\u00faa el\n dominio que tienen en el mercado ante la falta de intervenci\u00f3n del \ngobierno para combatir la inflaci\u00f3n. Mientras el mayor hermetismo se \napreci\u00f3 en los hipermercados, fuentes de la C\u00e1mara Argentina de \nSupermercados (CAS); la Federaci\u00f3n Argentina de Supermercados (FASA); \nFederaci\u00f3n de Entidades de Autoservicistas, Almaceneros, \nSupermercadistas y Polirrubros (FABA); y la c\u00e1mara Cedeapsa, de s\u00faper \nchinos, expresaron su preocupaci\u00f3n por el accionar de los industriales \nde la alimentaci\u00f3n.<\/p>\n\n\n\n<p class=\"wp-block-paragraph\">La presidenta de la C\u00e1mara Empresarial de Desarrollo Argentino y  Pa\u00edses del Sudeste Asi\u00e1tico (Cedeapsa), Yolanda Dur\u00e1n, expres\u00f3 anoche a  este medio que \u00ab<em>suben entre 10 y 15 por ciento casi todas las  empresas l\u00edderes. Los listados circularon desde el lunes pasado y entran  en vigencia la semana que viene<\/em>\u00ab. <\/p>\n\n\n\n<p class=\"wp-block-paragraph\">Los incrementos generales y masivos da\u00f1ar\u00e1n el efecto, en principio  positivo, que tendr\u00eda Precios Esenciales. Aunque no se conocen las  marcas, se esperan remarcaciones en los bienes de la canasta b\u00e1sica,  como harina, fideos, aceite, yerba, polenta, arroz, gaseosas, cervezas, y  productos de limpieza y tocador.<\/p>\n\n\n\n<p class=\"wp-block-paragraph\">Asimismo, habr\u00e1 un notable incremento en el precio de los fiambres, \ndonde las subas variar\u00e1n entre el 10% y el 30%. En este producto puntual\n se espera que las mayores remarcaciones se vean en los comercios de \nbarrio por encima de las grandes superficies. Como ya es costumbre, los \nnombres de las empresas que remarcan se repiten en forma mensual y en un\n contexto de bajo consumo.<\/p>\n\n\n\n<p class=\"wp-block-paragraph\">Ante el aumento del d\u00f3lar, el titular de la empresa Cabrales, Mart\u00edn \nCabrales, dijo este martes&nbsp;que por ahora podr\u00e1 respetarse el \ncumplimiento del acuerdo sobre Precios Esenciales. <em>\u00abNo quiero ser alarmista ni sacar los pies del plato\u00bb<\/em>,\n manifest\u00f3 cuando se le insisti\u00f3 si con el alza del d\u00f3lar podr\u00e1n \nrespetarse los valores; y dio a entender que si la divisa supera los 52 \npesos habr\u00e1 que revisarlos.<\/p>\n","protected":false},"excerpt":{"rendered":"<p>Se cae el \u00abpacto de caballeros\u00bb: muchos de los incrementos estar\u00e1n presentes desde el 29 de abril y otros desde el 2 de mayo.\u00a0 A escasos d\u00edas del \u00abpacto de caballeros\u00bb con el gobierno nacional en torno a los 64 Precios Esenciales, las compa\u00f1\u00edas industriales que dominan el mercado alimenticio y de limpieza remarcaron la&hellip;<\/p>\n","protected":false},"author":1,"featured_media":82332,"comment_status":"open","ping_status":"open","sticky":false,"template":"","format":"standard","meta":{"footnotes":""},"categories":[9],"tags":[30794,22023,29084,30795],"class_list":["post-86753","post","type-post","status-publish","format-standard","has-post-thumbnail","hentry","category-economia","tag-almacenes","tag-economia","tag-hipermercados","tag-pacto-de-caballeros"],"_links":{"self":[{"href":"https:\/\/www.elsindical.com.ar\/notas\/wp-json\/wp\/v2\/posts\/86753","targetHints":{"allow":["GET"]}}],"collection":[{"href":"https:\/\/www.elsindical.com.ar\/notas\/wp-json\/wp\/v2\/posts"}],"about":[{"href":"https:\/\/www.elsindical.com.ar\/notas\/wp-json\/wp\/v2\/types\/post"}],"author":[{"embeddable":true,"href":"https:\/\/www.elsindical.com.ar\/notas\/wp-json\/wp\/v2\/users\/1"}],"replies":[{"embeddable":true,"href":"https:\/\/www.elsindical.com.ar\/notas\/wp-json\/wp\/v2\/comments?post=86753"}],"version-history":[{"count":1,"href":"https:\/\/www.elsindical.com.ar\/notas\/wp-json\/wp\/v2\/posts\/86753\/revisions"}],"predecessor-version":[{"id":86754,"href":"https:\/\/www.elsindical.com.ar\/notas\/wp-json\/wp\/v2\/posts\/86753\/revisions\/86754"}],"wp:featuredmedia":[{"embeddable":true,"href":"https:\/\/www.elsindical.com.ar\/notas\/wp-json\/wp\/v2\/media\/82332"}],"wp:attachment":[{"href":"https:\/\/www.elsindical.com.ar\/notas\/wp-json\/wp\/v2\/media?parent=86753"}],"wp:term":[{"taxonomy":"category","embeddable":true,"href":"https:\/\/www.elsindical.com.ar\/notas\/wp-json\/wp\/v2\/categories?post=86753"},{"taxonomy":"post_tag","embeddable":true,"href":"https:\/\/www.elsindical.com.ar\/notas\/wp-json\/wp\/v2\/tags?post=86753"}],"curies":[{"name":"wp","href":"https:\/\/api.w.org\/{rel}","templated":true}]}}