{"id":86626,"date":"2019-04-22T00:09:10","date_gmt":"2019-04-22T03:09:10","guid":{"rendered":"http:\/\/www.elsindical.com.ar\/notas\/?p=86626"},"modified":"2019-04-22T00:12:35","modified_gmt":"2019-04-22T03:12:35","slug":"avellaneda-asesinan-a-un-joven-para-robarle-un-morral-en-sarandi","status":"publish","type":"post","link":"https:\/\/www.elsindical.com.ar\/notas\/avellaneda-asesinan-a-un-joven-para-robarle-un-morral-en-sarandi\/","title":{"rendered":"Avellaneda: Asesinan a un joven para robarle un morral en Sarand\u00ed"},"content":{"rendered":"\n<figure class=\"wp-block-image\"><img loading=\"lazy\" decoding=\"async\" width=\"665\" height=\"374\" src=\"http:\/\/www.elsindical.com.ar\/notas\/var\/www\/html\/notas\/wp-content\/uploads\/2019\/04\/lugar-asesinato-robo-en-Sarand\u00ed.png\" alt=\"\" class=\"wp-image-86627\" srcset=\"https:\/\/www.elsindical.com.ar\/notas\/var\/www\/html\/notas\/wp-content\/uploads\/2019\/04\/lugar-asesinato-robo-en-Sarand\u00ed.png 665w, https:\/\/www.elsindical.com.ar\/notas\/var\/www\/html\/notas\/wp-content\/uploads\/2019\/04\/lugar-asesinato-robo-en-Sarand\u00ed-300x169.png 300w, https:\/\/www.elsindical.com.ar\/notas\/var\/www\/html\/notas\/wp-content\/uploads\/2019\/04\/lugar-asesinato-robo-en-Sarand\u00ed-500x281.png 500w, https:\/\/www.elsindical.com.ar\/notas\/var\/www\/html\/notas\/wp-content\/uploads\/2019\/04\/lugar-asesinato-robo-en-Sarand\u00ed-460x260.png 460w\" sizes=\"auto, (max-width: 665px) 100vw, 665px\" \/><\/figure>\n\n\n\n<p class=\"wp-block-paragraph\">La v\u00edctima sal\u00eda de su casa de  la localidad bonaerense de Sarand\u00ed junto a su t\u00eda\u00a0cuando el delincuente,  en un intento de sustraerle su bolso, le dio una pu\u00f1alada en el t\u00f3rax  caus\u00e1ndole la muerte. <\/p>\n\n\n\n<p class=\"wp-block-paragraph\"> Un joven de 20 a\u00f1os fue asesinado de una cuchillada en el pecho delante  de su t\u00eda cuando un delincuente intent\u00f3 robarle un morral, en la  localidad bonaerense de Sarand\u00ed, informaron este domingo fuentes judiciales.\u00a0 <\/p>\n\n\n\n<p class=\"wp-block-paragraph\">  El hecho ocurri\u00f3 el s\u00e1bado por la ma\u00f1ana, alrededor de las 10.30, en el  cruce de Suipacha y Almirante Cordero, en la mencionada localidad del  partido de Avellaneda, sur del conurbano.\u00a0 <\/p>\n\n\n\n<p class=\"wp-block-paragraph\">Fuentes judiciales informaron que la v\u00edctima, cuya identidad no trascendi\u00f3,  hab\u00eda salido de su casa junto a una t\u00eda, quien intent\u00f3 regresar porque  se hab\u00eda olvidado un elemento personal. En ese momento, un delincuente  que circulaba en una bicicleta los intercept\u00f3 con fines de robo y los  amenaz\u00f3 con un cuchillo.<br><br> El asaltante intent\u00f3 sustraerle al  joven un morral que llevaba sobre uno de sus hombros y casi directamente  le dio una pu\u00f1alada en el t\u00f3rax.\u00a0Seg\u00fan las fuentes, el delincuente  escap\u00f3 en la bicicleta, mientras que la v\u00edctima fue trasladada de  urgencia al hospital Fiorito.\u00a0El joven permaneci\u00f3 internado algunas  horas hasta que muri\u00f3 a ra\u00edz de las lesiones sufridas.\u00a0<br><br> Efectivos de la comisar\u00eda 4ta. de Sarand\u00ed  recabaron datos a trav\u00e9s de algunos testigos con el objetivo de  identificar al delincuente, aunque hasta la tarde del domingo no hab\u00eda  ning\u00fan sospechoso detenido.\u00a0 <\/p>\n\n\n\n<p class=\"wp-block-paragraph\">El hecho es investigado por la fiscal <strong>Alejandra Olmos Coronel<\/strong>, a cargo de la Unidad Funcional de Instrucci\u00f3n (UFI) 1 descentralizada en Avellaneda, Departamento Judicial Lomas de Zamora.\u00a0 <\/p>\n\n\n\n<p class=\"wp-block-paragraph\">La funcionaria judicial dispuso una serie de medidas tendientes a  dilucidar el crimen, entre ellas la autopsia correspondiente, que se  realizar\u00e1 en las pr\u00f3ximas horas. <\/p>\n","protected":false},"excerpt":{"rendered":"<p>La v\u00edctima sal\u00eda de su casa de la localidad bonaerense de Sarand\u00ed junto a su t\u00eda\u00a0cuando el delincuente, en un intento de sustraerle su bolso, le dio una pu\u00f1alada en el t\u00f3rax caus\u00e1ndole la muerte. Un joven de 20 a\u00f1os fue asesinado de una cuchillada en el pecho delante de su t\u00eda cuando un delincuente&hellip;<\/p>\n","protected":false},"author":1,"featured_media":86627,"comment_status":"open","ping_status":"open","sticky":false,"template":"","format":"standard","meta":{"footnotes":""},"categories":[22],"tags":[4739,2330],"class_list":["post-86626","post","type-post","status-publish","format-standard","has-post-thumbnail","hentry","category-policiales","tag-comisaria-4ta","tag-sarandi"],"_links":{"self":[{"href":"https:\/\/www.elsindical.com.ar\/notas\/wp-json\/wp\/v2\/posts\/86626","targetHints":{"allow":["GET"]}}],"collection":[{"href":"https:\/\/www.elsindical.com.ar\/notas\/wp-json\/wp\/v2\/posts"}],"about":[{"href":"https:\/\/www.elsindical.com.ar\/notas\/wp-json\/wp\/v2\/types\/post"}],"author":[{"embeddable":true,"href":"https:\/\/www.elsindical.com.ar\/notas\/wp-json\/wp\/v2\/users\/1"}],"replies":[{"embeddable":true,"href":"https:\/\/www.elsindical.com.ar\/notas\/wp-json\/wp\/v2\/comments?post=86626"}],"version-history":[{"count":2,"href":"https:\/\/www.elsindical.com.ar\/notas\/wp-json\/wp\/v2\/posts\/86626\/revisions"}],"predecessor-version":[{"id":86629,"href":"https:\/\/www.elsindical.com.ar\/notas\/wp-json\/wp\/v2\/posts\/86626\/revisions\/86629"}],"wp:featuredmedia":[{"embeddable":true,"href":"https:\/\/www.elsindical.com.ar\/notas\/wp-json\/wp\/v2\/media\/86627"}],"wp:attachment":[{"href":"https:\/\/www.elsindical.com.ar\/notas\/wp-json\/wp\/v2\/media?parent=86626"}],"wp:term":[{"taxonomy":"category","embeddable":true,"href":"https:\/\/www.elsindical.com.ar\/notas\/wp-json\/wp\/v2\/categories?post=86626"},{"taxonomy":"post_tag","embeddable":true,"href":"https:\/\/www.elsindical.com.ar\/notas\/wp-json\/wp\/v2\/tags?post=86626"}],"curies":[{"name":"wp","href":"https:\/\/api.w.org\/{rel}","templated":true}]}}