{"id":86615,"date":"2019-04-21T11:35:43","date_gmt":"2019-04-21T14:35:43","guid":{"rendered":"http:\/\/www.elsindical.com.ar\/notas\/?p=86615"},"modified":"2019-04-21T11:35:43","modified_gmt":"2019-04-21T14:35:43","slug":"segun-el-isev-la-tasa-de-mortalidad-vial-aumento-92-el-ultimo-ano","status":"publish","type":"post","link":"https:\/\/www.elsindical.com.ar\/notas\/segun-el-isev-la-tasa-de-mortalidad-vial-aumento-92-el-ultimo-ano\/","title":{"rendered":"Seg\u00fan el ISEV la tasa de mortalidad vial aument\u00f3 9,2 % el \u00faltimo a\u00f1o"},"content":{"rendered":"\n<figure class=\"wp-block-image\"><img loading=\"lazy\" decoding=\"async\" width=\"620\" height=\"370\" src=\"http:\/\/www.elsindical.com.ar\/notas\/var\/www\/html\/notas\/wp-content\/uploads\/2019\/04\/accidente-vial.jpg\" alt=\"\" class=\"wp-image-86616\" srcset=\"https:\/\/www.elsindical.com.ar\/notas\/var\/www\/html\/notas\/wp-content\/uploads\/2019\/04\/accidente-vial.jpg 620w, https:\/\/www.elsindical.com.ar\/notas\/var\/www\/html\/notas\/wp-content\/uploads\/2019\/04\/accidente-vial-300x179.jpg 300w, https:\/\/www.elsindical.com.ar\/notas\/var\/www\/html\/notas\/wp-content\/uploads\/2019\/04\/accidente-vial-500x298.jpg 500w\" sizes=\"auto, (max-width: 620px) 100vw, 620px\" \/><\/figure>\n\n\n\n<p class=\"wp-block-paragraph\">El Instituto de Seguridad y Educaci\u00f3n Vial (ISEV) inform\u00f3 su \nrelevamiento mensual con respecto a accidentes de tr\u00e1nsito en rutas, y \nlas tasas de siniestralidad, mortalidad y morbilidad vial en rutas del \npa\u00eds ascendieron durante marzo de este a\u00f1o.<\/p>\n\n\n\n<p class=\"wp-block-paragraph\">En siniestralidad vial contrastando respecto a marzo de 2018 esta \ntasa presenta un aumento en la siniestralidad vial grave (hechos que \nregistran como m\u00ednimo un lesionado Grado 3, o sea con fractura) del \n28,7%, precisaron. Por otro lado en mortalidad vial, la tasa presenta un\n aumento del 9.2 % respecto a marzo de 2018.<\/p>\n\n\n\n<p class=\"wp-block-paragraph\">En cuanto a morbilidad vial, el indicador que pondera los lesionados \ngraves consecuencia de los siniestros viales, presenta un aumento del 25\n % respecto a marzo de 2018.<\/p>\n\n\n\n<p class=\"wp-block-paragraph\">Por \u00faltimo seg\u00fan el informe, la relaci\u00f3n muerto por siniestro vial \ngrave que permite establecer la gravedad o \u00abvirulencia\u00bb del siniestro \nvial, la relaci\u00f3n entre marzo de 2018 y de 2019 desciende de 0.38 a 0.32\n muertes por cada uno de esos hechos.<\/p>\n\n\n\n<p class=\"wp-block-paragraph\">Otras particularidades fue que del 59% de los fallecimientos ocurri\u00f3 \nen ruta, y seis de cada diez parte de dichos siniestros ocurri\u00f3 entre \nviernes y s\u00e1bado. (<strong>InfoGEI<\/strong>) Mg<\/p>\n","protected":false},"excerpt":{"rendered":"<p>El Instituto de Seguridad y Educaci\u00f3n Vial (ISEV) inform\u00f3 su relevamiento mensual con respecto a accidentes de tr\u00e1nsito en rutas, y las tasas de siniestralidad, mortalidad y morbilidad vial en rutas del pa\u00eds ascendieron durante marzo de este a\u00f1o. En siniestralidad vial contrastando respecto a marzo de 2018 esta tasa presenta un aumento en la&hellip;<\/p>\n","protected":false},"author":1,"featured_media":86616,"comment_status":"open","ping_status":"open","sticky":false,"template":"","format":"standard","meta":{"footnotes":""},"categories":[25],"tags":[2403,30765,30766,8980],"class_list":["post-86615","post","type-post","status-publish","format-standard","has-post-thumbnail","hentry","category-sociedad","tag-estadistica","tag-isev","tag-mortalidad-vial","tag-tasa"],"_links":{"self":[{"href":"https:\/\/www.elsindical.com.ar\/notas\/wp-json\/wp\/v2\/posts\/86615","targetHints":{"allow":["GET"]}}],"collection":[{"href":"https:\/\/www.elsindical.com.ar\/notas\/wp-json\/wp\/v2\/posts"}],"about":[{"href":"https:\/\/www.elsindical.com.ar\/notas\/wp-json\/wp\/v2\/types\/post"}],"author":[{"embeddable":true,"href":"https:\/\/www.elsindical.com.ar\/notas\/wp-json\/wp\/v2\/users\/1"}],"replies":[{"embeddable":true,"href":"https:\/\/www.elsindical.com.ar\/notas\/wp-json\/wp\/v2\/comments?post=86615"}],"version-history":[{"count":1,"href":"https:\/\/www.elsindical.com.ar\/notas\/wp-json\/wp\/v2\/posts\/86615\/revisions"}],"predecessor-version":[{"id":86617,"href":"https:\/\/www.elsindical.com.ar\/notas\/wp-json\/wp\/v2\/posts\/86615\/revisions\/86617"}],"wp:featuredmedia":[{"embeddable":true,"href":"https:\/\/www.elsindical.com.ar\/notas\/wp-json\/wp\/v2\/media\/86616"}],"wp:attachment":[{"href":"https:\/\/www.elsindical.com.ar\/notas\/wp-json\/wp\/v2\/media?parent=86615"}],"wp:term":[{"taxonomy":"category","embeddable":true,"href":"https:\/\/www.elsindical.com.ar\/notas\/wp-json\/wp\/v2\/categories?post=86615"},{"taxonomy":"post_tag","embeddable":true,"href":"https:\/\/www.elsindical.com.ar\/notas\/wp-json\/wp\/v2\/tags?post=86615"}],"curies":[{"name":"wp","href":"https:\/\/api.w.org\/{rel}","templated":true}]}}