{"id":86474,"date":"2019-04-15T10:41:29","date_gmt":"2019-04-15T13:41:29","guid":{"rendered":"http:\/\/www.elsindical.com.ar\/notas\/?p=86474"},"modified":"2019-04-15T10:41:29","modified_gmt":"2019-04-15T13:41:29","slug":"olavarria-asesinan-con-agua-hirviendo-en-la-carcel-a-unico-detenido-por-femicidio-de-araceli-fulles","status":"publish","type":"post","link":"https:\/\/www.elsindical.com.ar\/notas\/olavarria-asesinan-con-agua-hirviendo-en-la-carcel-a-unico-detenido-por-femicidio-de-araceli-fulles\/","title":{"rendered":"Olavarr\u00eda: Asesinan con agua hirviendo en la c\u00e1rcel a \u00fanico detenido por femicidio de Araceli Fulles"},"content":{"rendered":"\n<figure class=\"wp-block-image\"><img loading=\"lazy\" decoding=\"async\" width=\"1000\" height=\"661\" src=\"http:\/\/www.elsindical.com.ar\/notas\/var\/www\/html\/notas\/wp-content\/uploads\/2019\/04\/femicidio-de-Araceli-Fulles.jpg\" alt=\"\" class=\"wp-image-86475\" srcset=\"https:\/\/www.elsindical.com.ar\/notas\/var\/www\/html\/notas\/wp-content\/uploads\/2019\/04\/femicidio-de-Araceli-Fulles.jpg 1000w, https:\/\/www.elsindical.com.ar\/notas\/var\/www\/html\/notas\/wp-content\/uploads\/2019\/04\/femicidio-de-Araceli-Fulles-300x198.jpg 300w, https:\/\/www.elsindical.com.ar\/notas\/var\/www\/html\/notas\/wp-content\/uploads\/2019\/04\/femicidio-de-Araceli-Fulles-768x508.jpg 768w, https:\/\/www.elsindical.com.ar\/notas\/var\/www\/html\/notas\/wp-content\/uploads\/2019\/04\/femicidio-de-Araceli-Fulles-454x300.jpg 454w\" sizes=\"auto, (max-width: 1000px) 100vw, 1000px\" \/><\/figure>\n\n\n\n<p class=\"wp-block-paragraph\"> Se trata de Dar\u00edo Badaracco. Fue quemado por dos compa\u00f1eros de celda. Permaneci\u00f3 cinco d\u00edas internado en grave estado. <\/p>\n\n\n\n<p class=\"wp-block-paragraph\">El \u00fanico <strong>detenido y principal acusado<\/strong> por el<strong> femicidio<\/strong> de la joven <em><strong>Araceli Fulles<\/strong><\/em>\u00a0falleci\u00f3 el s\u00e1bado en horas de la noche en el penal de Sierra Chica.<\/p>\n\n\n\n<p class=\"wp-block-paragraph\">El 8 de abril, <strong>Dar\u00edo Badaracco<\/strong> fue <strong>quemado con agua hirviendo<\/strong> por sus compa\u00f1eros de celda. El hecho, concretado en muy confusas circunstancias, est\u00e1 en plena investigaci\u00f3n.<\/p>\n\n\n\n<p class=\"wp-block-paragraph\">El hombre de 31 a\u00f1os fue <strong>atacado por dos de los internos<\/strong> del lugar con quienes compart\u00eda la celda 766 del pabell\u00f3n 10 de Sierra Chica.<\/p>\n\n\n\n<p class=\"wp-block-paragraph\"><strong>\u00abLo golpearon, lo patearon y le tiraron agua hirviendo sobre el rostro, t\u00f3rax, abdomen, regi\u00f3n inguinal y piernas\u00bb<\/strong>, comentaron desde el servicio penitenciario.<\/p>\n\n\n\n<p class=\"wp-block-paragraph\">El sospechoso por haber asesinado a Fulles en <strong>2007<\/strong> fue internado <strong>con el \u00ab60% del cuerpo quemado\u00bb<\/strong>,\n lo que desencaden\u00f3 su muerte el s\u00e1bado cerca de las 21.30 horas en el \nhospital de Olavarr\u00eda. Sus agresores fueron identificados: uno estaba \npreso por lesiones leves y violaci\u00f3n de domicilio, y el otro por \nhomicidio.<\/p>\n\n\n\n<p class=\"wp-block-paragraph\">Las fuentes indicaron que el motivo del ataque habr\u00eda sido una \ndiscusi\u00f3n entre los detenidos. Incluso, trascendi\u00f3 que uno de los \natacantes manifest\u00f3 para excusarse: \u00abSon problemas de presos y lo \nten\u00edamos que arreglar de esta manera\u00bb. Badaracco hab\u00eda llegado a la \nc\u00e1rcel hace menos de dos a\u00f1os, luego de haber pasado por la Unidad N\u00b0 \n30. Durante su tiempo en prisi\u00f3n, indicaban que ten\u00eda \u00abuna conducta \nejemplar\u00bb.<\/p>\n\n\n\n<p class=\"wp-block-paragraph\">La muerte del principal acusado por la muerte la joven se concret\u00f3 <strong>una semana despu\u00e9s de que se cumplieran dos a\u00f1os de la desaparici\u00f3n de Fulles<\/strong>, el 2 de abril de 2017. Familiares de Araceli volvieron a manifestarse para pedir Justicia.<\/p>\n\n\n\n<p class=\"wp-block-paragraph\">\u00abYo no me puedo acostumbrar a su ausencia. Arruinaron nuestra \nfamilia\u00bb, expres\u00f3 angustiada M\u00f3nica, su mam\u00e1. Cuando no puede dormir por\n las noches, abraza la almohada como si fuera la joven. \u00abYo me pregunto,\n \u00bfpor qu\u00e9 le tuvo que pasar todo esto a ella?\u00bb, sostuvo.<\/p>\n\n\n\n<p class=\"wp-block-paragraph\">En la causa, <strong>hay nueve hombres imputados<\/strong>, pero el <strong>\u00fanico detenido era Baradacco<\/strong>,\n el due\u00f1o de la casa en donde apareci\u00f3 el cuerpo enterrado, cubierto de \ncal. El hallazgo fue el 27 de abril de 2017. Un perro de la Divisi\u00f3n K-9\n de Punta Lara encontr\u00f3 a la v\u00edctima en el patio de esa propiedad.<\/p>\n","protected":false},"excerpt":{"rendered":"<p>Se trata de Dar\u00edo Badaracco. Fue quemado por dos compa\u00f1eros de celda. Permaneci\u00f3 cinco d\u00edas internado en grave estado. El \u00fanico detenido y principal acusado por el femicidio de la joven Araceli Fulles\u00a0falleci\u00f3 el s\u00e1bado en horas de la noche en el penal de Sierra Chica. El 8 de abril, Dar\u00edo Badaracco fue quemado con&hellip;<\/p>\n","protected":false},"author":1,"featured_media":86475,"comment_status":"open","ping_status":"open","sticky":false,"template":"","format":"standard","meta":{"footnotes":""},"categories":[22],"tags":[25721,30739,5779],"class_list":["post-86474","post","type-post","status-publish","format-standard","has-post-thumbnail","hentry","category-policiales","tag-araceli-fulles","tag-dario-badaracco","tag-sierra-chica"],"_links":{"self":[{"href":"https:\/\/www.elsindical.com.ar\/notas\/wp-json\/wp\/v2\/posts\/86474","targetHints":{"allow":["GET"]}}],"collection":[{"href":"https:\/\/www.elsindical.com.ar\/notas\/wp-json\/wp\/v2\/posts"}],"about":[{"href":"https:\/\/www.elsindical.com.ar\/notas\/wp-json\/wp\/v2\/types\/post"}],"author":[{"embeddable":true,"href":"https:\/\/www.elsindical.com.ar\/notas\/wp-json\/wp\/v2\/users\/1"}],"replies":[{"embeddable":true,"href":"https:\/\/www.elsindical.com.ar\/notas\/wp-json\/wp\/v2\/comments?post=86474"}],"version-history":[{"count":1,"href":"https:\/\/www.elsindical.com.ar\/notas\/wp-json\/wp\/v2\/posts\/86474\/revisions"}],"predecessor-version":[{"id":86476,"href":"https:\/\/www.elsindical.com.ar\/notas\/wp-json\/wp\/v2\/posts\/86474\/revisions\/86476"}],"wp:featuredmedia":[{"embeddable":true,"href":"https:\/\/www.elsindical.com.ar\/notas\/wp-json\/wp\/v2\/media\/86475"}],"wp:attachment":[{"href":"https:\/\/www.elsindical.com.ar\/notas\/wp-json\/wp\/v2\/media?parent=86474"}],"wp:term":[{"taxonomy":"category","embeddable":true,"href":"https:\/\/www.elsindical.com.ar\/notas\/wp-json\/wp\/v2\/categories?post=86474"},{"taxonomy":"post_tag","embeddable":true,"href":"https:\/\/www.elsindical.com.ar\/notas\/wp-json\/wp\/v2\/tags?post=86474"}],"curies":[{"name":"wp","href":"https:\/\/api.w.org\/{rel}","templated":true}]}}