{"id":86400,"date":"2019-04-10T22:05:12","date_gmt":"2019-04-11T01:05:12","guid":{"rendered":"http:\/\/www.elsindical.com.ar\/notas\/?p=86400"},"modified":"2019-04-11T10:11:14","modified_gmt":"2019-04-11T13:11:14","slug":"moreno-pfa-desbarata-banda-narco-liderada-por-lucho","status":"publish","type":"post","link":"https:\/\/www.elsindical.com.ar\/notas\/moreno-pfa-desbarata-banda-narco-liderada-por-lucho\/","title":{"rendered":"Moreno: PFA desbarata banda narco liderada por \u00abLucho\u00bb"},"content":{"rendered":"\n<figure class=\"wp-block-image\"><img loading=\"lazy\" decoding=\"async\" width=\"1024\" height=\"576\" src=\"http:\/\/www.elsindical.com.ar\/notas\/var\/www\/html\/notas\/wp-content\/uploads\/2019\/04\/WhatsApp-Image-2019-04-10-at-17.13.351-1024x576.jpeg\" alt=\"\" class=\"wp-image-86401\" srcset=\"https:\/\/www.elsindical.com.ar\/notas\/var\/www\/html\/notas\/wp-content\/uploads\/2019\/04\/WhatsApp-Image-2019-04-10-at-17.13.351-1024x576.jpeg 1024w, https:\/\/www.elsindical.com.ar\/notas\/var\/www\/html\/notas\/wp-content\/uploads\/2019\/04\/WhatsApp-Image-2019-04-10-at-17.13.351-300x169.jpeg 300w, https:\/\/www.elsindical.com.ar\/notas\/var\/www\/html\/notas\/wp-content\/uploads\/2019\/04\/WhatsApp-Image-2019-04-10-at-17.13.351-768x432.jpeg 768w, https:\/\/www.elsindical.com.ar\/notas\/var\/www\/html\/notas\/wp-content\/uploads\/2019\/04\/WhatsApp-Image-2019-04-10-at-17.13.351-500x281.jpeg 500w, https:\/\/www.elsindical.com.ar\/notas\/var\/www\/html\/notas\/wp-content\/uploads\/2019\/04\/WhatsApp-Image-2019-04-10-at-17.13.351-460x260.jpeg 460w, https:\/\/www.elsindical.com.ar\/notas\/var\/www\/html\/notas\/wp-content\/uploads\/2019\/04\/WhatsApp-Image-2019-04-10-at-17.13.351.jpeg 1280w\" sizes=\"auto, (max-width: 1024px) 100vw, 1024px\" \/><\/figure>\n\n\n\n<p class=\"wp-block-paragraph\"> A ra\u00edz de tareas de inteligencia realizadas por efectivos de la Delegaci\u00f3n MOR\u00d3N de la Polic\u00eda Federal Argentina a cargo del Comisario De La Fuente,  desde el 18 de Junio del a\u00f1o 2018, en la localidad y partido de Moreno donde se presum\u00eda operaba una banda dedicada a la cadena de comercializaci\u00f3n de estupefacientes, se logr\u00f3 determinar que exist\u00eda dicha organizaci\u00f3n criminal liderada por un N.N. Masculino apodado \u201cLucho\u201d.  <\/p>\n\n\n\n<p class=\"wp-block-paragraph\">\nEs por ello que con intervenci\u00f3n del Juzgado Federal en\nlo Criminal y Correccional Nro. 3 con asiento en la Ciudad de Mor\u00f3n\na cargo del Dr. N\u00e9stor Pablo BARRAL, Secretaria Nro. 9 del Dr.\nLeonardo Juli\u00e1n CANO se realizaron arduas tareas de investigaci\u00f3n\nlogr\u00e1ndose obtener el domicilio del jefe de la banda y la\nintervinieron de cinco l\u00edneas telef\u00f3nicas que pose\u00eda el cabecilla\ny los integrantes de la organizaci\u00f3n criminal. De la desgravaci\u00f3n\nde los tel\u00e9fonos intervenidos y las tareas de campo se pudo obtener\nel cumulo de pruebas suficientes para que el Magistrado Interventor\nordene los allanamientos de los mismos.<\/p>\n\n\n\n<p class=\"wp-block-paragraph\">\nEs as\u00ed que en el d\u00eda hoy (10\/04\/2019) se llevaron a\ncabo seis allanamientos en la localidad y partido de Moreno, donde se\nlogr\u00f3 ubicar a los 3 integrantes de la banda como as\u00ed tambi\u00e9n la\nincautaci\u00f3n de UNA (1) Planta de Cannabis Sativa de un metro de\naltura, SEIS (6) cigarrillos de marihuana, clorhidrato de coca\u00edna,\nMarihuana, elementos de fraccionamiento, Recipiente met\u00e1lico\nconteniendo hojas y semillas de picadura de marihuana,  UNA (1)\nEscopeta recortada calibre 12,  Cartuchos AT calibre 12\/70,\nMuniciones 9mm, tel\u00e9fonos celulares, el veh\u00edculo de alta gama\nutilizado para las maniobras il\u00edcitas marca VW PASSAT, un veh\u00edculo\nque fue adquirido con  fondos obtenidos de la  comercializaci\u00f3n de\nestupefacientes marca Fiat Mobi y un autom\u00f3vil con pedido de\nsecuestro vigente por ROBO marca Ford Fiesta solicitado por la Unidad\nRegional La Plata. \n<\/p>\n\n\n\n<p class=\"wp-block-paragraph\"> Respecto a los masculinos identificados el magistrado dispuso la detenci\u00f3n de las personas identificadas en la causa,  permaneciendo los mismo en la sede de la Delegaci\u00f3n Mor\u00f3n hasta el d\u00eda de ma\u00f1ana cuando ser\u00e1n trasladados al asiento del Juzgado Interventor.   <\/p>\n\n\n\n<ul class=\"wp-block-gallery columns-2 is-cropped wp-block-gallery-1 is-layout-flex wp-block-gallery-is-layout-flex\"><li class=\"blocks-gallery-item\"><figure><img loading=\"lazy\" decoding=\"async\" width=\"1024\" height=\"576\" src=\"http:\/\/www.elsindical.com.ar\/notas\/var\/www\/html\/notas\/wp-content\/uploads\/2019\/04\/WhatsApp-Image-2019-04-10-at-17.13.35-1024x576.jpeg\" alt=\"\" data-id=\"86402\" data-link=\"http:\/\/www.elsindical.com.ar\/notas\/?attachment_id=86402#main\" class=\"wp-image-86402\" srcset=\"https:\/\/www.elsindical.com.ar\/notas\/var\/www\/html\/notas\/wp-content\/uploads\/2019\/04\/WhatsApp-Image-2019-04-10-at-17.13.35-1024x576.jpeg 1024w, https:\/\/www.elsindical.com.ar\/notas\/var\/www\/html\/notas\/wp-content\/uploads\/2019\/04\/WhatsApp-Image-2019-04-10-at-17.13.35-300x169.jpeg 300w, https:\/\/www.elsindical.com.ar\/notas\/var\/www\/html\/notas\/wp-content\/uploads\/2019\/04\/WhatsApp-Image-2019-04-10-at-17.13.35-768x432.jpeg 768w, https:\/\/www.elsindical.com.ar\/notas\/var\/www\/html\/notas\/wp-content\/uploads\/2019\/04\/WhatsApp-Image-2019-04-10-at-17.13.35-500x281.jpeg 500w, https:\/\/www.elsindical.com.ar\/notas\/var\/www\/html\/notas\/wp-content\/uploads\/2019\/04\/WhatsApp-Image-2019-04-10-at-17.13.35-460x260.jpeg 460w, https:\/\/www.elsindical.com.ar\/notas\/var\/www\/html\/notas\/wp-content\/uploads\/2019\/04\/WhatsApp-Image-2019-04-10-at-17.13.35.jpeg 1280w\" sizes=\"auto, (max-width: 1024px) 100vw, 1024px\" \/><\/figure><\/li><li class=\"blocks-gallery-item\"><figure><img loading=\"lazy\" decoding=\"async\" width=\"1024\" height=\"768\" src=\"http:\/\/www.elsindical.com.ar\/notas\/var\/www\/html\/notas\/wp-content\/uploads\/2019\/04\/WhatsApp-Image-2019-04-10-at-17.13.341-1024x768.jpeg\" alt=\"\" data-id=\"86403\" data-link=\"http:\/\/www.elsindical.com.ar\/notas\/?attachment_id=86403#main\" class=\"wp-image-86403\" srcset=\"https:\/\/www.elsindical.com.ar\/notas\/var\/www\/html\/notas\/wp-content\/uploads\/2019\/04\/WhatsApp-Image-2019-04-10-at-17.13.341-1024x768.jpeg 1024w, https:\/\/www.elsindical.com.ar\/notas\/var\/www\/html\/notas\/wp-content\/uploads\/2019\/04\/WhatsApp-Image-2019-04-10-at-17.13.341-300x225.jpeg 300w, https:\/\/www.elsindical.com.ar\/notas\/var\/www\/html\/notas\/wp-content\/uploads\/2019\/04\/WhatsApp-Image-2019-04-10-at-17.13.341-768x576.jpeg 768w, https:\/\/www.elsindical.com.ar\/notas\/var\/www\/html\/notas\/wp-content\/uploads\/2019\/04\/WhatsApp-Image-2019-04-10-at-17.13.341-400x300.jpeg 400w, https:\/\/www.elsindical.com.ar\/notas\/var\/www\/html\/notas\/wp-content\/uploads\/2019\/04\/WhatsApp-Image-2019-04-10-at-17.13.341.jpeg 1032w\" sizes=\"auto, (max-width: 1024px) 100vw, 1024px\" \/><\/figure><\/li><li class=\"blocks-gallery-item\"><figure><img loading=\"lazy\" decoding=\"async\" width=\"1024\" height=\"576\" src=\"http:\/\/www.elsindical.com.ar\/notas\/var\/www\/html\/notas\/wp-content\/uploads\/2019\/04\/WhatsApp-Image-2019-04-10-at-17.13.34-1024x576.jpeg\" alt=\"\" data-id=\"86404\" data-link=\"http:\/\/www.elsindical.com.ar\/notas\/?attachment_id=86404#main\" class=\"wp-image-86404\" srcset=\"https:\/\/www.elsindical.com.ar\/notas\/var\/www\/html\/notas\/wp-content\/uploads\/2019\/04\/WhatsApp-Image-2019-04-10-at-17.13.34-1024x576.jpeg 1024w, https:\/\/www.elsindical.com.ar\/notas\/var\/www\/html\/notas\/wp-content\/uploads\/2019\/04\/WhatsApp-Image-2019-04-10-at-17.13.34-300x169.jpeg 300w, https:\/\/www.elsindical.com.ar\/notas\/var\/www\/html\/notas\/wp-content\/uploads\/2019\/04\/WhatsApp-Image-2019-04-10-at-17.13.34-768x432.jpeg 768w, https:\/\/www.elsindical.com.ar\/notas\/var\/www\/html\/notas\/wp-content\/uploads\/2019\/04\/WhatsApp-Image-2019-04-10-at-17.13.34-500x281.jpeg 500w, https:\/\/www.elsindical.com.ar\/notas\/var\/www\/html\/notas\/wp-content\/uploads\/2019\/04\/WhatsApp-Image-2019-04-10-at-17.13.34-460x260.jpeg 460w, https:\/\/www.elsindical.com.ar\/notas\/var\/www\/html\/notas\/wp-content\/uploads\/2019\/04\/WhatsApp-Image-2019-04-10-at-17.13.34.jpeg 1280w\" sizes=\"auto, (max-width: 1024px) 100vw, 1024px\" \/><\/figure><\/li><\/ul>\n\n\n\n<p class=\"wp-block-paragraph\"><\/p>\n","protected":false},"excerpt":{"rendered":"<p>A ra\u00edz de tareas de inteligencia realizadas por efectivos de la Delegaci\u00f3n MOR\u00d3N de la Polic\u00eda Federal Argentina a cargo del Comisario De La Fuente, desde el 18 de Junio del a\u00f1o 2018, en la localidad y partido de Moreno donde se presum\u00eda operaba una banda dedicada a la cadena de comercializaci\u00f3n de estupefacientes, se&hellip;<\/p>\n","protected":false},"author":1,"featured_media":86401,"comment_status":"open","ping_status":"open","sticky":false,"template":"","format":"standard","meta":{"footnotes":""},"categories":[22],"tags":[10226,29786,1932],"class_list":["post-86400","post","type-post","status-publish","format-standard","has-post-thumbnail","hentry","category-policiales","tag-banda-narco","tag-comisario-de-la-fuente","tag-moron"],"_links":{"self":[{"href":"https:\/\/www.elsindical.com.ar\/notas\/wp-json\/wp\/v2\/posts\/86400","targetHints":{"allow":["GET"]}}],"collection":[{"href":"https:\/\/www.elsindical.com.ar\/notas\/wp-json\/wp\/v2\/posts"}],"about":[{"href":"https:\/\/www.elsindical.com.ar\/notas\/wp-json\/wp\/v2\/types\/post"}],"author":[{"embeddable":true,"href":"https:\/\/www.elsindical.com.ar\/notas\/wp-json\/wp\/v2\/users\/1"}],"replies":[{"embeddable":true,"href":"https:\/\/www.elsindical.com.ar\/notas\/wp-json\/wp\/v2\/comments?post=86400"}],"version-history":[{"count":1,"href":"https:\/\/www.elsindical.com.ar\/notas\/wp-json\/wp\/v2\/posts\/86400\/revisions"}],"predecessor-version":[{"id":86405,"href":"https:\/\/www.elsindical.com.ar\/notas\/wp-json\/wp\/v2\/posts\/86400\/revisions\/86405"}],"wp:featuredmedia":[{"embeddable":true,"href":"https:\/\/www.elsindical.com.ar\/notas\/wp-json\/wp\/v2\/media\/86401"}],"wp:attachment":[{"href":"https:\/\/www.elsindical.com.ar\/notas\/wp-json\/wp\/v2\/media?parent=86400"}],"wp:term":[{"taxonomy":"category","embeddable":true,"href":"https:\/\/www.elsindical.com.ar\/notas\/wp-json\/wp\/v2\/categories?post=86400"},{"taxonomy":"post_tag","embeddable":true,"href":"https:\/\/www.elsindical.com.ar\/notas\/wp-json\/wp\/v2\/tags?post=86400"}],"curies":[{"name":"wp","href":"https:\/\/api.w.org\/{rel}","templated":true}]}}