{"id":86398,"date":"2019-04-11T07:32:02","date_gmt":"2019-04-11T10:32:02","guid":{"rendered":"http:\/\/www.elsindical.com.ar\/notas\/?p=86398"},"modified":"2019-04-11T07:32:28","modified_gmt":"2019-04-11T10:32:28","slug":"emergencia-pyme-por-dia-cierran-40-fabricas-y-500-familias-pierden-su-fuente-de-subsistencia","status":"publish","type":"post","link":"https:\/\/www.elsindical.com.ar\/notas\/emergencia-pyme-por-dia-cierran-40-fabricas-y-500-familias-pierden-su-fuente-de-subsistencia\/","title":{"rendered":"Emergencia pyme: \u201cpor d\u00eda cierran 40 f\u00e1bricas y 500 familias pierden su fuente de subsistencia\u201d"},"content":{"rendered":"\n<figure class=\"wp-block-image\"><img loading=\"lazy\" decoding=\"async\" width=\"1024\" height=\"635\" src=\"http:\/\/www.elsindical.com.ar\/notas\/var\/www\/html\/notas\/wp-content\/uploads\/2018\/12\/protesta-Pymes-en-el-Congreso-1024x635.jpg\" alt=\"\" class=\"wp-image-83236\" srcset=\"https:\/\/www.elsindical.com.ar\/notas\/var\/www\/html\/notas\/wp-content\/uploads\/2018\/12\/protesta-Pymes-en-el-Congreso-1024x635.jpg 1024w, https:\/\/www.elsindical.com.ar\/notas\/var\/www\/html\/notas\/wp-content\/uploads\/2018\/12\/protesta-Pymes-en-el-Congreso-300x186.jpg 300w, https:\/\/www.elsindical.com.ar\/notas\/var\/www\/html\/notas\/wp-content\/uploads\/2018\/12\/protesta-Pymes-en-el-Congreso-768x476.jpg 768w, https:\/\/www.elsindical.com.ar\/notas\/var\/www\/html\/notas\/wp-content\/uploads\/2018\/12\/protesta-Pymes-en-el-Congreso-484x300.jpg 484w, https:\/\/www.elsindical.com.ar\/notas\/var\/www\/html\/notas\/wp-content\/uploads\/2018\/12\/protesta-Pymes-en-el-Congreso.jpg 1170w\" sizes=\"auto, (max-width: 1024px) 100vw, 1024px\" \/><\/figure>\n\n\n\n<p class=\"wp-block-paragraph\">La diputada Marisol Merquel propuso crear la Ley de  Emergencia Pyme en territorio bonaerense que busca frenar las  ejecuciones judiciales, tanto impositivas como financieras, suspender  los cortes de servicios p\u00fablicos y retrotraer las tarifas al 2017.<\/p>\n\n\n\n<p class=\"wp-block-paragraph\">El presidente de la Asociaci\u00f3n de Empresarios Nacionales (ENAC) Leo \nBilanski respald\u00f3 la presentaci\u00f3n de la Ley de Emergencia Pyme en \nterritorio bonaerense y advirti\u00f3 que \u201ces necesario salir al rescate de \ncinco mil empresas que pueden cerrar antes de diciembre\u201d.<\/p>\n\n\n\n<p class=\"wp-block-paragraph\">\u201cHoy cierran 40 f\u00e1bricas por d\u00eda y con ellas 500 familias pierden su \nfuente de subsistencia, ya el a\u00f1o pasado anunciamos que 25 empresas \nbajaban sus persianas cada 24 horas y ahora estamos a punto de \nduplicarlo\u201d, precis\u00f3 Bilanski.<\/p>\n\n\n\n<p class=\"wp-block-paragraph\">La iniciativa presentada por la diputada Marisol Merquel propone \nfrenar las ejecuciones judiciales, tanto impositivas como financieras, \nsuspender los cortes de servicios p\u00fablicos y retrotraer las tarifas al \n2017. Adem\u00e1s, insta al Poder Ejecutivo \u00aba otorgar cr\u00e9ditos a tasas \nsubsidiadas y brindar asistencia t\u00e9cnica\u201d.<\/p>\n\n\n\n<p class=\"wp-block-paragraph\">En este sentido, el referente del sector a nivel nacional consider\u00f3 \nque \u201ces central que se vuelva a insistir en una Ley de Emergencia Pyme \nen la provincia de Buenos Aires\u201d. \u201cHabla de la responsabilidad de los \nlegisladores para con las pymes de sus ciudades\u201d, agreg\u00f3.<\/p>\n\n\n\n<p class=\"wp-block-paragraph\">\u201cEs necesario tomar medidas de salvataje de las Pymes, no podemos \nhablar ni de medidas paliativas, ni que corrijan un rumbo, sino que \nestamos ante la tarea de rescatar cinco mil f\u00e1bricas que van a cerrar \nsus puertas de ac\u00e1 al 10 de diciembre\u201d, sentenci\u00f3 el Bilanski. (<strong>InfoGEI<\/strong>) Mg<\/p>\n","protected":false},"excerpt":{"rendered":"<p>La diputada Marisol Merquel propuso crear la Ley de Emergencia Pyme en territorio bonaerense que busca frenar las ejecuciones judiciales, tanto impositivas como financieras, suspender los cortes de servicios p\u00fablicos y retrotraer las tarifas al 2017. El presidente de la Asociaci\u00f3n de Empresarios Nacionales (ENAC) Leo Bilanski respald\u00f3 la presentaci\u00f3n de la Ley de Emergencia&hellip;<\/p>\n","protected":false},"author":1,"featured_media":83236,"comment_status":"open","ping_status":"open","sticky":false,"template":"","format":"standard","meta":{"footnotes":""},"categories":[9],"tags":[22023,30728,16865],"class_list":["post-86398","post","type-post","status-publish","format-standard","has-post-thumbnail","hentry","category-economia","tag-economia","tag-enac","tag-pyme"],"_links":{"self":[{"href":"https:\/\/www.elsindical.com.ar\/notas\/wp-json\/wp\/v2\/posts\/86398","targetHints":{"allow":["GET"]}}],"collection":[{"href":"https:\/\/www.elsindical.com.ar\/notas\/wp-json\/wp\/v2\/posts"}],"about":[{"href":"https:\/\/www.elsindical.com.ar\/notas\/wp-json\/wp\/v2\/types\/post"}],"author":[{"embeddable":true,"href":"https:\/\/www.elsindical.com.ar\/notas\/wp-json\/wp\/v2\/users\/1"}],"replies":[{"embeddable":true,"href":"https:\/\/www.elsindical.com.ar\/notas\/wp-json\/wp\/v2\/comments?post=86398"}],"version-history":[{"count":1,"href":"https:\/\/www.elsindical.com.ar\/notas\/wp-json\/wp\/v2\/posts\/86398\/revisions"}],"predecessor-version":[{"id":86399,"href":"https:\/\/www.elsindical.com.ar\/notas\/wp-json\/wp\/v2\/posts\/86398\/revisions\/86399"}],"wp:featuredmedia":[{"embeddable":true,"href":"https:\/\/www.elsindical.com.ar\/notas\/wp-json\/wp\/v2\/media\/83236"}],"wp:attachment":[{"href":"https:\/\/www.elsindical.com.ar\/notas\/wp-json\/wp\/v2\/media?parent=86398"}],"wp:term":[{"taxonomy":"category","embeddable":true,"href":"https:\/\/www.elsindical.com.ar\/notas\/wp-json\/wp\/v2\/categories?post=86398"},{"taxonomy":"post_tag","embeddable":true,"href":"https:\/\/www.elsindical.com.ar\/notas\/wp-json\/wp\/v2\/tags?post=86398"}],"curies":[{"name":"wp","href":"https:\/\/api.w.org\/{rel}","templated":true}]}}