{"id":86292,"date":"2019-04-06T09:09:52","date_gmt":"2019-04-06T12:09:52","guid":{"rendered":"http:\/\/www.elsindical.com.ar\/notas\/?p=86292"},"modified":"2019-04-06T09:09:52","modified_gmt":"2019-04-06T12:09:52","slug":"otorgaron-el-15-de-aumento-salarial-al-personal-domestico","status":"publish","type":"post","link":"https:\/\/www.elsindical.com.ar\/notas\/otorgaron-el-15-de-aumento-salarial-al-personal-domestico\/","title":{"rendered":"Otorgaron el 15% de aumento salarial al personal dom\u00e9stico"},"content":{"rendered":"\n<figure class=\"wp-block-image\"><img loading=\"lazy\" decoding=\"async\" width=\"750\" height=\"400\" src=\"http:\/\/www.elsindical.com.ar\/notas\/var\/www\/html\/notas\/wp-content\/uploads\/2019\/04\/personal-dom\u00e9stico-2.jpg\" alt=\"\" class=\"wp-image-86293\" srcset=\"https:\/\/www.elsindical.com.ar\/notas\/var\/www\/html\/notas\/wp-content\/uploads\/2019\/04\/personal-dom\u00e9stico-2.jpg 750w, https:\/\/www.elsindical.com.ar\/notas\/var\/www\/html\/notas\/wp-content\/uploads\/2019\/04\/personal-dom\u00e9stico-2-300x160.jpg 300w, https:\/\/www.elsindical.com.ar\/notas\/var\/www\/html\/notas\/wp-content\/uploads\/2019\/04\/personal-dom\u00e9stico-2-500x267.jpg 500w\" sizes=\"auto, (max-width: 750px) 100vw, 750px\" \/><\/figure>\n\n\n\n<p>Los empleados  dom\u00e9sticos recibir\u00e1n a partir de abril un aumento salarial adicional del  15 por ciento, para compensar la p\u00e9rdida de poder adquisitivo del a\u00f1o  pasado, en el que hab\u00edan obtenido un incremento del 25 por ciento.<br><br>  El acuerdo fue firmado el pasado viernes luego de una audiencia en la  Comisi\u00f3n Nacional de Trabajo en Casas Particulares, en el marco de la  revisi\u00f3n del acuerdo paritario correspondiente al 2018.<br><br> El a\u00f1o  pasado, las empleadas en casas particulares hab\u00edan obtenido un 25% de  aumento, cuando la inflaci\u00f3n medida por el Indec super\u00f3 el 47%. De  acuerdo con lo informado oficialmente, los representantes del sector  acordaron una recomposici\u00f3n salarial adicional del 15%, a ejecutarse a  partir del corriente mes.<br><br> El encuentro cont\u00f3 con la presencia del ministro de Producci\u00f3n y Trabajo, <strong>Dante Sica<\/strong>;  el titular de la Comisi\u00f3n Nacional de Trabajo en Casas Particulares,  Luis Federico Canedi, y, en representaci\u00f3n del Ministerio de Desarrollo  Social, <strong>Mar\u00eda Eugenia Bereciartua<\/strong>.<br><br> La Comisi\u00f3n  Nacional de Trabajo en Casas Particulares, creada por la ley 26.844,  tiene la funci\u00f3n de establecer aumentos salariales y regular las  condiciones laborales de los trabajadores que ejecutan tareas de  limpieza, mantenimiento y actividades t\u00edpicas del hogar, asistencia  personal a miembros de una familia, y cuidado no terap\u00e9utico de personas  enfermas o con discapacidad. <\/p>\n","protected":false},"excerpt":{"rendered":"<p>Los empleados dom\u00e9sticos recibir\u00e1n a partir de abril un aumento salarial adicional del 15 por ciento, para compensar la p\u00e9rdida de poder adquisitivo del a\u00f1o pasado, en el que hab\u00edan obtenido un incremento del 25 por ciento. El acuerdo fue firmado el pasado viernes luego de una audiencia en la Comisi\u00f3n Nacional de Trabajo en&hellip;<\/p>\n","protected":false},"author":1,"featured_media":86293,"comment_status":"open","ping_status":"open","sticky":false,"template":"","format":"standard","meta":{"footnotes":""},"categories":[9],"tags":[357,30705,30704],"class_list":["post-86292","post","type-post","status-publish","format-standard","has-post-thumbnail","hentry","category-economia","tag-aumento","tag-casas-particulares","tag-personal-domestico-2"],"_links":{"self":[{"href":"https:\/\/www.elsindical.com.ar\/notas\/wp-json\/wp\/v2\/posts\/86292","targetHints":{"allow":["GET"]}}],"collection":[{"href":"https:\/\/www.elsindical.com.ar\/notas\/wp-json\/wp\/v2\/posts"}],"about":[{"href":"https:\/\/www.elsindical.com.ar\/notas\/wp-json\/wp\/v2\/types\/post"}],"author":[{"embeddable":true,"href":"https:\/\/www.elsindical.com.ar\/notas\/wp-json\/wp\/v2\/users\/1"}],"replies":[{"embeddable":true,"href":"https:\/\/www.elsindical.com.ar\/notas\/wp-json\/wp\/v2\/comments?post=86292"}],"version-history":[{"count":1,"href":"https:\/\/www.elsindical.com.ar\/notas\/wp-json\/wp\/v2\/posts\/86292\/revisions"}],"predecessor-version":[{"id":86294,"href":"https:\/\/www.elsindical.com.ar\/notas\/wp-json\/wp\/v2\/posts\/86292\/revisions\/86294"}],"wp:featuredmedia":[{"embeddable":true,"href":"https:\/\/www.elsindical.com.ar\/notas\/wp-json\/wp\/v2\/media\/86293"}],"wp:attachment":[{"href":"https:\/\/www.elsindical.com.ar\/notas\/wp-json\/wp\/v2\/media?parent=86292"}],"wp:term":[{"taxonomy":"category","embeddable":true,"href":"https:\/\/www.elsindical.com.ar\/notas\/wp-json\/wp\/v2\/categories?post=86292"},{"taxonomy":"post_tag","embeddable":true,"href":"https:\/\/www.elsindical.com.ar\/notas\/wp-json\/wp\/v2\/tags?post=86292"}],"curies":[{"name":"wp","href":"https:\/\/api.w.org\/{rel}","templated":true}]}}