{"id":86240,"date":"2019-04-04T02:10:10","date_gmt":"2019-04-04T05:10:10","guid":{"rendered":"http:\/\/www.elsindical.com.ar\/notas\/?p=86240"},"modified":"2019-04-04T02:10:10","modified_gmt":"2019-04-04T05:10:10","slug":"cambiemos-y-la-destruccion-de-la-republica","status":"publish","type":"post","link":"https:\/\/www.elsindical.com.ar\/notas\/cambiemos-y-la-destruccion-de-la-republica\/","title":{"rendered":"CAMBIEMOS y la destrucci\u00f3n de la Rep\u00fablica"},"content":{"rendered":"\n<figure class=\"wp-block-image\"><img loading=\"lazy\" decoding=\"async\" width=\"915\" height=\"500\" src=\"http:\/\/www.elsindical.com.ar\/notas\/var\/www\/html\/notas\/wp-content\/uploads\/2019\/04\/Samid-y-Macri.jpg\" alt=\"\" class=\"wp-image-86241\" srcset=\"https:\/\/www.elsindical.com.ar\/notas\/var\/www\/html\/notas\/wp-content\/uploads\/2019\/04\/Samid-y-Macri.jpg 915w, https:\/\/www.elsindical.com.ar\/notas\/var\/www\/html\/notas\/wp-content\/uploads\/2019\/04\/Samid-y-Macri-300x164.jpg 300w, https:\/\/www.elsindical.com.ar\/notas\/var\/www\/html\/notas\/wp-content\/uploads\/2019\/04\/Samid-y-Macri-768x420.jpg 768w, https:\/\/www.elsindical.com.ar\/notas\/var\/www\/html\/notas\/wp-content\/uploads\/2019\/04\/Samid-y-Macri-500x273.jpg 500w\" sizes=\"auto, (max-width: 915px) 100vw, 915px\" \/><\/figure>\n\n\n\n<p class=\"wp-block-paragraph\">   La orden de detenci\u00f3n contra Alberto Samid, en una causa que se inici\u00f3 por el a\u00f1o 1996 por evasi\u00f3n fiscal, vuelve a poner en tela de juicio no solo la independencia de algunos jueces del Poder Judicial, sino el concepto mismo de Rep\u00fablica, afectando de una forma letal instituciones que deber\u00edan ser sagradas y honradas.<\/p>\n\n\n\n<p class=\"wp-block-paragraph\">Lejos pretendo ser un defensor de Samid, quien no tengo dudas es autor de los delitos que se le imputaron, pero existe todo un proceso legal que no puede ser omitido en lo formal por quienes deben administrar justicia, eso incluye los plazos razonables para condenar a un imputado, plazos que en este caso guste o no parecen m\u00e1s que vencidos.<\/p>\n\n\n\n<p class=\"wp-block-paragraph\">La manipulaci\u00f3n judicial promovida desde CAMBIEMOS por medio de sus operadores judiciales, hiere gravemente no solo la credibilidad del Poder Judicial por la conducta direccionada de sus miembros, sino que debilita el Estado de Derecho y deja en abstracto el concepto de Rep\u00fablica, que en una breve definici\u00f3n popular podemos decir que se trata de administraci\u00f3n ordenada de la cosa p\u00fablica, como principios fundamentales tiene la participaci\u00f3n activa de los ciudadanos en la pol\u00edtica, la divisi\u00f3n de poderes, la concreci\u00f3n de la justicia y el bien com\u00fan.<\/p>\n\n\n\n<p class=\"wp-block-paragraph\">Nadie que valore con objetividad el gobierno de CAMBIEMOS, puede decir que se han fortalecido las instituciones y se este combatiendo la corrupci\u00f3n,  el factor destacable de Mauricio Macri y su equipo sin dudas fue la forma de comunicaci\u00f3n p\u00fablica, asesorados por Jaime Dur\u00e1n Barba y un equipo de coachings, lograron convencer a indecisos sobre sus supuestas buenas intenciones y que la malo no era tan malo porque ellos prefieren que los argentinos sufran pero convencidos de que viven la realidad.<\/p>\n\n\n\n<p class=\"wp-block-paragraph\">Lo cierto es que no han cumplido ninguna de las promesas de campa\u00f1a, pero mucho menos sus propios pron\u00f3sticos, lo que indica sin mucho an\u00e1lisis que gobernar les qued\u00f3 muy grande, que solo han apuntado a beneficiar a las empresas, a financiar a las multinacionales por las p\u00e9rdidas producto de la inflaci\u00f3n y dejar que el Pueblo sufra la peor crisis econ\u00f3mica.<\/p>\n\n\n\n<p class=\"wp-block-paragraph\">Mientras millones de argentinos se hunden en la pobreza y ya ni pueden hacer todas las comidas, un grupo muy reducido de empresarios millonarios, hora a hora son m\u00e1s ricos, evaden, colocan sus ganancias en el exterior, invierte en Off Shore y juegan a la bicicleta econ\u00f3mica aprovechando las altas tasas, las medidas econ\u00f3micas han destru\u00eddo las Pymes y ahogan a la clase media.<\/p>\n\n\n\n<p class=\"wp-block-paragraph\">El manoseo judicial actual no tiene precedentes, no porque Menem, los Kirchner o hasta el propio De La R\u00faa no hayan intentado manipular jueces, fiscales o legisladores, lo que no han hecho nunca antes, es tener poca verg\u00fcenza de demostrar que quien gobierna tiene el PODER y ese poder es un VALE TODO.<\/p>\n\n\n\n<p class=\"wp-block-paragraph\">A las medidas de dudosa legalidad que la justicia viene adoptando para con los integrantes de CAMBIEMOS respecto de otros pol\u00edticos, dirigentes sociales o ciudadanos com\u00fanes, debemos obligatoriamente recordar que Mauricio Macri asumi\u00f3 la presidencia con varios procesos judiciales, el m\u00e1s grave por espionaje y que curiosamente a dos semanas de ejercer como presidente fue absuelto, algo curioso porque la regla general es que quien es elevado a juicio con una imputaci\u00f3n y proceso termina en un juicio oral, id\u00e9ntica situaci\u00f3n ocurri\u00f3 con el intendente de Lan\u00fas N\u00e9stor Grindetti, quien asumi\u00f3 procesado y con pedido de captura internacional, tambi\u00e9n consigui\u00f3 una absoluci\u00f3n y la causa qued\u00f3 voyando.<\/p>\n\n\n\n<p class=\"wp-block-paragraph\">Las empresas de la familia y la primera dama Juliana Awada tuvieron varias denuncias no solo de evasi\u00f3n, sino por delitos m\u00e1s graves como la reducci\u00f3n a la servidumbre un eufemismo de esclavitud, las primeras denuncias datan del a\u00f1o 2006 y hasta la Defensor\u00eda del Pueblo de la Ciudad denunci\u00f3 a las empresas, pero un pol\u00e9mico fallo absolvi\u00f3 a las empresas a pesar de todas las pruebas en su contra, el Juez federal que benefici\u00f3 a la esposa del presidente Mauricio Macri fue el entonces Juez Federal Guillermo Montenegro.<\/p>\n\n\n\n<p class=\"wp-block-paragraph\">Han sido en la Argentina las empresas del Grupo Macri las m\u00e1s denunciadas, por delitos varios, pero curiosamente se dejaron prescribir o bien nunca terminaron de llegar a juicio. M\u00e1s cerca en el tiempo, por el a\u00f1o 2018 un Tribunal convalid\u00f3 una vieja investigaci\u00f3n sobre una empresa que el propio Mauricio Macri integro en su directorio hasta el a\u00f1o 2016 seg\u00fan consta en el expediente.<\/p>\n\n\n\n<p class=\"wp-block-paragraph\"> Los integrantes de la Sala D del Tribunal, Edith G\u00f3mez, Agustina  O&#8217;Donnell y Daniel Mart\u00edn, rechazaron as\u00ed la apelaci\u00f3n de Yacylec, la  empresa a cargo de transportar la energ\u00eda desde Yacyret\u00e1 y en la que,  junto a Sideco Americana, de los Macri, aparecen Enel,  Electroingenier\u00eda, Impregilo y Sistranyac, entre otros accionistas,  indic\u00f3 el diario La Naci\u00f3n. <\/p>\n\n\n\n<p class=\"wp-block-paragraph\"> La AFIP le reclamaba a Yacylec una deuda de $6,9 millones por el  impuesto a las ganancias de 1998 a 2000 y 2002, m\u00e1s intereses, y una  multa de $4,8 millones, a lo cual se sum\u00f3 luego otro reclamo por $1,7  millones correspondientes al per\u00edodo fiscal 2001, m\u00e1s intereses, y una  multa por otros $1,2 millones. <\/p>\n\n\n\n<p class=\"wp-block-paragraph\">Por los intereses acumulados  durante 14 a\u00f1os, el reclamo total de la AFIP podr\u00eda superar los $46  millones contra Yacylec, empresa en la que Mauricio Macri retuvo el  5,33% de las acciones hasta que, en febrero de 2016 y ya como  presidente, las cedi\u00f3 al holding de su familia, que desde entonces  conserva ese porcentaje.<\/p>\n\n\n\n<p class=\"wp-block-paragraph\">Ya no se trata de una pertenencia pol\u00edtica, se trata de un grupo de empresarios que para acumular m\u00e1s ganancias apostaron a la pol\u00edtica, son varios los Decretos presidenciales donde se han condonado deudas millonarias de empresarios o hasta de famosos, dos casos bien conocidos, la condonaciones que beneficiaron a Mirtha Legrand y Susana Gim\u00e9nez, pero el regalo presidencial no ser\u00eda solo por deudas, sino que fueron exclu\u00eddas del pago de ganancias, la exenci\u00f3n impositiva a Mirtha y Susana equivale al presupuesto de una Facultad.<\/p>\n\n\n\n<p class=\"wp-block-paragraph\">As\u00ed, con la complicidad del Grupo Clar\u00edn y otros medios como La Naci\u00f3n, hemos llegado al absurdo de que lo que se criticaba del gobierno anterior lo han adoptado con otro aspecto el actual, ejemplos, se criticaban los cargos en el Estado y Macri lejos de achicar la planta, triplic\u00f3 las designaciones, pero peor a\u00fan, invent\u00f3 cargos jer\u00e1rquicos, algunos rid\u00edculos que solo aumentaron el gasto en elevados sueldos, otro ejemplo fueron por la cabeza de Norberto Oyarbide y terminaron construyendo un juez peor como lo es Claudio Bonad\u00edo quien es indefendible como magistrado independiente, la infructuosa persecuci\u00f3n de los bienes de los Kirchner, mediatizadas al extremo del rid\u00edculo por los resultados, la b\u00fasqueda de supuestos containers que ya estaban ubicados y nunca aparecieron, desgastaron la credibilidad de varios fiscales.<\/p>\n\n\n\n<p class=\"wp-block-paragraph\">La conducta ileg\u00edtima e ilegal del Fiscal federal Carlos Stornelli, es la muestra de que no puede haber incoherencias en los relatos, mucho menos en las acciones, un fiscal que inicia la supuesta mayor causa de corrupci\u00f3n sin pruebas reales solo con fotocopias, se niega a cumplir con las citaciones para declarar en una causa donde sobran pruebas intentando debilitar la acusaci\u00f3n y apartar al Juez Ramos Padilla por una presunta ideolog\u00eda pol\u00edtica, que a diferencia de Bonad\u00edo que no se sabe a qu\u00e9 juega, sus fallos y medidas se ajustan a derecho.<\/p>\n\n\n\n<p class=\"wp-block-paragraph\">Nada ha sido verdad de las promesas de CAMBIEMOS, ni siquiera su lucha contra el narcotr\u00e1fico cuando han recibido aportes de campa\u00f1a del narcotr\u00e1fico, ni hablar del desastre que es el tema seguridad donde han tenido m\u00e1s papelones que m\u00e9ritos.<\/p>\n\n\n\n<p class=\"wp-block-paragraph\">Demonizar a los contrincantes pol\u00edticos utilizando los poderes del Estado es no solo un abuso, es un delito, Samid gozo de la impunidad de la lentitud judicial hasta que se mostr\u00f3 critico del gobierno nacional y asegur\u00f3 que empez\u00f3 a ser cristinista por culpa de Mauricio Macri.<\/p>\n\n\n\n<p class=\"wp-block-paragraph\">Que un Tribunal cite una audiencia un d\u00eda domingo es m\u00e1s que sospechoso, Samid lo sabe y si Stornelli se puede negar a las citaciones judiciales, el mismo derecho deber\u00eda asistir a los ciudadanos, ya que la inmunidad del Fiscal no es para abstraerse de un proceso, sino de arresto para poder cumplir con su trabajo en representaci\u00f3n de los intereses de la sociedad, concepto que Stornelli y varios han mal interpretado en beneficio personal.<\/p>\n\n\n\n<p class=\"wp-block-paragraph\">Para que esto funcione se gastan millones en lo que algunos llaman Trolls, se organizan ataques en las redes sociales, muchos disimulados en comentarios de supuestos usuarios que se valen de memes para ocultar la verdadera intenci\u00f3n, as\u00ed muchos que no suelen informarse comparten y viralizan publicaciones falsas y afectan la imagen del objetivo.<\/p>\n\n\n\n<p class=\"wp-block-paragraph\">Duele ver la realidad diaria, la falta de reacci\u00f3n de la sociedad, la falta de acci\u00f3n de la oposici\u00f3n m\u00e1s preocupada en especular que en hacer, una sociedad en su mayor\u00eda mediocre que opina pero no se moviliza, que se queja pero no denuncia, que se miente diciendo que todo est\u00e1 bien mientras recorta sus gastos.<\/p>\n\n\n\n<p class=\"wp-block-paragraph\">Por Marcelo Ricardo Hawrylciw<\/p>\n","protected":false},"excerpt":{"rendered":"<p>La orden de detenci\u00f3n contra Alberto Samid, en una causa que se inici\u00f3 por el a\u00f1o 1996 por evasi\u00f3n fiscal, vuelve a poner en tela de juicio no solo la independencia de algunos jueces del Poder Judicial, sino el concepto mismo de Rep\u00fablica, afectando de una forma letal instituciones que deber\u00edan ser sagradas y honradas.&hellip;<\/p>\n","protected":false},"author":1,"featured_media":86241,"comment_status":"open","ping_status":"open","sticky":false,"template":"","format":"standard","meta":{"footnotes":""},"categories":[10],"tags":[19310,22169,41,76,1450],"class_list":["post-86240","post","type-post","status-publish","format-standard","has-post-thumbnail","hentry","category-editorial","tag-alberto-samid","tag-cambiemos","tag-justicia","tag-mauricio-macri","tag-republica"],"_links":{"self":[{"href":"https:\/\/www.elsindical.com.ar\/notas\/wp-json\/wp\/v2\/posts\/86240","targetHints":{"allow":["GET"]}}],"collection":[{"href":"https:\/\/www.elsindical.com.ar\/notas\/wp-json\/wp\/v2\/posts"}],"about":[{"href":"https:\/\/www.elsindical.com.ar\/notas\/wp-json\/wp\/v2\/types\/post"}],"author":[{"embeddable":true,"href":"https:\/\/www.elsindical.com.ar\/notas\/wp-json\/wp\/v2\/users\/1"}],"replies":[{"embeddable":true,"href":"https:\/\/www.elsindical.com.ar\/notas\/wp-json\/wp\/v2\/comments?post=86240"}],"version-history":[{"count":1,"href":"https:\/\/www.elsindical.com.ar\/notas\/wp-json\/wp\/v2\/posts\/86240\/revisions"}],"predecessor-version":[{"id":86242,"href":"https:\/\/www.elsindical.com.ar\/notas\/wp-json\/wp\/v2\/posts\/86240\/revisions\/86242"}],"wp:featuredmedia":[{"embeddable":true,"href":"https:\/\/www.elsindical.com.ar\/notas\/wp-json\/wp\/v2\/media\/86241"}],"wp:attachment":[{"href":"https:\/\/www.elsindical.com.ar\/notas\/wp-json\/wp\/v2\/media?parent=86240"}],"wp:term":[{"taxonomy":"category","embeddable":true,"href":"https:\/\/www.elsindical.com.ar\/notas\/wp-json\/wp\/v2\/categories?post=86240"},{"taxonomy":"post_tag","embeddable":true,"href":"https:\/\/www.elsindical.com.ar\/notas\/wp-json\/wp\/v2\/tags?post=86240"}],"curies":[{"name":"wp","href":"https:\/\/api.w.org\/{rel}","templated":true}]}}