{"id":8623,"date":"2010-08-16T12:55:16","date_gmt":"2010-08-16T15:55:16","guid":{"rendered":"http:\/\/www.elsindical.com.ar\/notas\/?p=8623"},"modified":"2010-08-16T12:55:16","modified_gmt":"2010-08-16T15:55:16","slug":"argentina-alcanzo-a-ee-uu-en-el-consumo-de-cocaina","status":"publish","type":"post","link":"https:\/\/www.elsindical.com.ar\/notas\/argentina-alcanzo-a-ee-uu-en-el-consumo-de-cocaina\/","title":{"rendered":"Argentina alcanz\u00f3 a EE.UU.en el consumo de coca\u00edna"},"content":{"rendered":"<p style=\"text-align: justify;\"><em><a href=\"http:\/\/www.elsindical.com.ar\/notas\/var\/www\/html\/notas\/wp-content\/uploads\/2010\/08\/consumo-mundial-de-coca\u00edna.jpg\"><img loading=\"lazy\" decoding=\"async\" class=\"alignleft size-medium wp-image-8624\" title=\"consumo-mundial-de-coca\u00edna\" src=\"http:\/\/www.elsindical.com.ar\/notas\/var\/www\/html\/notas\/wp-content\/uploads\/2010\/08\/consumo-mundial-de-coca\u00edna-300x181.jpg\" alt=\"\" width=\"300\" height=\"181\" srcset=\"https:\/\/www.elsindical.com.ar\/notas\/var\/www\/html\/notas\/wp-content\/uploads\/2010\/08\/consumo-mundial-de-coca\u00edna-300x181.jpg 300w, https:\/\/www.elsindical.com.ar\/notas\/var\/www\/html\/notas\/wp-content\/uploads\/2010\/08\/consumo-mundial-de-coca\u00edna.jpg 620w\" sizes=\"auto, (max-width: 300px) 100vw, 300px\" \/><\/a>El 2,6% de la poblaci\u00f3n utiliza la sustancia y el pa\u00eds ahora lidera en Am\u00e9rica. Los expertos piden combatir el tr\u00e1fico y atender a adictos.<\/em><\/p>\n<p style=\"text-align: justify;\">El Reporte Anual de Drogas 2010 realizado por las Naciones Unidas coloca a la Argentina como el primer pa\u00eds en consumo de coca\u00edna en Latinoam\u00e9rica, con una tasa que s\u00f3lo es compartida con Estados Unidos. El informe se\u00f1ala que la Argentina alcanz\u00f3 un consumo de coca\u00edna del 2,6 por ciento de la poblaci\u00f3n comprendida entre los 15 y los 64 a\u00f1os, y por primera vez, se pone al mismo nivel que el pa\u00eds norteamericano.\u00a0\u00a0<\/p>\n<p style=\"text-align: justify;\">El relevamiento se\u00f1ala que Europa y Am\u00e9rica son los continentes con mayor consumo. En el resto, ese consumo no llega al 1 por ciento. Detr\u00e1s de la Argentina, se ubica Chile con el 2,4%, Uruguay con el 1,4% y Colombia con el 0,8%. \u201cEl informe indica que el consumo de coca\u00edna aument\u00f3 y esto se explica porque las pol\u00edticas aplicadas en el pa\u00eds desde hace treinta a\u00f1os fracasaron, no lograron impedir ni el aumento del consumo, ni el aumento del tr\u00e1fico, y adem\u00e1s, hoy se ven adicciones complejas, aumento de corrupci\u00f3n y grandes organizaciones criminales regionales que crecieron en sus negocios y despliegan una violencia sin igual\u201d, asegura M\u00f3nica Cu\u00f1arro, que encabeza el Comit\u00e9 Asesor de Narcotr\u00e1fico del Ministerio del Interior.<\/p>\n<p style=\"text-align: justify;\">Criminalizar el consumo. Cu\u00f1arro tiene una postura firme con respecto al consumo: \u201cEs violatorio de los derechos humanos perseguir al consumidor y usar el aparato represivo para los casos m\u00e1s peque\u00f1os\u201d.<\/p>\n<p style=\"text-align: justify;\">Wilbur Ricardo Grimson, psiquiatra especialista en adicciones y ex titular de Secretar\u00eda de Programaci\u00f3n para la Prevenci\u00f3n de la Drogadicci\u00f3n y la Lucha contra el Narcotr\u00e1fico (Sedronar), asegura que la ley argentina no penaliza al consumidor. \u201cHay m\u00e1s consumo porque no aument\u00f3 el precio en relaci\u00f3n con el d\u00f3lar; hay una invasi\u00f3n de grandes cargamentos y no existe una pol\u00edtica de seguridad de frontera. Son m\u00ednimos los casos de criminalizaci\u00f3n del consumo, lo que pasa es que en el Gobierno se pone a supuestos especialistas que no est\u00e1n preparados y no se le da presupuesto a la Sedronar\u201d.<\/p>\n<p style=\"text-align: justify;\">El titular actual de la Sedronar, Jos\u00e9 Granero, afirm\u00f3 que se est\u00e1 dando una tendencia al descenso en la poblaci\u00f3n en edad escolar, que va de los 12 a los 17 a\u00f1os. \u201cEstimamos que el consumo comenzar\u00e1 a descender. En los estudios escolares de 2007, ten\u00edamos el 2,7% de los encuestados y en 2009 fue del 2,3%. Creemos que esa tendencia se trasladar\u00e1 a los hogares\u201d, asegura Granero y agrega: \u201cLa pol\u00edtica fundamental es la prevenci\u00f3n para reducir la demanda y combatir el ingreso para reducir la oferta. En los \u00faltimos a\u00f1os, mejoraron los operativos y hubo r\u00e9cord de incautaciones\u201d.<\/p>\n<p style=\"text-align: justify;\">\u00a0<\/p>\n<p style=\"text-align: justify;\"><strong>El camino a la adicci\u00f3n.<\/strong> \u201cDetr\u00e1s de cada chico que se droga hay una historia triste\u201d, dice Mabel, madre de un adicto de 24 a\u00f1os que, tras un largo tratamiento, logr\u00f3 recuperarse de su adicci\u00f3n a la coca\u00edna. Grimson explica cu\u00e1ndo un consumidor se vuelve adicto: \u201cA medida que se multiplica el consumo aparece una dependencia psicol\u00f3gica y org\u00e1nica y se pasa del uso al abuso. Se mide por el s\u00edndrome de abstienenecia. Es raro que una persona pueda consumir mucho tiempo y no se vuelva adicta\u201d. El especialista asegura que se puede salir y que \u201cel 70% de los que terminan el tratamiento se recuepra\u201d. Cu\u00f1arro indica que \u201cun adicto, una persona con problemas de consumo de drogas ilegales o legales es un ser humano, un igual, y merece que se le respeten los derechos\u201d.<\/p>\n<p style=\"text-align: justify;\">Otro de los problemas de la adicci\u00f3n es la vinculaci\u00f3n con acontecimientos delictivos. \u201cSi hay alguna incidencia en el robo para consumir, la tarea del Estado debe ser convertir a esa persona de adicto a paciente del servicio de salud y darle una alternativa de desarrollo personal y social\u201d, dice Cu\u00f1arro.<\/p>\n<p style=\"text-align: justify;\">Fabi\u00e1n Chiosso, secretario de la Federaci\u00f3n de Organismos No Gubernamentales de la Argentina para la prevenci\u00f3n y el tratamiento del abuso de drogas (Fonga), se\u00f1ala: \u201cHay una necesidad de asistencia que no se alcanza a cubrir, mucha gente que no accede a ning\u00fan servicio. Se deber\u00eda multiplicar la atenci\u00f3n, pero las pol\u00edticas estatales no se articulan. Esto no se resuelve con la cuesti\u00f3n judicial, hace falta discutir una pol\u00edtica sanitaria\u201d. En cuanto a la eventual relaci\u00f3n del consumo de drogas con el delito, se\u00f1ala: \u201cEl modo de articular delincuencia y droga es peligroso. Es una mirada parcial poner el delito ligado a la droga y no hacer hincapi\u00e9 en el deterioro social\u201d.<\/p>\n<p style=\"text-align: justify;\"><strong>El plan integral del Gobierno<\/strong><\/p>\n<p style=\"text-align: justify;\">En septiembre del a\u00f1o pasado, el Comit\u00e9 Asesor en materia de drogas, coordinado por la fiscal M\u00f3nica Cu\u00f1arro, present\u00f3 al jefe de Gabinete, An\u00edbal Fern\u00e1ndez, el Plan Integral 2010\/ 2015 que busca combatir el narcotr\u00e1fico durante los siguientes cinco a\u00f1os. El informe plantea como objetivo adecuar las pol\u00edticas p\u00fablicas al fallo de la Corte que reclama articular pol\u00edticas de salud preventiva. \u201cLa Corte fall\u00f3 en sinton\u00eda con los informes de la Comisi\u00f3n para exhortar a los poderes p\u00fablicos a reorganizar la represi\u00f3n para controlar el registro, el tr\u00e1fico y el crimen organizado y dejar a las \u00e1reas sociosanitarias los aspectos no penales, en especial de los sectores m\u00e1s vulnerables\u201d, afirma Cu\u00f1arro.<\/p>\n<p style=\"text-align: justify;\">Tambi\u00e9n impulsa la creaci\u00f3n de una comisi\u00f3n nacional para implementar las pol\u00edticas dise\u00f1adas por el plan y coordinar las distintas agencias estatales para lograr una eficaz pol\u00edtica de droga. Adem\u00e1s, solicita que se obligue a las Obras Sociales y Prepagas a dar cobertura integral a la demanda que efect\u00faen los usuarios de drogas o sus familias en materia de adicciones.<\/p>\n<p style=\"text-align: justify;\">En cuanto a la persecuci\u00f3n penal, se pide establecer una pol\u00edtica criminal coordinada entre las distintas fuerzas y disponer de un mecanismo de incautaci\u00f3n.<\/p>\n<p style=\"text-align: justify;\">Cu\u00f1arro indica: \u201cLa comision elev\u00f3 m\u00e1s de cuarenta puntos de sugerencias a la cartera de justicia y elabor\u00f3 muchos proyectos, planes y dise\u00f1os, de lo que no hemos tenido noticia alguna de parte de la cartera a cargo de la seguridad, lo que no significa que no esten haciendo nada, tal vez est\u00e1n haciendo y la comisi\u00f3n no lo sabe\u201d.<\/p>\n<p style=\"text-align: justify;\"><strong><em>Por Silvina Herrera<\/em><\/strong><\/p>\n<p style=\"text-align: justify;\"><strong><em>Fuente:Perfil.com<\/em><\/strong><\/p>\n","protected":false},"excerpt":{"rendered":"<p>El 2,6% de la poblaci\u00f3n utiliza la sustancia y el pa\u00eds ahora lidera en Am\u00e9rica. Los expertos piden combatir el tr\u00e1fico y atender a adictos. El Reporte Anual de Drogas 2010 realizado por las Naciones Unidas coloca a la Argentina como el primer pa\u00eds en consumo de coca\u00edna en Latinoam\u00e9rica, con una tasa que s\u00f3lo&hellip;<\/p>\n","protected":false},"author":1,"featured_media":0,"comment_status":"open","ping_status":"open","sticky":false,"template":"","format":"standard","meta":{"footnotes":""},"categories":[25],"tags":[734,127,43,1706,141,2117],"class_list":["post-8623","post","type-post","status-publish","format-standard","hentry","category-sociedad","tag-adictos","tag-argentina","tag-cocaina","tag-consumo","tag-eeuu","tag-poblacion"],"_links":{"self":[{"href":"https:\/\/www.elsindical.com.ar\/notas\/wp-json\/wp\/v2\/posts\/8623","targetHints":{"allow":["GET"]}}],"collection":[{"href":"https:\/\/www.elsindical.com.ar\/notas\/wp-json\/wp\/v2\/posts"}],"about":[{"href":"https:\/\/www.elsindical.com.ar\/notas\/wp-json\/wp\/v2\/types\/post"}],"author":[{"embeddable":true,"href":"https:\/\/www.elsindical.com.ar\/notas\/wp-json\/wp\/v2\/users\/1"}],"replies":[{"embeddable":true,"href":"https:\/\/www.elsindical.com.ar\/notas\/wp-json\/wp\/v2\/comments?post=8623"}],"version-history":[{"count":1,"href":"https:\/\/www.elsindical.com.ar\/notas\/wp-json\/wp\/v2\/posts\/8623\/revisions"}],"predecessor-version":[{"id":8625,"href":"https:\/\/www.elsindical.com.ar\/notas\/wp-json\/wp\/v2\/posts\/8623\/revisions\/8625"}],"wp:attachment":[{"href":"https:\/\/www.elsindical.com.ar\/notas\/wp-json\/wp\/v2\/media?parent=8623"}],"wp:term":[{"taxonomy":"category","embeddable":true,"href":"https:\/\/www.elsindical.com.ar\/notas\/wp-json\/wp\/v2\/categories?post=8623"},{"taxonomy":"post_tag","embeddable":true,"href":"https:\/\/www.elsindical.com.ar\/notas\/wp-json\/wp\/v2\/tags?post=8623"}],"curies":[{"name":"wp","href":"https:\/\/api.w.org\/{rel}","templated":true}]}}