{"id":86176,"date":"2019-04-01T09:29:44","date_gmt":"2019-04-01T12:29:44","guid":{"rendered":"http:\/\/www.elsindical.com.ar\/notas\/?p=86176"},"modified":"2019-04-01T09:29:44","modified_gmt":"2019-04-01T12:29:44","slug":"burzaco-una-viga-de-metal-aplasto-a-una-joven-que-estaba-dentro-de-un-container","status":"publish","type":"post","link":"https:\/\/www.elsindical.com.ar\/notas\/burzaco-una-viga-de-metal-aplasto-a-una-joven-que-estaba-dentro-de-un-container\/","title":{"rendered":"Burzaco: Una viga de metal aplast\u00f3 a una joven que estaba dentro de un container"},"content":{"rendered":"\n<figure class=\"wp-block-image\"><img loading=\"lazy\" decoding=\"async\" width=\"640\" height=\"461\" src=\"http:\/\/www.elsindical.com.ar\/notas\/var\/www\/html\/notas\/wp-content\/uploads\/2019\/04\/Luciana-Magal\u00ed-Haedo.jpg\" alt=\"\" class=\"wp-image-86177\" srcset=\"https:\/\/www.elsindical.com.ar\/notas\/var\/www\/html\/notas\/wp-content\/uploads\/2019\/04\/Luciana-Magal\u00ed-Haedo.jpg 640w, https:\/\/www.elsindical.com.ar\/notas\/var\/www\/html\/notas\/wp-content\/uploads\/2019\/04\/Luciana-Magal\u00ed-Haedo-300x216.jpg 300w, https:\/\/www.elsindical.com.ar\/notas\/var\/www\/html\/notas\/wp-content\/uploads\/2019\/04\/Luciana-Magal\u00ed-Haedo-416x300.jpg 416w\" sizes=\"auto, (max-width: 640px) 100vw, 640px\" \/><\/figure>\n\n\n\n<p class=\"wp-block-paragraph\">Un joven de 19 a\u00f1os, que se encontraba en situaci\u00f3n de calle, muri\u00f3 \nal ser aplastada por una estructura met\u00e1lica cuando se encontraba dentro\n de un contendor, en un hecho en Burzaco.<\/p>\n\n\n\n<p class=\"wp-block-paragraph\">Fuentes policiales indicaron que el cuerpo sin vida de Luciana Magal\u00ed\n Haedo fue encontrado este domingo por la ma\u00f1ana dentro de un contenedor\n ubicado en Prieto y Ruta 4 en Burzaco.<\/p>\n\n\n\n<p class=\"wp-block-paragraph\">Sobre el contenedor hab\u00eda ca\u00eddo una estructura met\u00e1lica, que termin\u00f3 \ncon la vida de la joven. En principio, todo indica que se trat\u00f3 de un \naccidente aunque se esperan pericias, indicaron los investigadores.<\/p>\n\n\n\n<p class=\"wp-block-paragraph\">Seg\u00fan trascendi\u00f3, los familiares de Luciana indicaron que la joven \nsufr\u00eda problemas de adicciones y hab\u00eda dejado su casa de Glew para vivir\n en la calle o en piezas que alquilaba.<\/p>\n\n\n\n<p class=\"wp-block-paragraph\">Seg\u00fan fuentes de la investigaci\u00f3n, los polic\u00edas hallaron en el \ncontainer un colch\u00f3n y, por algunos testimonios, se estima que la joven \nestaba durmiendo &nbsp;en el lugar cuando ocurri\u00f3 el fatal hecho.<\/p>\n\n\n\n<p class=\"wp-block-paragraph\">La causa se encuentra caratulada, por el momento, como \u201caveriguaci\u00f3n \ncausales de muerte\u201d, y tramita en la UFI 1 de Lomas de Zamora, a cargo \ndel fiscal Sergio Anauati.<\/p>\n","protected":false},"excerpt":{"rendered":"<p>Un joven de 19 a\u00f1os, que se encontraba en situaci\u00f3n de calle, muri\u00f3 al ser aplastada por una estructura met\u00e1lica cuando se encontraba dentro de un contendor, en un hecho en Burzaco. Fuentes policiales indicaron que el cuerpo sin vida de Luciana Magal\u00ed Haedo fue encontrado este domingo por la ma\u00f1ana dentro de un contenedor&hellip;<\/p>\n","protected":false},"author":1,"featured_media":86177,"comment_status":"open","ping_status":"open","sticky":false,"template":"","format":"standard","meta":{"footnotes":""},"categories":[22],"tags":[3596,16397,30675],"class_list":["post-86176","post","type-post","status-publish","format-standard","has-post-thumbnail","hentry","category-policiales","tag-burzaco","tag-contenedor","tag-luciana-magali-haedo"],"_links":{"self":[{"href":"https:\/\/www.elsindical.com.ar\/notas\/wp-json\/wp\/v2\/posts\/86176","targetHints":{"allow":["GET"]}}],"collection":[{"href":"https:\/\/www.elsindical.com.ar\/notas\/wp-json\/wp\/v2\/posts"}],"about":[{"href":"https:\/\/www.elsindical.com.ar\/notas\/wp-json\/wp\/v2\/types\/post"}],"author":[{"embeddable":true,"href":"https:\/\/www.elsindical.com.ar\/notas\/wp-json\/wp\/v2\/users\/1"}],"replies":[{"embeddable":true,"href":"https:\/\/www.elsindical.com.ar\/notas\/wp-json\/wp\/v2\/comments?post=86176"}],"version-history":[{"count":1,"href":"https:\/\/www.elsindical.com.ar\/notas\/wp-json\/wp\/v2\/posts\/86176\/revisions"}],"predecessor-version":[{"id":86178,"href":"https:\/\/www.elsindical.com.ar\/notas\/wp-json\/wp\/v2\/posts\/86176\/revisions\/86178"}],"wp:featuredmedia":[{"embeddable":true,"href":"https:\/\/www.elsindical.com.ar\/notas\/wp-json\/wp\/v2\/media\/86177"}],"wp:attachment":[{"href":"https:\/\/www.elsindical.com.ar\/notas\/wp-json\/wp\/v2\/media?parent=86176"}],"wp:term":[{"taxonomy":"category","embeddable":true,"href":"https:\/\/www.elsindical.com.ar\/notas\/wp-json\/wp\/v2\/categories?post=86176"},{"taxonomy":"post_tag","embeddable":true,"href":"https:\/\/www.elsindical.com.ar\/notas\/wp-json\/wp\/v2\/tags?post=86176"}],"curies":[{"name":"wp","href":"https:\/\/api.w.org\/{rel}","templated":true}]}}