{"id":86159,"date":"2019-03-31T13:20:36","date_gmt":"2019-03-31T16:20:36","guid":{"rendered":"http:\/\/www.elsindical.com.ar\/notas\/?p=86159"},"modified":"2019-03-31T13:20:36","modified_gmt":"2019-03-31T16:20:36","slug":"luis-otero-y-las-malas-companias-politicas","status":"publish","type":"post","link":"https:\/\/www.elsindical.com.ar\/notas\/luis-otero-y-las-malas-companias-politicas\/","title":{"rendered":"Luis Otero y las malas compa\u00f1\u00edas pol\u00edticas"},"content":{"rendered":"\n<figure class=\"wp-block-image\"><img loading=\"lazy\" decoding=\"async\" width=\"960\" height=\"472\" src=\"http:\/\/www.elsindical.com.ar\/notas\/var\/www\/html\/notas\/wp-content\/uploads\/2019\/03\/56487438_1432427296898298_3971037392202104832_n.jpg\" alt=\"\" class=\"wp-image-86160\" srcset=\"https:\/\/www.elsindical.com.ar\/notas\/var\/www\/html\/notas\/wp-content\/uploads\/2019\/03\/56487438_1432427296898298_3971037392202104832_n.jpg 960w, https:\/\/www.elsindical.com.ar\/notas\/var\/www\/html\/notas\/wp-content\/uploads\/2019\/03\/56487438_1432427296898298_3971037392202104832_n-300x148.jpg 300w, https:\/\/www.elsindical.com.ar\/notas\/var\/www\/html\/notas\/wp-content\/uploads\/2019\/03\/56487438_1432427296898298_3971037392202104832_n-768x378.jpg 768w, https:\/\/www.elsindical.com.ar\/notas\/var\/www\/html\/notas\/wp-content\/uploads\/2019\/03\/56487438_1432427296898298_3971037392202104832_n-500x246.jpg 500w\" sizes=\"auto, (max-width: 960px) 100vw, 960px\" \/><\/figure>\n\n\n\n<p>  Cuando el impresentable presidente de la UCR de Avellaneda Fernando Landaburu, difundi\u00f3 su ofrecimiento al periodista Luis Otero de Canal 13 para disputar la intendencia desde el radicalismo en una puesta en escena para no perder el voto de la multidenunciada senadora Gladys Gonz\u00e1lez.<\/p>\n\n\n\n<p>La novela pol\u00edtica fue tomando forma y una vez que desde CAMBIEMOS midieron la fuerza de los candidatos Gonz\u00e1lez y Otero, probaron los resultados de un supuesto enfrentamiento interno, Otero dio un paso m\u00e1s y con una supuesta despedida al aire del noticiero confirm\u00f3 que trabajar\u00e1 en pol\u00edtica, algo curioso ya que en a\u00f1os en los medios nunca se ocupo de los problemas de Avellaneda.<\/p>\n\n\n\n<p>Lo de Luis Otero es una especie de salvavidas medi\u00e1tico a la p\u00e9sima imagen que tiene Gladys Gonz\u00e1lez que en breve podr\u00eda ser imputada por la justicia al detectarse irregularidades en el manejo de los fondos del SOMU y de la Fundaci\u00f3n Azul del gremio durante su intervenci\u00f3n que produjo la fuga de varios millones.<\/p>\n\n\n\n<p>La realidad es que en la pr\u00e1ctica es muy pobre lo que puede aportar el \u00abperiodista\u00bb, adem\u00e1s de su cara, nunca ejerci\u00f3 la profesi\u00f3n como periodista, lo suyo era leer noticias, el periodismo es otra cosa y en el plano pol\u00edtico en a\u00f1os con problemas en Avellaneda nunca aport\u00f3 un comentario constructivo, mucho menos ideas, es un buen \u00absoldado\u00bb del Grupo Clar\u00edn que viene a tratar de captar el voto de los que ya no soportan a Gladys Gonz\u00e1lez quien no supo hacer pie en el partido.<\/p>\n\n\n\n<p>Miden tan mal por separado que ahora la estrategia es sacrificar los votos de quienes votar\u00edan a Otero pero nunca a Gonz\u00e1lez y mostrarlos juntos, eso s\u00ed, parece que entre dos uno hacen uno y los candidatos de CAMBIEMOS para Avellaneda, recorren y hacen campa\u00f1a en Lan\u00fas. <\/p>\n\n\n\n<p>Primero fueron con algunos vecinos \u00abelegidos a dedo\u00bb y otros que son actores a conocer el Centro de Monitoreo de Lan\u00fas para ver el funcionamiento y seg\u00fan ellos poder implementar algo as\u00ed en Avellaneda, ahora con motivo del cumplea\u00f1os de la localidad de Gerli, Otero y Gonz\u00e1lez se mostraron felices y sin diferencias junto a N\u00e9stor Grindetti, adem\u00e1s los candidatos de Avellaneda fueron a charlar con vecinos de Lan\u00fas?.<\/p>\n\n\n\n<p>Si la participaci\u00f3n de Luis Otero en pol\u00edtica era como \u00e9l dijo para mejorar la pol\u00edtica y que regrese la confianza de los vecinos empez\u00f3 muy mal, caminar al lado de dos pol\u00edticos con causas por corrupci\u00f3n, incluso Grindetti asumi\u00f3 la intendencia con un pedido de captura internacional y Gonz\u00e1lez viene sumando denuncias desde hace 12 a\u00f1os, est\u00e1 subestimando a los vecinos, esa desproligidad de Otero la pag\u00f3 con un escrache mientras caminaba junto a Landaburu.<\/p>\n\n\n\n<figure class=\"wp-block-image\"><img loading=\"lazy\" decoding=\"async\" width=\"960\" height=\"828\" src=\"http:\/\/www.elsindical.com.ar\/notas\/var\/www\/html\/notas\/wp-content\/uploads\/2019\/03\/55764155_1432427313564963_9074398265809567744_n.jpg\" alt=\"\" class=\"wp-image-86161\" srcset=\"https:\/\/www.elsindical.com.ar\/notas\/var\/www\/html\/notas\/wp-content\/uploads\/2019\/03\/55764155_1432427313564963_9074398265809567744_n.jpg 960w, https:\/\/www.elsindical.com.ar\/notas\/var\/www\/html\/notas\/wp-content\/uploads\/2019\/03\/55764155_1432427313564963_9074398265809567744_n-300x259.jpg 300w, https:\/\/www.elsindical.com.ar\/notas\/var\/www\/html\/notas\/wp-content\/uploads\/2019\/03\/55764155_1432427313564963_9074398265809567744_n-768x662.jpg 768w, https:\/\/www.elsindical.com.ar\/notas\/var\/www\/html\/notas\/wp-content\/uploads\/2019\/03\/55764155_1432427313564963_9074398265809567744_n-348x300.jpg 348w\" sizes=\"auto, (max-width: 960px) 100vw, 960px\" \/><\/figure>\n\n\n\n<figure class=\"wp-block-image\"><img loading=\"lazy\" decoding=\"async\" width=\"720\" height=\"562\" src=\"http:\/\/www.elsindical.com.ar\/notas\/var\/www\/html\/notas\/wp-content\/uploads\/2019\/03\/56396036_302948580378670_1784043936319275008_n.jpg\" alt=\"\" class=\"wp-image-86162\" srcset=\"https:\/\/www.elsindical.com.ar\/notas\/var\/www\/html\/notas\/wp-content\/uploads\/2019\/03\/56396036_302948580378670_1784043936319275008_n.jpg 720w, https:\/\/www.elsindical.com.ar\/notas\/var\/www\/html\/notas\/wp-content\/uploads\/2019\/03\/56396036_302948580378670_1784043936319275008_n-300x234.jpg 300w, https:\/\/www.elsindical.com.ar\/notas\/var\/www\/html\/notas\/wp-content\/uploads\/2019\/03\/56396036_302948580378670_1784043936319275008_n-384x300.jpg 384w\" sizes=\"auto, (max-width: 720px) 100vw, 720px\" \/><\/figure>\n\n\n\n<iframe loading=\"lazy\" width=\"580\" height=\"420\" src=\"https:\/\/www.youtube.com\/embed\/TkxJR50mvjU\" frameborder=\"0\" allow=\"accelerometer; autoplay; encrypted-media; gyroscope; picture-in-picture\" allowfullscreen><\/iframe>\n\n\n\n<p>Por Marcelo Ricardo Hawrylciw<\/p>\n","protected":false},"excerpt":{"rendered":"<p>Cuando el impresentable presidente de la UCR de Avellaneda Fernando Landaburu, difundi\u00f3 su ofrecimiento al periodista Luis Otero de Canal 13 para disputar la intendencia desde el radicalismo en una puesta en escena para no perder el voto de la multidenunciada senadora Gladys Gonz\u00e1lez. La novela pol\u00edtica fue tomando forma y una vez que desde&hellip;<\/p>\n","protected":false},"author":1,"featured_media":86160,"comment_status":"open","ping_status":"open","sticky":false,"template":"","format":"standard","meta":{"footnotes":""},"categories":[10],"tags":[22169,21713,20142,209,30672],"class_list":["post-86159","post","type-post","status-publish","format-standard","has-post-thumbnail","hentry","category-editorial","tag-cambiemos","tag-fernando-landaburu","tag-gladys-gonzalez","tag-lanus","tag-luis-otero"],"_links":{"self":[{"href":"https:\/\/www.elsindical.com.ar\/notas\/wp-json\/wp\/v2\/posts\/86159","targetHints":{"allow":["GET"]}}],"collection":[{"href":"https:\/\/www.elsindical.com.ar\/notas\/wp-json\/wp\/v2\/posts"}],"about":[{"href":"https:\/\/www.elsindical.com.ar\/notas\/wp-json\/wp\/v2\/types\/post"}],"author":[{"embeddable":true,"href":"https:\/\/www.elsindical.com.ar\/notas\/wp-json\/wp\/v2\/users\/1"}],"replies":[{"embeddable":true,"href":"https:\/\/www.elsindical.com.ar\/notas\/wp-json\/wp\/v2\/comments?post=86159"}],"version-history":[{"count":1,"href":"https:\/\/www.elsindical.com.ar\/notas\/wp-json\/wp\/v2\/posts\/86159\/revisions"}],"predecessor-version":[{"id":86163,"href":"https:\/\/www.elsindical.com.ar\/notas\/wp-json\/wp\/v2\/posts\/86159\/revisions\/86163"}],"wp:featuredmedia":[{"embeddable":true,"href":"https:\/\/www.elsindical.com.ar\/notas\/wp-json\/wp\/v2\/media\/86160"}],"wp:attachment":[{"href":"https:\/\/www.elsindical.com.ar\/notas\/wp-json\/wp\/v2\/media?parent=86159"}],"wp:term":[{"taxonomy":"category","embeddable":true,"href":"https:\/\/www.elsindical.com.ar\/notas\/wp-json\/wp\/v2\/categories?post=86159"},{"taxonomy":"post_tag","embeddable":true,"href":"https:\/\/www.elsindical.com.ar\/notas\/wp-json\/wp\/v2\/tags?post=86159"}],"curies":[{"name":"wp","href":"https:\/\/api.w.org\/{rel}","templated":true}]}}