{"id":86065,"date":"2019-03-27T11:01:54","date_gmt":"2019-03-27T14:01:54","guid":{"rendered":"http:\/\/www.elsindical.com.ar\/notas\/?p=86065"},"modified":"2019-03-27T11:01:54","modified_gmt":"2019-03-27T14:01:54","slug":"los-precios-de-electrodomesticos-subieron-42-promedio-en-febrero","status":"publish","type":"post","link":"https:\/\/www.elsindical.com.ar\/notas\/los-precios-de-electrodomesticos-subieron-42-promedio-en-febrero\/","title":{"rendered":"Los precios de electrodom\u00e9sticos subieron 42% promedio en febrero"},"content":{"rendered":"\n<figure class=\"wp-block-image\"><img loading=\"lazy\" decoding=\"async\" width=\"1024\" height=\"685\" src=\"http:\/\/www.elsindical.com.ar\/notas\/var\/www\/html\/notas\/wp-content\/uploads\/2019\/03\/venta-de-electrodom\u00e9sticos-1024x685.jpg\" alt=\"\" class=\"wp-image-85450\" srcset=\"https:\/\/www.elsindical.com.ar\/notas\/var\/www\/html\/notas\/wp-content\/uploads\/2019\/03\/venta-de-electrodom\u00e9sticos-1024x685.jpg 1024w, https:\/\/www.elsindical.com.ar\/notas\/var\/www\/html\/notas\/wp-content\/uploads\/2019\/03\/venta-de-electrodom\u00e9sticos-300x201.jpg 300w, https:\/\/www.elsindical.com.ar\/notas\/var\/www\/html\/notas\/wp-content\/uploads\/2019\/03\/venta-de-electrodom\u00e9sticos-768x514.jpg 768w, https:\/\/www.elsindical.com.ar\/notas\/var\/www\/html\/notas\/wp-content\/uploads\/2019\/03\/venta-de-electrodom\u00e9sticos-448x300.jpg 448w, https:\/\/www.elsindical.com.ar\/notas\/var\/www\/html\/notas\/wp-content\/uploads\/2019\/03\/venta-de-electrodom\u00e9sticos.jpg 1170w\" sizes=\"auto, (max-width: 1024px) 100vw, 1024px\" \/><\/figure>\n\n\n\n<p>A pesar del bajo consumo, impacta la devaluaci\u00f3n, publica el diario <strong><em>BAE Negocios<\/em><\/strong>.<\/p>\n\n\n\n<p>A pesar de la recesi\u00f3n econ\u00f3mica acompa\u00f1ada de una brusca ca\u00edda del  consumo, los precios de los electrodom\u00e9sticos subieron un 42% en  promedio en febrero interanual por lo que, tanto la industria como el  comercio, esperan una mayor reducci\u00f3n de las ventas y crisis en el  empleo.<\/p>\n\n\n\n<p>Los incrementos de precios son notorios, seg\u00fan marca la consultora \nDatos Claros mediante un informe donde detecta subas de hasta 54% en las\n categor\u00edas de electrodom\u00e9sticos y tecnolog\u00eda del retail local. \nDatosClaros mide las publicaciones de las diferentes marcas en folletos y\n sitios web de supermercados y cadenas de electrodom\u00e9sticos.<\/p>\n\n\n\n<p>Seg\u00fan el informe de precios correspondiente a febrero, los tel\u00e9fonos \ncelulares mostraron el mayor incremento, con el 54%. Otras de las \ncategor\u00edas que mostraron una gran suba fueron los hornos microondas \n(52%), seguidos por lavarropas (42%) y heladeras (40%).<\/p>\n\n\n\n<p>Respecto a los motivos que impulsaron estas subas, <strong>Mara Gitelman<\/strong>, ejecutiva de Datos Claros, coment\u00f3 a <em><strong>BAE Negocios <\/strong><\/em>que <em>\u00abla\n TV vuelve a mostrar una suba muy peque\u00f1a (4%) que se entiende al \nrecordar que 2018 fue un a\u00f1o mundialista con grandes promociones, y \nentonces los precios fueron bajos en l\u00edneas generales\u00bb<\/em>. Respecto a los motivos que impulsan los incrementos, Gitelman se\u00f1al\u00f3 que <em>\u00abla situaci\u00f3n es muy clara, similar a lo que ocurri\u00f3 en enero y que se acrecienta con el correr de los meses\u00bb<\/em> e identific\u00f3 a los principales factores como <em>\u00abla devaluaci\u00f3n y la inflaci\u00f3n\u00bb<\/em>.<\/p>\n\n\n\n<p>Otras fuentes se\u00f1alaron que las promociones y las cuotas sin inter\u00e9s \nno ayudan a evitar las pronunciadas ca\u00eddas en el retail. En este \ncontexto, el salario real pierde poder adquisitivo y el financiamiento \nen la actualidad <em>\u00abpuede llegar a representar que los precios se dupliquen\u00bb<\/em>.<\/p>\n\n\n\n<p>La industria electr\u00f3nica, tanto del continente como de Tierra del Fuego,  anticipan un agravamiento de la situaci\u00f3n econ\u00f3mica para este a\u00f1o,  debido a que no se avizora una recuperaci\u00f3n de las compras con un  consumo deprimido, sumado al enorme costo impositivo y tarifario para  las empresas. De acuerdo con fuentes de empresas nucleadas en Afarte, la  proyecci\u00f3n, en comparaci\u00f3n con el 2018, es de ca\u00edda general.<\/p>\n\n\n\n<p>Sin embargo, como sucede en general en el mercado argentino, los \nprecios de los electrodom\u00e9sticos igualmente subieron un 42% en promedio,\n muy por encima de la inflaci\u00f3n general acumulada que de por s\u00ed ya es \nelevada. El consenso de toda la cadena de valor electr\u00f3nica es que esta \ncoyuntura abre las puertas para una mayor reducci\u00f3n de las ventas \nmayoristas y minoristas con la consecuente crisis en el empleo.<\/p>\n\n\n\n<p>En materia de volumen de producci\u00f3n, especialmente en la provincia de   Tierra del Fuego,  el a\u00f1o pasado y el comienzo del 2019 muestran un parate muy  significativo donde las cifras de ventas y producci\u00f3n se desplomaron.<\/p>\n","protected":false},"excerpt":{"rendered":"<p>A pesar del bajo consumo, impacta la devaluaci\u00f3n, publica el diario BAE Negocios. A pesar de la recesi\u00f3n econ\u00f3mica acompa\u00f1ada de una brusca ca\u00edda del consumo, los precios de los electrodom\u00e9sticos subieron un 42% en promedio en febrero interanual por lo que, tanto la industria como el comercio, esperan una mayor reducci\u00f3n de las ventas&hellip;<\/p>\n","protected":false},"author":1,"featured_media":85450,"comment_status":"open","ping_status":"open","sticky":false,"template":"","format":"standard","meta":{"footnotes":""},"categories":[9],"tags":[15994,4768,1707],"class_list":["post-86065","post","type-post","status-publish","format-standard","has-post-thumbnail","hentry","category-economia","tag-devaluacion","tag-electrodomesticos","tag-precios"],"_links":{"self":[{"href":"https:\/\/www.elsindical.com.ar\/notas\/wp-json\/wp\/v2\/posts\/86065","targetHints":{"allow":["GET"]}}],"collection":[{"href":"https:\/\/www.elsindical.com.ar\/notas\/wp-json\/wp\/v2\/posts"}],"about":[{"href":"https:\/\/www.elsindical.com.ar\/notas\/wp-json\/wp\/v2\/types\/post"}],"author":[{"embeddable":true,"href":"https:\/\/www.elsindical.com.ar\/notas\/wp-json\/wp\/v2\/users\/1"}],"replies":[{"embeddable":true,"href":"https:\/\/www.elsindical.com.ar\/notas\/wp-json\/wp\/v2\/comments?post=86065"}],"version-history":[{"count":1,"href":"https:\/\/www.elsindical.com.ar\/notas\/wp-json\/wp\/v2\/posts\/86065\/revisions"}],"predecessor-version":[{"id":86066,"href":"https:\/\/www.elsindical.com.ar\/notas\/wp-json\/wp\/v2\/posts\/86065\/revisions\/86066"}],"wp:featuredmedia":[{"embeddable":true,"href":"https:\/\/www.elsindical.com.ar\/notas\/wp-json\/wp\/v2\/media\/85450"}],"wp:attachment":[{"href":"https:\/\/www.elsindical.com.ar\/notas\/wp-json\/wp\/v2\/media?parent=86065"}],"wp:term":[{"taxonomy":"category","embeddable":true,"href":"https:\/\/www.elsindical.com.ar\/notas\/wp-json\/wp\/v2\/categories?post=86065"},{"taxonomy":"post_tag","embeddable":true,"href":"https:\/\/www.elsindical.com.ar\/notas\/wp-json\/wp\/v2\/tags?post=86065"}],"curies":[{"name":"wp","href":"https:\/\/api.w.org\/{rel}","templated":true}]}}