{"id":86051,"date":"2019-03-27T01:22:07","date_gmt":"2019-03-27T04:22:07","guid":{"rendered":"http:\/\/www.elsindical.com.ar\/notas\/?p=86051"},"modified":"2019-03-27T01:22:07","modified_gmt":"2019-03-27T04:22:07","slug":"indec-deuda-externa-total-aumento-mas-us-43-300-millones-en-un-ano","status":"publish","type":"post","link":"https:\/\/www.elsindical.com.ar\/notas\/indec-deuda-externa-total-aumento-mas-us-43-300-millones-en-un-ano\/","title":{"rendered":"INDEC: Deuda externa total aument\u00f3 m\u00e1s u$s 43.300 millones en un a\u00f1o"},"content":{"rendered":"\n<figure class=\"wp-block-image\"><img loading=\"lazy\" decoding=\"async\" width=\"283\" height=\"170\" src=\"http:\/\/www.elsindical.com.ar\/notas\/var\/www\/html\/notas\/wp-content\/uploads\/2010\/04\/Ministerio-de-econom\u00eda.jpg\" alt=\"\" class=\"wp-image-5685\"\/><\/figure>\n\n\n\n<p> El stock ascendi\u00f3 un 18% hasta los u$s 277.921 millones en el cuarto trimestre de 2018. <\/p>\n\n\n\n<p>La\u00a0deuda\u00a0externa<strong>\u00a0total<\/strong> <strong>aument\u00f3 durante el cuarto trimestre de 2018 unos u$s 43.372 millones (+18%) hasta los u$s 277.921 millones<\/strong>, respecto a igual per\u00edodo de 2017, inform\u00f3 este martes el Instituto Nacional de Estad\u00edstica y Censos (Indec) sobre la econom\u00eda argentina.<\/p>\n\n\n\n<p>De acuerdo al organismo,\u00a0se registraron incrementos interanuales del  22% para la deuda del Gobierno general, del 29% para el Banco Central,  del 30% para Otras sociedades financieras, del 10% para sociedades no  financieras, mientras que se redujo en un 3%, la deuda de las sociedades  captadoras de dep\u00f3sitos.<\/p>\n\n\n\n<p>En tanto, el stock de deuda externa bruta total con t\u00edtulos de deuda a  valor de mercado al 31 de diciembre de 2018 se estim\u00f3 en u$s 250.861  millones, lo que mostr\u00f3 un crecimiento de 7%.<\/p>\n\n\n\n<ul class=\"wp-block-gallery columns-2 is-cropped wp-block-gallery-1 is-layout-flex wp-block-gallery-is-layout-flex\"><li class=\"blocks-gallery-item\"><figure><img loading=\"lazy\" decoding=\"async\" width=\"674\" height=\"495\" src=\"http:\/\/www.elsindical.com.ar\/notas\/var\/www\/html\/notas\/wp-content\/uploads\/2019\/03\/414918.jpg\" alt=\"\" data-id=\"86052\" data-link=\"http:\/\/www.elsindical.com.ar\/notas\/?attachment_id=86052#main\" class=\"wp-image-86052\" srcset=\"https:\/\/www.elsindical.com.ar\/notas\/var\/www\/html\/notas\/wp-content\/uploads\/2019\/03\/414918.jpg 674w, https:\/\/www.elsindical.com.ar\/notas\/var\/www\/html\/notas\/wp-content\/uploads\/2019\/03\/414918-300x220.jpg 300w, https:\/\/www.elsindical.com.ar\/notas\/var\/www\/html\/notas\/wp-content\/uploads\/2019\/03\/414918-408x300.jpg 408w\" sizes=\"auto, (max-width: 674px) 100vw, 674px\" \/><\/figure><\/li><li class=\"blocks-gallery-item\"><figure><img loading=\"lazy\" decoding=\"async\" width=\"701\" height=\"462\" src=\"http:\/\/www.elsindical.com.ar\/notas\/var\/www\/html\/notas\/wp-content\/uploads\/2019\/03\/414917.jpg\" alt=\"\" data-id=\"86053\" data-link=\"http:\/\/www.elsindical.com.ar\/notas\/?attachment_id=86053#main\" class=\"wp-image-86053\" srcset=\"https:\/\/www.elsindical.com.ar\/notas\/var\/www\/html\/notas\/wp-content\/uploads\/2019\/03\/414917.jpg 701w, https:\/\/www.elsindical.com.ar\/notas\/var\/www\/html\/notas\/wp-content\/uploads\/2019\/03\/414917-300x198.jpg 300w, https:\/\/www.elsindical.com.ar\/notas\/var\/www\/html\/notas\/wp-content\/uploads\/2019\/03\/414917-455x300.jpg 455w\" sizes=\"auto, (max-width: 701px) 100vw, 701px\" \/><\/figure><\/li><li class=\"blocks-gallery-item\"><figure><img loading=\"lazy\" decoding=\"async\" width=\"676\" height=\"576\" src=\"http:\/\/www.elsindical.com.ar\/notas\/var\/www\/html\/notas\/wp-content\/uploads\/2019\/03\/tabla-de-deuda-externa.jpg\" alt=\"\" data-id=\"86054\" data-link=\"http:\/\/www.elsindical.com.ar\/notas\/?attachment_id=86054#main\" class=\"wp-image-86054\" srcset=\"https:\/\/www.elsindical.com.ar\/notas\/var\/www\/html\/notas\/wp-content\/uploads\/2019\/03\/tabla-de-deuda-externa.jpg 676w, https:\/\/www.elsindical.com.ar\/notas\/var\/www\/html\/notas\/wp-content\/uploads\/2019\/03\/tabla-de-deuda-externa-300x256.jpg 300w, https:\/\/www.elsindical.com.ar\/notas\/var\/www\/html\/notas\/wp-content\/uploads\/2019\/03\/tabla-de-deuda-externa-352x300.jpg 352w\" sizes=\"auto, (max-width: 676px) 100vw, 676px\" \/><\/figure><\/li><\/ul>\n","protected":false},"excerpt":{"rendered":"<p>El stock ascendi\u00f3 un 18% hasta los u$s 277.921 millones en el cuarto trimestre de 2018. La\u00a0deuda\u00a0externa\u00a0total aument\u00f3 durante el cuarto trimestre de 2018 unos u$s 43.372 millones (+18%) hasta los u$s 277.921 millones, respecto a igual per\u00edodo de 2017, inform\u00f3 este martes el Instituto Nacional de Estad\u00edstica y Censos (Indec) sobre la econom\u00eda argentina.&hellip;<\/p>\n","protected":false},"author":1,"featured_media":5685,"comment_status":"open","ping_status":"open","sticky":false,"template":"","format":"standard","meta":{"footnotes":""},"categories":[9],"tags":[25755,2200,3006],"class_list":["post-86051","post","type-post","status-publish","format-standard","has-post-thumbnail","hentry","category-economia","tag-deuda-externa","tag-indec","tag-ministerio-de-economia"],"_links":{"self":[{"href":"https:\/\/www.elsindical.com.ar\/notas\/wp-json\/wp\/v2\/posts\/86051","targetHints":{"allow":["GET"]}}],"collection":[{"href":"https:\/\/www.elsindical.com.ar\/notas\/wp-json\/wp\/v2\/posts"}],"about":[{"href":"https:\/\/www.elsindical.com.ar\/notas\/wp-json\/wp\/v2\/types\/post"}],"author":[{"embeddable":true,"href":"https:\/\/www.elsindical.com.ar\/notas\/wp-json\/wp\/v2\/users\/1"}],"replies":[{"embeddable":true,"href":"https:\/\/www.elsindical.com.ar\/notas\/wp-json\/wp\/v2\/comments?post=86051"}],"version-history":[{"count":1,"href":"https:\/\/www.elsindical.com.ar\/notas\/wp-json\/wp\/v2\/posts\/86051\/revisions"}],"predecessor-version":[{"id":86055,"href":"https:\/\/www.elsindical.com.ar\/notas\/wp-json\/wp\/v2\/posts\/86051\/revisions\/86055"}],"wp:featuredmedia":[{"embeddable":true,"href":"https:\/\/www.elsindical.com.ar\/notas\/wp-json\/wp\/v2\/media\/5685"}],"wp:attachment":[{"href":"https:\/\/www.elsindical.com.ar\/notas\/wp-json\/wp\/v2\/media?parent=86051"}],"wp:term":[{"taxonomy":"category","embeddable":true,"href":"https:\/\/www.elsindical.com.ar\/notas\/wp-json\/wp\/v2\/categories?post=86051"},{"taxonomy":"post_tag","embeddable":true,"href":"https:\/\/www.elsindical.com.ar\/notas\/wp-json\/wp\/v2\/tags?post=86051"}],"curies":[{"name":"wp","href":"https:\/\/api.w.org\/{rel}","templated":true}]}}