{"id":860,"date":"2009-10-06T00:26:11","date_gmt":"2009-10-06T03:26:11","guid":{"rendered":"http:\/\/www.elsindical.com.ar\/notas\/?p=860"},"modified":"2009-10-06T00:26:11","modified_gmt":"2009-10-06T03:26:11","slug":"se-inicia-un-paro-de-48-horas-en-77-hospitales-bonaerenses","status":"publish","type":"post","link":"https:\/\/www.elsindical.com.ar\/notas\/se-inicia-un-paro-de-48-horas-en-77-hospitales-bonaerenses\/","title":{"rendered":"Se inicia un paro de 48 horas en 77 hospitales bonaerenses"},"content":{"rendered":"<p style=\"text-align: justify;\"><em><img loading=\"lazy\" decoding=\"async\" class=\"alignleft size-full wp-image-861\" title=\"Cicop-marcha\" src=\"http:\/\/www.elsindical.com.ar\/notas\/var\/www\/html\/notas\/wp-content\/uploads\/2009\/10\/Cicop-marcha1.jpg\" alt=\"Cicop-marcha\" width=\"269\" height=\"200\" \/>Los trabajadores de la salud iniciar\u00e1n este martes un paro de 48 horas en 77 hospitales bonaerenses en reclamo de un aumento salarial y otras reivindicaciones laborales.<\/em><\/p>\n<p style=\"text-align: justify;\">El Congreso de Delegados de la Asociaci\u00f3n de Profesionales de la Salud de la Provincia de Buenos Aires (CICOP) resolvi\u00f3 profundizar las medidas de fuerza, ante la falta de respuestas de las autoridades provinciales.<\/p>\n<p style=\"text-align: justify;\">A pesar del alto acatamiento de las medidas de fuerza realizadas la semana pasada y la anterior, hasta el presente el gobierno no ha formalizado ninguna propuesta concreta para superar el conflicto.<\/p>\n<p style=\"text-align: justify;\">Desde CICOP denuncian los incumplimientos de la paritaria y reclaman la creaci\u00f3n de 800 nuevos cargos para atender las necesidades m\u00e1s urgentes.<\/p>\n<p style=\"text-align: justify;\">Adem\u00e1s, piden el pase a planta de 600 profesionales becarios, el aumento del reemplazo de guardia, el 22 por ciento de recomposici\u00f3n salarial y la sanci\u00f3n de las leyes de normalizaci\u00f3n de la carrera profesional a\u00fan en tr\u00e1mite parlamentario.<\/p>\n<p style=\"text-align: justify;\">Tambi\u00e9n, reclaman el pago del premio de 600 pesos a los profesionales que se desempe\u00f1an en establecimientos municipales que el Gobernador Daniel Scioli prometi\u00f3 durante la Epidemia de Gripe A.<\/p>\n<p style=\"text-align: justify;\">Los profesionales dependientes de la Provincia ya lo percibieron el mes pasado pero los Municipios a\u00fan no lo abonaron pues la Provincia no gir\u00f3 la partida correspondiente.<\/p>\n<p style=\"text-align: justify;\">El titular de CICOP, Hugo Amor, reiter\u00f3 que \u00abel gobierno no cumpli\u00f3 con los compromisos asumidos y, en ese marco, los profesionales seguir\u00e1n reclamando y profundizando las medidas en caso de no obtener respuesta\u00bb.<\/p>\n<p style=\"text-align: justify;\">\u00abSi bien las autoridades del ministerio de Salud de la provincia se comprometieron a convocar a una reuni\u00f3n la segunda semana de septiembre, a\u00fan no se han comunicado\u00bb, agreg\u00f3.<\/p>\n<p style=\"text-align: justify;\">Amor detall\u00f3 que \u00abde los 80 profesionales que el gobierno se comprometi\u00f3 a pasar a planta por mes, s\u00f3lo pasaron un total de 120, es decir, hay 600 m\u00e1s que deber\u00edan estar nombrados y a\u00fan no lo est\u00e1n\u00bb.<\/p>\n<p style=\"text-align: justify;\">No hay propuesta de aumento del monto de las guardias ni de nominalizar su cobro: los Hospitales \u00abMi Pueblo\u00bb de Florencio Varela y \u00abJulio De Vedia\u00bb de 9 de Julio deber\u00edan haberse incorporado al r\u00e9gimen de desfavorabilidad, que implica una bonificaci\u00f3n del 15% sobre el b\u00e1sico a todo el personal, y a\u00fan no est\u00e1n los decretos que lo permitan\u00bb, asegur\u00f3.<\/p>\n<p style=\"text-align: justify;\">Por \u00faltimo, el titular de CICOP explic\u00f3 que \u00abla disminuci\u00f3n del presupuesto nacional en salud no augura nada bueno para los trabajadores y para los ciudadanos que tienen como \u00fanica opci\u00f3n el sistema p\u00fablico\u00bb, y a\u00f1adi\u00f3 que \u00abcomo el 90 por ciento de las urgencias se atienden en los hospitales p\u00fablicos tambi\u00e9n se perjudicar\u00e1n los que tienen obras sociales y prepagas\u00bb.<\/p>\n","protected":false},"excerpt":{"rendered":"<p>Los trabajadores de la salud iniciar\u00e1n este martes un paro de 48 horas en 77 hospitales bonaerenses en reclamo de un aumento salarial y otras reivindicaciones laborales. El Congreso de Delegados de la Asociaci\u00f3n de Profesionales de la Salud de la Provincia de Buenos Aires (CICOP) resolvi\u00f3 profundizar las medidas de fuerza, ante la falta&hellip;<\/p>\n","protected":false},"author":1,"featured_media":0,"comment_status":"open","ping_status":"open","sticky":false,"template":"","format":"standard","meta":{"footnotes":""},"categories":[16],"tags":[494,291,441,67],"class_list":["post-860","post","type-post","status-publish","format-standard","hentry","category-gremiales","tag-bonaerenses","tag-cicop","tag-hospitales","tag-paro"],"_links":{"self":[{"href":"https:\/\/www.elsindical.com.ar\/notas\/wp-json\/wp\/v2\/posts\/860","targetHints":{"allow":["GET"]}}],"collection":[{"href":"https:\/\/www.elsindical.com.ar\/notas\/wp-json\/wp\/v2\/posts"}],"about":[{"href":"https:\/\/www.elsindical.com.ar\/notas\/wp-json\/wp\/v2\/types\/post"}],"author":[{"embeddable":true,"href":"https:\/\/www.elsindical.com.ar\/notas\/wp-json\/wp\/v2\/users\/1"}],"replies":[{"embeddable":true,"href":"https:\/\/www.elsindical.com.ar\/notas\/wp-json\/wp\/v2\/comments?post=860"}],"version-history":[{"count":2,"href":"https:\/\/www.elsindical.com.ar\/notas\/wp-json\/wp\/v2\/posts\/860\/revisions"}],"predecessor-version":[{"id":863,"href":"https:\/\/www.elsindical.com.ar\/notas\/wp-json\/wp\/v2\/posts\/860\/revisions\/863"}],"wp:attachment":[{"href":"https:\/\/www.elsindical.com.ar\/notas\/wp-json\/wp\/v2\/media?parent=860"}],"wp:term":[{"taxonomy":"category","embeddable":true,"href":"https:\/\/www.elsindical.com.ar\/notas\/wp-json\/wp\/v2\/categories?post=860"},{"taxonomy":"post_tag","embeddable":true,"href":"https:\/\/www.elsindical.com.ar\/notas\/wp-json\/wp\/v2\/tags?post=860"}],"curies":[{"name":"wp","href":"https:\/\/api.w.org\/{rel}","templated":true}]}}