{"id":85982,"date":"2019-03-24T10:39:20","date_gmt":"2019-03-24T13:39:20","guid":{"rendered":"http:\/\/www.elsindical.com.ar\/notas\/?p=85982"},"modified":"2019-03-24T10:39:20","modified_gmt":"2019-03-24T13:39:20","slug":"una-cooperativa-ferroviaria-de-junin-suspende-a-50-trabajadores","status":"publish","type":"post","link":"https:\/\/www.elsindical.com.ar\/notas\/una-cooperativa-ferroviaria-de-junin-suspende-a-50-trabajadores\/","title":{"rendered":"Una cooperativa ferroviaria de Jun\u00edn suspende a 50 trabajadores"},"content":{"rendered":"\n<figure class=\"wp-block-image\"><img loading=\"lazy\" decoding=\"async\" width=\"620\" height=\"370\" src=\"http:\/\/www.elsindical.com.ar\/notas\/var\/www\/html\/notas\/wp-content\/uploads\/2019\/03\/COTTAJ.jpg\" alt=\"\" class=\"wp-image-85983\" srcset=\"https:\/\/www.elsindical.com.ar\/notas\/var\/www\/html\/notas\/wp-content\/uploads\/2019\/03\/COTTAJ.jpg 620w, https:\/\/www.elsindical.com.ar\/notas\/var\/www\/html\/notas\/wp-content\/uploads\/2019\/03\/COTTAJ-300x179.jpg 300w, https:\/\/www.elsindical.com.ar\/notas\/var\/www\/html\/notas\/wp-content\/uploads\/2019\/03\/COTTAJ-500x298.jpg 500w\" sizes=\"auto, (max-width: 620px) 100vw, 620px\" \/><\/figure>\n\n\n\n<p>Se trata de una hist\u00f3rica cooperativa ferroviaria de  Jun\u00edn, que surgi\u00f3 a finales de 1993 cuando el estado Nacional  desarticul\u00f3 y privatiz\u00f3 los servicios de trenes. Se encuentra al borde  del cierre y que desde el lunes avanzar\u00e1 con licencias forzosas \u201cpor  falta de trabajo\u201d.<\/p>\n\n\n\n<p>La cooperativa ferroviaria COOTTAJ de Jun\u00edn anunci\u00f3 que se encuentra \nal borde del cierre y que desde el lunes avanzar\u00e1 con licencias forzosas\n \u201cpor falta de trabajo\u201d.<\/p>\n\n\n\n<p>Se trata de una hist\u00f3rica cooperativa ferroviaria de Jun\u00edn, que \nsurgi\u00f3 a finales de 1993 cuando el estado Nacional desarticul\u00f3 y \nprivatiz\u00f3 los servicios de trenes<\/p>\n\n\n\n<p>COTTAJ, que ven\u00eda trabajando para el Belgrano Cargas, sufre un duro \nparate, que se suma a los tarifazos y la disparada del d\u00f3lar que \nencarece los insumos y deval\u00faa las ganancias. Por eso desde el lunes que\n viene aplicar\u00e1n licencias obligatorias a los 50 trabajadores.<br> <br>\u201cSe\n busca ahorrar energ\u00eda el\u00e9ctrica, ya que el gasto es muy grande. Adem\u00e1s,\n todav\u00eda se est\u00e1 a la espera de firmar alg\u00fan nuevo convenio con el \nBelgrano Cargas, pero hasta ahora no surgieron nuevos trabajos\u201d, precis\u00f3\n Pedro Rodr\u00edguez, presidente de la cooperativa.<\/p>\n\n\n\n<p>Al mismo tiempo, los trabajadores est\u00e1n reclamando la urgente \nintervenci\u00f3n del intendente macrista Pablo Petrecca y de las autoridades\n del Ministerio de Trabajo de la Provincia, a cargo de Marcelo Villegas,\n para buscar alternativas al cierre definitivo.<\/p>\n\n\n\n<p>Por su parte, el senador provincial Gustavo Traverso sali\u00f3 a \nresponsabilizar al intendente Pablo Petrecca y al Gobierno de Mar\u00eda \nEugenia Vidal por la cr\u00edtica situaci\u00f3n que atraviesa la cooperativa.<\/p>\n\n\n\n<p>\u201cEste cierre es una cat\u00e1strofe, porque es una de las Pymes m\u00e1s \ngrandes de la ciudad. La responsabilidad central es del intendente que \nnunca atendi\u00f3 las demandas, ni gestion\u00f3 trabajo\u201d, apunt\u00f3 en legislador.<\/p>\n\n\n\n<p>\u201cDesde Cambiemos le bajaron el pulgar a los trabajadores, les \nbloquearon trabajos y les exigieron anotarse en licitaciones \nmultimillonarias en las cuales no ten\u00edan esquema financiero para \nsolventarlas\u201d, agreg\u00f3 Traverso en dialogo con el portal de noticias \nDiputados Bonaerenses.<\/p>\n\n\n\n<p>\u201cHoy la cooperativa est\u00e1 borde del cierre, atravesando una crisis \nterminal, est\u00e1n suspendiendo a sus propios trabajadores y la situaci\u00f3n \nno encuentra respuesta por parte de las autoridades\u201d, cerr\u00f3 el senador \noriundo de Junin. (<strong>InfoGEI<\/strong>) Mg<\/p>\n","protected":false},"excerpt":{"rendered":"<p>Se trata de una hist\u00f3rica cooperativa ferroviaria de Jun\u00edn, que surgi\u00f3 a finales de 1993 cuando el estado Nacional desarticul\u00f3 y privatiz\u00f3 los servicios de trenes. Se encuentra al borde del cierre y que desde el lunes avanzar\u00e1 con licencias forzosas \u201cpor falta de trabajo\u201d. La cooperativa ferroviaria COOTTAJ de Jun\u00edn anunci\u00f3 que se encuentra&hellip;<\/p>\n","protected":false},"author":1,"featured_media":85983,"comment_status":"open","ping_status":"open","sticky":false,"template":"","format":"standard","meta":{"footnotes":""},"categories":[16],"tags":[7748,125],"class_list":["post-85982","post","type-post","status-publish","format-standard","has-post-thumbnail","hentry","category-gremiales","tag-junin","tag-trabajadores"],"_links":{"self":[{"href":"https:\/\/www.elsindical.com.ar\/notas\/wp-json\/wp\/v2\/posts\/85982","targetHints":{"allow":["GET"]}}],"collection":[{"href":"https:\/\/www.elsindical.com.ar\/notas\/wp-json\/wp\/v2\/posts"}],"about":[{"href":"https:\/\/www.elsindical.com.ar\/notas\/wp-json\/wp\/v2\/types\/post"}],"author":[{"embeddable":true,"href":"https:\/\/www.elsindical.com.ar\/notas\/wp-json\/wp\/v2\/users\/1"}],"replies":[{"embeddable":true,"href":"https:\/\/www.elsindical.com.ar\/notas\/wp-json\/wp\/v2\/comments?post=85982"}],"version-history":[{"count":1,"href":"https:\/\/www.elsindical.com.ar\/notas\/wp-json\/wp\/v2\/posts\/85982\/revisions"}],"predecessor-version":[{"id":85984,"href":"https:\/\/www.elsindical.com.ar\/notas\/wp-json\/wp\/v2\/posts\/85982\/revisions\/85984"}],"wp:featuredmedia":[{"embeddable":true,"href":"https:\/\/www.elsindical.com.ar\/notas\/wp-json\/wp\/v2\/media\/85983"}],"wp:attachment":[{"href":"https:\/\/www.elsindical.com.ar\/notas\/wp-json\/wp\/v2\/media?parent=85982"}],"wp:term":[{"taxonomy":"category","embeddable":true,"href":"https:\/\/www.elsindical.com.ar\/notas\/wp-json\/wp\/v2\/categories?post=85982"},{"taxonomy":"post_tag","embeddable":true,"href":"https:\/\/www.elsindical.com.ar\/notas\/wp-json\/wp\/v2\/tags?post=85982"}],"curies":[{"name":"wp","href":"https:\/\/api.w.org\/{rel}","templated":true}]}}