{"id":85938,"date":"2019-03-23T00:26:01","date_gmt":"2019-03-23T03:26:01","guid":{"rendered":"http:\/\/www.elsindical.com.ar\/notas\/?p=85938"},"modified":"2019-03-23T00:26:01","modified_gmt":"2019-03-23T03:26:01","slug":"camara-federal-desestimo-recusacion-de-stornelli-y-ratifico-a-ramos-padilla-al-frente-de-la-causa","status":"publish","type":"post","link":"https:\/\/www.elsindical.com.ar\/notas\/camara-federal-desestimo-recusacion-de-stornelli-y-ratifico-a-ramos-padilla-al-frente-de-la-causa\/","title":{"rendered":"C\u00e1mara Federal desestim\u00f3 recusaci\u00f3n de Stornelli y ratific\u00f3 a Ramos Padilla al frente de la causa"},"content":{"rendered":"\n<figure class=\"wp-block-image\"><img loading=\"lazy\" decoding=\"async\" width=\"970\" height=\"546\" src=\"http:\/\/www.elsindical.com.ar\/notas\/var\/www\/html\/notas\/wp-content\/uploads\/2019\/02\/Stornelli.jpg\" alt=\"\" class=\"wp-image-84840\" srcset=\"https:\/\/www.elsindical.com.ar\/notas\/var\/www\/html\/notas\/wp-content\/uploads\/2019\/02\/Stornelli.jpg 970w, https:\/\/www.elsindical.com.ar\/notas\/var\/www\/html\/notas\/wp-content\/uploads\/2019\/02\/Stornelli-300x169.jpg 300w, https:\/\/www.elsindical.com.ar\/notas\/var\/www\/html\/notas\/wp-content\/uploads\/2019\/02\/Stornelli-768x432.jpg 768w, https:\/\/www.elsindical.com.ar\/notas\/var\/www\/html\/notas\/wp-content\/uploads\/2019\/02\/Stornelli-500x281.jpg 500w, https:\/\/www.elsindical.com.ar\/notas\/var\/www\/html\/notas\/wp-content\/uploads\/2019\/02\/Stornelli-460x260.jpg 460w\" sizes=\"auto, (max-width: 970px) 100vw, 970px\" \/><\/figure>\n\n\n\n<p> Tras negarse a declarar  en tres oportunidades, el fiscal lo har\u00e1 finalmente el pr\u00f3ximo martes  ante el juez federal de Dolores, que podr\u00eda imputarlo como part\u00edcipe en  la red de espionaje ilegal. <\/p>\n\n\n\n<p>La <strong>C\u00e1mara Federal de Mar del Plata<\/strong> rechaz\u00f3 la primera recusaci\u00f3n presentada por el <strong>fiscal Carlos Stornelli\u00a0<\/strong>contra el juez federal de Dolores, Alejo Ramos Padilla, por lo que el magistrado fue confirmado al frente del expediente en el que se investiga una supuesta red de espionaje ilegal.<\/p>\n\n\n\n<p>En la notificaci\u00f3n que envi\u00f3 Ramos Padilla, le indic\u00f3 al fiscal que \nla citaci\u00f3n del viernes pospuesta para el martes es \u00abbajo apercibimiento\n de ser declarado en rebeld\u00eda\u00bb por lo que de no presentarse ese d\u00eda en \nDolores podr\u00eda ser llevado hasta all\u00ed por la fuerza p\u00fablica.<\/p>\n\n\n\n<p>El fiscal <strong>ya se ausent\u00f3 en dos oportunidades recusando al juez<\/strong>\n en ambas ocasiones. Entre sus argumentos se encontraban que la C\u00e1mara \nFederal de Mar del Plata no hab\u00eda resuelto todos sus planteos sobre la \n\u00abp\u00e9rdida de parcialidad\u00bb del magistrado.<\/p>\n\n\n\n<p>La recusaci\u00f3n planteada por el fiscal era uno de los argumentos para \nno declarar en indagatoria ante el propio magistrado. De hecho, Ramos \nPadilla cit\u00f3 tres veces a Stornelli al juzgado de Dolores. Nunca fue. \nAhora deber\u00e1 hacerlo el martes 26 de marzo bajo bajo apercibimiento de \ndeclararlo en \u00abrebeld\u00eda\u00bb m\u00e1s all\u00e1 de sus fueros.<\/p>\n\n\n\n<p><strong>Stornelli pidi\u00f3 que Ramos Padilla se aparte del caso<\/strong>\n por haber ventilado sus pormenores el 13 de marzo pasado, cuando \nconcurri\u00f3 a la Comisi\u00f3n de Libertad de Expresi\u00f3n del Congreso Nacional.<\/p>\n\n\n\n<p>El fiscal del caso de los cuadernos fue citado a declarar en \nindagatoria en la causa por supuesto espionaje ilegal en investigaciones\n judiciales.<\/p>\n\n\n\n<p>Su <strong>defensa present\u00f3 un nuevo escrito<\/strong> para intentar \napartar al juez del caso, aunque ya fue rechazado un primer intento y \nahora debe decidir la C\u00e1mara Federal de Mar del Plata.<\/p>\n","protected":false},"excerpt":{"rendered":"<p>Tras negarse a declarar en tres oportunidades, el fiscal lo har\u00e1 finalmente el pr\u00f3ximo martes ante el juez federal de Dolores, que podr\u00eda imputarlo como part\u00edcipe en la red de espionaje ilegal. La C\u00e1mara Federal de Mar del Plata rechaz\u00f3 la primera recusaci\u00f3n presentada por el fiscal Carlos Stornelli\u00a0contra el juez federal de Dolores, Alejo&hellip;<\/p>\n","protected":false},"author":1,"featured_media":84840,"comment_status":"open","ping_status":"open","sticky":false,"template":"","format":"standard","meta":{"footnotes":""},"categories":[20],"tags":[30632,4802,6693,30571],"class_list":["post-85938","post","type-post","status-publish","format-standard","has-post-thumbnail","hentry","category-judiciales","tag-camara-federal-mar-del-plata","tag-dolores","tag-fiscal-federal-carlos-stornelli","tag-juez-federal-ramos-padilla"],"_links":{"self":[{"href":"https:\/\/www.elsindical.com.ar\/notas\/wp-json\/wp\/v2\/posts\/85938","targetHints":{"allow":["GET"]}}],"collection":[{"href":"https:\/\/www.elsindical.com.ar\/notas\/wp-json\/wp\/v2\/posts"}],"about":[{"href":"https:\/\/www.elsindical.com.ar\/notas\/wp-json\/wp\/v2\/types\/post"}],"author":[{"embeddable":true,"href":"https:\/\/www.elsindical.com.ar\/notas\/wp-json\/wp\/v2\/users\/1"}],"replies":[{"embeddable":true,"href":"https:\/\/www.elsindical.com.ar\/notas\/wp-json\/wp\/v2\/comments?post=85938"}],"version-history":[{"count":1,"href":"https:\/\/www.elsindical.com.ar\/notas\/wp-json\/wp\/v2\/posts\/85938\/revisions"}],"predecessor-version":[{"id":85939,"href":"https:\/\/www.elsindical.com.ar\/notas\/wp-json\/wp\/v2\/posts\/85938\/revisions\/85939"}],"wp:featuredmedia":[{"embeddable":true,"href":"https:\/\/www.elsindical.com.ar\/notas\/wp-json\/wp\/v2\/media\/84840"}],"wp:attachment":[{"href":"https:\/\/www.elsindical.com.ar\/notas\/wp-json\/wp\/v2\/media?parent=85938"}],"wp:term":[{"taxonomy":"category","embeddable":true,"href":"https:\/\/www.elsindical.com.ar\/notas\/wp-json\/wp\/v2\/categories?post=85938"},{"taxonomy":"post_tag","embeddable":true,"href":"https:\/\/www.elsindical.com.ar\/notas\/wp-json\/wp\/v2\/tags?post=85938"}],"curies":[{"name":"wp","href":"https:\/\/api.w.org\/{rel}","templated":true}]}}