{"id":85764,"date":"2019-03-18T12:26:21","date_gmt":"2019-03-18T15:26:21","guid":{"rendered":"http:\/\/www.elsindical.com.ar\/notas\/?p=85764"},"modified":"2019-03-18T15:10:15","modified_gmt":"2019-03-18T18:10:15","slug":"la-plata-un-grupo-comando-irrumpio-en-cumpleanos-y-robo-a-todos-los-presentes","status":"publish","type":"post","link":"https:\/\/www.elsindical.com.ar\/notas\/la-plata-un-grupo-comando-irrumpio-en-cumpleanos-y-robo-a-todos-los-presentes\/","title":{"rendered":"La Plata: Un grupo comando irrumpi\u00f3 en cumplea\u00f1os y rob\u00f3 a todos los presentes"},"content":{"rendered":"\n<figure class=\"wp-block-image\"><img loading=\"lazy\" decoding=\"async\" width=\"970\" height=\"546\" src=\"http:\/\/www.elsindical.com.ar\/notas\/var\/www\/html\/notas\/wp-content\/uploads\/2019\/03\/asalto-en-La-Plata.jpg\" alt=\"\" class=\"wp-image-85765\" srcset=\"https:\/\/www.elsindical.com.ar\/notas\/var\/www\/html\/notas\/wp-content\/uploads\/2019\/03\/asalto-en-La-Plata.jpg 970w, https:\/\/www.elsindical.com.ar\/notas\/var\/www\/html\/notas\/wp-content\/uploads\/2019\/03\/asalto-en-La-Plata-300x169.jpg 300w, https:\/\/www.elsindical.com.ar\/notas\/var\/www\/html\/notas\/wp-content\/uploads\/2019\/03\/asalto-en-La-Plata-768x432.jpg 768w, https:\/\/www.elsindical.com.ar\/notas\/var\/www\/html\/notas\/wp-content\/uploads\/2019\/03\/asalto-en-La-Plata-500x281.jpg 500w, https:\/\/www.elsindical.com.ar\/notas\/var\/www\/html\/notas\/wp-content\/uploads\/2019\/03\/asalto-en-La-Plata-460x260.jpg 460w\" sizes=\"auto, (max-width: 970px) 100vw, 970px\" \/><\/figure>\n\n\n\n<p>El hecho ocurri\u00f3 en las afueras  de la ciudad de La Plata. Los hampones robaron dinero, electrodom\u00e9sticos  y una camioneta con la que huyeron.<\/p>\n\n\n\n<p>Un grupo comando asalt\u00f3 una casaquinta de las afueras de la ciudad de La Plata, donde maniat\u00f3 y les rob\u00f3 las pertenencias a 12 personas que festejaban un cumplea\u00f1os.<\/p>\n\n\n\n<p>Los delincuentes se llevaron dinero en efectivo, electrodom\u00e9sticos y \nuna camioneta. Antes de huir, los malvivientes&nbsp;tajearon los neum\u00e1ticos \nde los veh\u00edculos de las v\u00edctimas para impedir que pudieran movilizarse.<\/p>\n\n\n\n<p>El hecho ocurri\u00f3 el s\u00e1bado a la madrugada en una casa quinta ubicada a\n la vera de la ruta 2, a la altura kil\u00f3metro 48, donde se festejaba un \ncumplea\u00f1os.<\/p>\n\n\n\n<p>En esas circunstancias ingresaron cuatro delincuentes que portaban armas <em>\u00abtipo pistolas 9 mil\u00edmetros\u00bb<\/em>, seg\u00fan la descripci\u00f3n de los testigos, y de inmediato anunciaron que se trataba de un robo.<\/p>\n\n\n\n<p>La banda permaneci\u00f3 en el lugar dos horas y media, durante las cuales\n golpe\u00f3 a las personas para intimidarlas, revolvi\u00f3 todo en busca de \ndinero y se ensa\u00f1\u00f3 particularmente con el due\u00f1o de casa, a quien agredi\u00f3\n salvajemente, dijeron los voceros.<\/p>\n\n\n\n<p>Adem\u00e1s, los delincuentes Intentaron robar el anillo de bodas de una \nde las mujeres de la familia y, cuando se resisti\u00f3, la golpearon.<\/p>\n\n\n\n<p>La banda finalmente se apoder\u00f3 de televisores, celulares y efectivo \nde las billeteras de los asistentes, tras lo cual escap\u00f3 en una \ncamineta, propiedad de uno de los damnificados,<\/p>\n\n\n\n<p>Pese a que las fuerzas policiales desplegaron un gran operativo \ndurante el fin de semana, no pudieron, por ahora, localizar a los \ndelincuentes, aunque contin\u00faan con las diligencias ordenadas por el \nfiscal platense de turno, <strong>\u00c1lvaro Garganta<\/strong>.<\/p>\n","protected":false},"excerpt":{"rendered":"<p>El hecho ocurri\u00f3 en las afueras de la ciudad de La Plata. Los hampones robaron dinero, electrodom\u00e9sticos y una camioneta con la que huyeron. Un grupo comando asalt\u00f3 una casaquinta de las afueras de la ciudad de La Plata, donde maniat\u00f3 y les rob\u00f3 las pertenencias a 12 personas que festejaban un cumplea\u00f1os. Los delincuentes&hellip;<\/p>\n","protected":false},"author":1,"featured_media":85765,"comment_status":"open","ping_status":"open","sticky":false,"template":"","format":"standard","meta":{"footnotes":""},"categories":[22],"tags":[9143,239],"class_list":["post-85764","post","type-post","status-publish","format-standard","has-post-thumbnail","hentry","category-policiales","tag-fiesta","tag-la-plata"],"_links":{"self":[{"href":"https:\/\/www.elsindical.com.ar\/notas\/wp-json\/wp\/v2\/posts\/85764","targetHints":{"allow":["GET"]}}],"collection":[{"href":"https:\/\/www.elsindical.com.ar\/notas\/wp-json\/wp\/v2\/posts"}],"about":[{"href":"https:\/\/www.elsindical.com.ar\/notas\/wp-json\/wp\/v2\/types\/post"}],"author":[{"embeddable":true,"href":"https:\/\/www.elsindical.com.ar\/notas\/wp-json\/wp\/v2\/users\/1"}],"replies":[{"embeddable":true,"href":"https:\/\/www.elsindical.com.ar\/notas\/wp-json\/wp\/v2\/comments?post=85764"}],"version-history":[{"count":2,"href":"https:\/\/www.elsindical.com.ar\/notas\/wp-json\/wp\/v2\/posts\/85764\/revisions"}],"predecessor-version":[{"id":85767,"href":"https:\/\/www.elsindical.com.ar\/notas\/wp-json\/wp\/v2\/posts\/85764\/revisions\/85767"}],"wp:featuredmedia":[{"embeddable":true,"href":"https:\/\/www.elsindical.com.ar\/notas\/wp-json\/wp\/v2\/media\/85765"}],"wp:attachment":[{"href":"https:\/\/www.elsindical.com.ar\/notas\/wp-json\/wp\/v2\/media?parent=85764"}],"wp:term":[{"taxonomy":"category","embeddable":true,"href":"https:\/\/www.elsindical.com.ar\/notas\/wp-json\/wp\/v2\/categories?post=85764"},{"taxonomy":"post_tag","embeddable":true,"href":"https:\/\/www.elsindical.com.ar\/notas\/wp-json\/wp\/v2\/tags?post=85764"}],"curies":[{"name":"wp","href":"https:\/\/api.w.org\/{rel}","templated":true}]}}