{"id":85751,"date":"2019-03-18T01:44:12","date_gmt":"2019-03-18T04:44:12","guid":{"rendered":"http:\/\/www.elsindical.com.ar\/notas\/?p=85751"},"modified":"2019-03-18T01:44:12","modified_gmt":"2019-03-18T04:44:12","slug":"horacio-rodriguez-larreta-y-el-fracaso-de-la-ciudad-segura-promesa-de-campana","status":"publish","type":"post","link":"https:\/\/www.elsindical.com.ar\/notas\/horacio-rodriguez-larreta-y-el-fracaso-de-la-ciudad-segura-promesa-de-campana\/","title":{"rendered":"Horacio Rodr\u00edguez Larreta y el fracaso de la Ciudad Segura, promesa de campa\u00f1a"},"content":{"rendered":"\n<figure class=\"wp-block-image\"><img loading=\"lazy\" decoding=\"async\" width=\"1000\" height=\"540\" src=\"http:\/\/www.elsindical.com.ar\/notas\/var\/www\/html\/notas\/wp-content\/uploads\/2019\/03\/Larreta-\u00b4presentaci\u00f3n-Polic\u00eda-de-la-Ciudad-1.jpg\" alt=\"\" class=\"wp-image-85752\" srcset=\"https:\/\/www.elsindical.com.ar\/notas\/var\/www\/html\/notas\/wp-content\/uploads\/2019\/03\/Larreta-\u00b4presentaci\u00f3n-Polic\u00eda-de-la-Ciudad-1.jpg 1000w, https:\/\/www.elsindical.com.ar\/notas\/var\/www\/html\/notas\/wp-content\/uploads\/2019\/03\/Larreta-\u00b4presentaci\u00f3n-Polic\u00eda-de-la-Ciudad-1-300x162.jpg 300w, https:\/\/www.elsindical.com.ar\/notas\/var\/www\/html\/notas\/wp-content\/uploads\/2019\/03\/Larreta-\u00b4presentaci\u00f3n-Polic\u00eda-de-la-Ciudad-1-768x415.jpg 768w, https:\/\/www.elsindical.com.ar\/notas\/var\/www\/html\/notas\/wp-content\/uploads\/2019\/03\/Larreta-\u00b4presentaci\u00f3n-Polic\u00eda-de-la-Ciudad-1-500x270.jpg 500w\" sizes=\"auto, (max-width: 1000px) 100vw, 1000px\" \/><\/figure>\n\n\n\n<p>    El Jefe de Gobierno Porte\u00f1o, Horacio Rodr\u00edguez Larreta, ha tenido entre las muchas promesas sin cumplir, una que puede restarle muchos votos por la sensibilidad que causa en los ciudadanos el tema de la inseguridad.<\/p>\n\n\n\n<p>Lo que en principio parec\u00eda un m\u00e9rito que gener\u00f3 festejos y promesas, como ser el hecho de que se traspasaron finalmente las comisar\u00edas de la Polic\u00eda Federal Argentina con sus efectivos y recursos, termin\u00f3 siendo un dolor de cabeza para la gesti\u00f3n de Larreta que a la fecha no encuentra la f\u00f3rmula para tener una polic\u00eda eficiente y con vocaci\u00f3n de servicio.<\/p>\n\n\n\n<p>Asesorado por ignorantes del verdadero sentir del polic\u00eda por un lado y por el otro por Jefes de la PFA que poco entend\u00edan del verdadero trabajo policial, el PRO nunca pudo alejarse de los esc\u00e1ndalos con los jefes de su polic\u00eda, desde \u00abEl Fino Palacios\u00bb, que se llev\u00f3 enganchado a la causa por las escuchas ilegales al propio Mauricio Macri, pasando por el elegido por Larreta para ser el primer Jefe de la Polic\u00eda Metropolitana Jos\u00e9 Pedro Potocar, a quien vendieron como la mejor opci\u00f3n, por ser abogado y con capacitaci\u00f3n en el FBI, el cual dur\u00f3 un suspiro antes de terminar imputado en una causa de corrupci\u00f3n grave.<\/p>\n\n\n\n<p>En el breve tiempo que lleva la fuerza policial de la Ciudad, es la que m\u00e1s efectivos policiales tiene sometidos a distintos procesos judiciales por delitos varios, principalmente por robo y con el uso de las armas reglamentarias, tendencia negativa que se mantiene en el 2019.<\/p>\n\n\n\n<p>A pesar de que el gobierno de Larreta ha demostrado tener una actitud m\u00e1s firme y dura para con los vendedores ambulantes o quienes realizan reclamos sociales que afectan el espacio p\u00fablico, la realidad es que la inseguridad le gana por goleada y no encuentran la forma de tapar la incapacidad evidente para enfrentar el problema, problema que surge primero por la ineficiente conducci\u00f3n policial, porque en el Ministerio de Seguridad y Justicia no se les cae una idea potable y luego porque el personal policial carece de vocaci\u00f3n y porque les han quitado motivaci\u00f3n por el uniforme que les asignaron, yo tambi\u00e9n sentir\u00eda verg\u00fcenza de representar a la autoridad con un uniforme similar al de un empleado de una casa de hamburguesas r\u00e1pidas.<\/p>\n\n\n\n<p>No han podido encontrar la soluci\u00f3n a los estragos que todos los d\u00edas hacen los motochorros, no han podido controlar a los motoqueros que a pesar de la legislaci\u00f3n vigente siguen ingresando a la Ciudad sin respetar la Ley, sin estar debidamente identificados, circulando generando da\u00f1os en veh\u00edculos y conductores, lo que tambi\u00e9n es inseguridad.<\/p>\n\n\n\n<p>La lucha contra el narcotr\u00e1fico la tienen perdida hace tiempo, no la controlan en  las villas y no la controlan en los boliches de moda, los controles de alcoholemia quedaran en el recuerdo y todo es un viva la pepa.<\/p>\n\n\n\n<p>Hemos llegado al absurdo de que utilizan domos de seguridad para multar veh\u00edculos mal estacionados o detenidos en doble fila, pero no previenen el delito.<\/p>\n\n\n\n<p>El propio Diego Santilli, vicejefe de Gobierno, sum\u00f3 a sus responsabilidades la titularidad del Ministerio de Seguridad y Justicia y uno se pregunta \u00bfcon qu\u00e9 necesidad?, si las cosas estuvieran bien encaminadas uno puede gestionar apoyado en las segundas y terceras l\u00edneas, pero al carecer de asesores con conocimientos tenemos una inseguridad que crece, las payasadas del \u00abanillo digital\u00bb no aportan soluciones eficientes, es muy lindo para hacer campa\u00f1a pol\u00edtica o subir un video de muestra, pero es evidente por los resultados que esto es un granito m\u00e1s que no frena el fracaso.<\/p>\n\n\n\n<p>El violento y mafioso asesinato y posterior descuartizamiento de los cuerpos en la Villa 31 de Retiro, deber\u00eda ser una se\u00f1al de alerta al Gobierno de la Ciudad, son m\u00e9todos de los carteles que buscan instalarse definitivamente en el pa\u00eds, no porque no est\u00e9n instalados, sino que a\u00fan no han desplegado sus c\u00f3digos y ejecuciones.<\/p>\n\n\n\n<p>La ambici\u00f3n por poseer una polic\u00eda propia no fue en beneficio de los vecinos, buscaban controlar las cajas de recaudaci\u00f3n policial y a la vez el poder que da tener una fuerza policial armada que son los \u00abojos\u00bb de los fiscales, mucho m\u00e1s si algunos fiscales se vinculan con la polic\u00eda.<\/p>\n\n\n\n<figure class=\"wp-block-image\"><img loading=\"lazy\" decoding=\"async\" width=\"970\" height=\"546\" src=\"http:\/\/www.elsindical.com.ar\/notas\/var\/www\/html\/notas\/wp-content\/uploads\/2019\/03\/descuartizados-Villa-31-Retiro-2-1.jpeg\" alt=\"\" class=\"wp-image-85753\" srcset=\"https:\/\/www.elsindical.com.ar\/notas\/var\/www\/html\/notas\/wp-content\/uploads\/2019\/03\/descuartizados-Villa-31-Retiro-2-1.jpeg 970w, https:\/\/www.elsindical.com.ar\/notas\/var\/www\/html\/notas\/wp-content\/uploads\/2019\/03\/descuartizados-Villa-31-Retiro-2-1-300x169.jpeg 300w, https:\/\/www.elsindical.com.ar\/notas\/var\/www\/html\/notas\/wp-content\/uploads\/2019\/03\/descuartizados-Villa-31-Retiro-2-1-768x432.jpeg 768w, https:\/\/www.elsindical.com.ar\/notas\/var\/www\/html\/notas\/wp-content\/uploads\/2019\/03\/descuartizados-Villa-31-Retiro-2-1-500x281.jpeg 500w, https:\/\/www.elsindical.com.ar\/notas\/var\/www\/html\/notas\/wp-content\/uploads\/2019\/03\/descuartizados-Villa-31-Retiro-2-1-460x260.jpeg 460w\" sizes=\"auto, (max-width: 970px) 100vw, 970px\" \/><\/figure>\n\n\n\n<p><\/p>\n\n\n\n<p>Por Marcelo Ricardo Hawrylciw<\/p>\n","protected":false},"excerpt":{"rendered":"<p>El Jefe de Gobierno Porte\u00f1o, Horacio Rodr\u00edguez Larreta, ha tenido entre las muchas promesas sin cumplir, una que puede restarle muchos votos por la sensibilidad que causa en los ciudadanos el tema de la inseguridad. Lo que en principio parec\u00eda un m\u00e9rito que gener\u00f3 festejos y promesas, como ser el hecho de que se traspasaron&hellip;<\/p>\n","protected":false},"author":1,"featured_media":85752,"comment_status":"open","ping_status":"open","sticky":false,"template":"","format":"standard","meta":{"footnotes":""},"categories":[10],"tags":[756,42,1943,984,24537],"class_list":["post-85751","post","type-post","status-publish","format-standard","has-post-thumbnail","hentry","category-editorial","tag-diego-santilli","tag-droga","tag-horacio-rodriguez-larreta","tag-inseguridad","tag-policia-de-la-ciudad"],"_links":{"self":[{"href":"https:\/\/www.elsindical.com.ar\/notas\/wp-json\/wp\/v2\/posts\/85751","targetHints":{"allow":["GET"]}}],"collection":[{"href":"https:\/\/www.elsindical.com.ar\/notas\/wp-json\/wp\/v2\/posts"}],"about":[{"href":"https:\/\/www.elsindical.com.ar\/notas\/wp-json\/wp\/v2\/types\/post"}],"author":[{"embeddable":true,"href":"https:\/\/www.elsindical.com.ar\/notas\/wp-json\/wp\/v2\/users\/1"}],"replies":[{"embeddable":true,"href":"https:\/\/www.elsindical.com.ar\/notas\/wp-json\/wp\/v2\/comments?post=85751"}],"version-history":[{"count":1,"href":"https:\/\/www.elsindical.com.ar\/notas\/wp-json\/wp\/v2\/posts\/85751\/revisions"}],"predecessor-version":[{"id":85754,"href":"https:\/\/www.elsindical.com.ar\/notas\/wp-json\/wp\/v2\/posts\/85751\/revisions\/85754"}],"wp:featuredmedia":[{"embeddable":true,"href":"https:\/\/www.elsindical.com.ar\/notas\/wp-json\/wp\/v2\/media\/85752"}],"wp:attachment":[{"href":"https:\/\/www.elsindical.com.ar\/notas\/wp-json\/wp\/v2\/media?parent=85751"}],"wp:term":[{"taxonomy":"category","embeddable":true,"href":"https:\/\/www.elsindical.com.ar\/notas\/wp-json\/wp\/v2\/categories?post=85751"},{"taxonomy":"post_tag","embeddable":true,"href":"https:\/\/www.elsindical.com.ar\/notas\/wp-json\/wp\/v2\/tags?post=85751"}],"curies":[{"name":"wp","href":"https:\/\/api.w.org\/{rel}","templated":true}]}}