{"id":85714,"date":"2019-03-17T00:17:25","date_gmt":"2019-03-17T03:17:25","guid":{"rendered":"http:\/\/www.elsindical.com.ar\/notas\/?p=85714"},"modified":"2019-03-17T00:17:25","modified_gmt":"2019-03-17T03:17:25","slug":"efemerides-del-dia-17-de-marzo-5","status":"publish","type":"post","link":"https:\/\/www.elsindical.com.ar\/notas\/efemerides-del-dia-17-de-marzo-5\/","title":{"rendered":"EFEM\u00c9RIDES: DEL D\u00cdA 17 DE MARZO"},"content":{"rendered":"\n<p>\u2013 D\u00eda de San Patricio.<\/p>\n\n\n\n<p>180 \u2013 Muere Marco Aurelio, el \u00faltimo de los grandes emperadores romanos.<\/p>\n\n\n\n<p>461 \u2013 Muere San Patricio, patrono de Irlanda.<\/p>\n\n\n\n<p>1680 \u2013 Muere el escritor Fran\u00e7ois VI, duque de La Rochefoucauld.<\/p>\n\n\n\n<p>1776\n \u2013 Guerra de la Independencia de EE.UU.: finaliza el asedio de Boston, \nlos brit\u00e1nicos evac\u00faan la ciudad y se refugian en Halifax.<\/p>\n\n\n\n<p>1824 \u2013 Por el Tratado de Londres, Holanda cede Malaca a Gran Breta\u00f1a, a cambio de las posesiones de \u00e9sta en Sumatra.<\/p>\n\n\n\n<p>1849 \u2013 Muere Guillermo II de Holanda.<\/p>\n\n\n\n<p>1861\n \u2013 Los representantes de las regiones subalpinas constituidos en \nParlamento consagran el nacimiento del nuevo Estado italiano.<\/p>\n\n\n\n<p>1899 \u2013 Se descubre Febe, luna de Saturno.<\/p>\n\n\n\n<p>1905 \u2013 Se casan Eleanor y Franklin Delano Roosevelt.<\/p>\n\n\n\n<p>1905 \u2013 Albert Einstein env\u00eda a la revista Annalen der Physik el primero de sus revolucionarios art\u00edculos sobre f\u00edsica.<\/p>\n\n\n\n<figure><iframe allowfullscreen=\"true\" width=\"630\" height=\"158\"><\/iframe><\/figure>\n\n\n\n<p>1914 \u2013 Nace Juan Carlos Ongan\u00eda, militar argentino, presidente de facto.<\/p>\n\n\n\n<p>1919 \u2013 Nace el cantante Nat \u201cKing\u201d Cole.<\/p>\n\n\n\n<p>1920 \u2013 Nace Olga Orozco, escritora argentina.<\/p>\n\n\n\n<p>1921 \u2013 El Ej\u00e9rcito Rojo ahoga la rebeli\u00f3n de los marineros de Kronstadt.<\/p>\n\n\n\n<p>1938 \u2013 Nace Rudolf Hametovich Nureyev, bailar\u00edn y core\u00f3grafo ruso.<\/p>\n\n\n\n<p>1938 \u2013 La Fuerza A\u00e9rea italiana de Mussolini, en apoyo a Francisco Franco bombardea Barcelona durante la Guerra Civil Espa\u00f1ola.<\/p>\n\n\n\n<p>1942\n \u2013 En el campo de exterminio de Belzec (en lo que hoy es el este de \nPolonia), los nazis \u201cgasean\u201d a los primeros jud\u00edos, provenientes del \ngueto de Lvov.<\/p>\n\n\n\n<figure><iframe allowfullscreen=\"true\" width=\"630\" height=\"158\"><\/iframe><\/figure>\n\n\n\n<p>1945 \u2013 Nace Daniel Onega, delantero del f\u00fatbol argentino.<\/p>\n\n\n\n<p>1948 \u2013 Firma del Tratado de Bruselas entre B\u00e9lgica, Holanda, Luxemburgo, Francia y Gran Breta\u00f1a.<\/p>\n\n\n\n<p>1948 \u2013 Nace William Gibson, escritor y guionista canadiense.<\/p>\n\n\n\n<p>1950 \u2013 Se descubre el californio, el elemento qu\u00edmico 98, en la Universidad de Berkeley.<\/p>\n\n\n\n<p>1951 \u2013 Nace el actor Kurt Russell.<\/p>\n\n\n\n<p>1956 \u2013 Muere Irene Joliot-Curie, f\u00edsica francesa.<\/p>\n\n\n\n<p>1958 \u2013 Los EE.UU. lanzan el sat\u00e9lite cient\u00edfico Vanguard I.<\/p>\n\n\n\n<p>1959 \u2013 El Dal\u00e1i Lama (monarca absoluto del T\u00edbet) huye de su pa\u00eds y viaja a India.<\/p>\n\n\n\n<p>1964 \u2013 Nace el actor Rob Lowe.<\/p>\n\n\n\n<p>1966\n \u2013 El submarino estadounidense Alvin encuentra en la costa mediterr\u00e1nea \nde Espa\u00f1a la bomba de hidr\u00f3geno que se hab\u00eda ca\u00eddo de un avi\u00f3n.<\/p>\n\n\n\n<p>1969 \u2013 Golda Meir es designada primer ministro de Israel.<\/p>\n\n\n\n<p>1976 \u2013 Muere Luchino Visconti, director de cine italiano.<\/p>\n\n\n\n<p>1978 \u2013 Bolivia rompe relaciones diplom\u00e1ticas con Chile.<\/p>\n\n\n\n<p>1982 \u2013 Mueren asesinados Jacobus Andries Koster, y otros periodistas, en El Salvador.<\/p>\n\n\n\n<p>1983 \u2013 Muere el pintor, escen\u00f3grafo y proyectista argentino Horacio Butler.<\/p>\n\n\n\n<p>1987 \u2013 La Academia de las Artes y las Ciencias Cinematogr\u00e1ficas de Espa\u00f1a realiza la primera entrega de los premios Goya.<\/p>\n\n\n\n<p>1988 \u2013 Se estrella en Colombia un Boeing 727 de la compa\u00f1\u00eda colombiana Avianca, con 137 personas a bordo.<\/p>\n\n\n\n<p>1991 \u2013 Da positivo el antidopping de Maradona en el partido Napoli-Bari.<\/p>\n\n\n\n<p>1992 \u2013 Una explosi\u00f3n vuela la Embajada de Israel en Buenos Aires y deja como saldo 29 muertos y 242 heridos.<\/p>\n\n\n\n<p>1992 \u2013 La mayor\u00eda de los tres millones de electores blancos de Sud\u00e1frica decide en refer\u00e9ndum poner fin al \u201capartheid\u201d.<\/p>\n\n\n\n<p>1997 \u2013 Se inaugura el canal de cable CNN en Espa\u00f1ol.<\/p>\n\n\n\n<p>1998 \u2013 Sindicalistas de Argentina entregan al juez Garz\u00f3n una lista con 9000 desaparecidos durante la dictadura militar.<\/p>\n\n\n\n<p>2000\n \u2013 Mueren quemados en Uganda 540 miembros de la secta Movimiento para la\n Restauraci\u00f3n de los Diez Mandamientos de Dios en un incendio orquestado\n por los l\u00edderes de la secta. M\u00e1s tarde se encuentran muertos otros 248 \nmiembros.<\/p>\n\n\n\n<p>2002 \u2013 Se realiza un acto en homenaje por los 10 a\u00f1os del atentado a la Embajada de Israel.<\/p>\n\n\n\n<p>2003 \u2013 El m\u00fasico argentino Charly Garc\u00eda es galardonado por segundo a\u00f1o consecutivo con el premio Gardel de Oro.<\/p>\n\n\n\n<p>2005 \u2013 Muere Fernando von Reichenbach, ingeniero e inventor argentino.<\/p>\n\n\n\n<p>2013 \u2013 Primer \u00c1ngelus del Pontificado del Papa Francisco.<\/p>\n","protected":false},"excerpt":{"rendered":"<p>\u2013 D\u00eda de San Patricio. 180 \u2013 Muere Marco Aurelio, el \u00faltimo de los grandes emperadores romanos. 461 \u2013 Muere San Patricio, patrono de Irlanda. 1680 \u2013 Muere el escritor Fran\u00e7ois VI, duque de La Rochefoucauld. 1776 \u2013 Guerra de la Independencia de EE.UU.: finaliza el asedio de Boston, los brit\u00e1nicos evac\u00faan la ciudad y&hellip;<\/p>\n","protected":false},"author":1,"featured_media":0,"comment_status":"open","ping_status":"open","sticky":false,"template":"","format":"standard","meta":{"footnotes":""},"categories":[14],"tags":[],"class_list":["post-85714","post","type-post","status-publish","format-standard","hentry","category-efemerides"],"_links":{"self":[{"href":"https:\/\/www.elsindical.com.ar\/notas\/wp-json\/wp\/v2\/posts\/85714","targetHints":{"allow":["GET"]}}],"collection":[{"href":"https:\/\/www.elsindical.com.ar\/notas\/wp-json\/wp\/v2\/posts"}],"about":[{"href":"https:\/\/www.elsindical.com.ar\/notas\/wp-json\/wp\/v2\/types\/post"}],"author":[{"embeddable":true,"href":"https:\/\/www.elsindical.com.ar\/notas\/wp-json\/wp\/v2\/users\/1"}],"replies":[{"embeddable":true,"href":"https:\/\/www.elsindical.com.ar\/notas\/wp-json\/wp\/v2\/comments?post=85714"}],"version-history":[{"count":1,"href":"https:\/\/www.elsindical.com.ar\/notas\/wp-json\/wp\/v2\/posts\/85714\/revisions"}],"predecessor-version":[{"id":85715,"href":"https:\/\/www.elsindical.com.ar\/notas\/wp-json\/wp\/v2\/posts\/85714\/revisions\/85715"}],"wp:attachment":[{"href":"https:\/\/www.elsindical.com.ar\/notas\/wp-json\/wp\/v2\/media?parent=85714"}],"wp:term":[{"taxonomy":"category","embeddable":true,"href":"https:\/\/www.elsindical.com.ar\/notas\/wp-json\/wp\/v2\/categories?post=85714"},{"taxonomy":"post_tag","embeddable":true,"href":"https:\/\/www.elsindical.com.ar\/notas\/wp-json\/wp\/v2\/tags?post=85714"}],"curies":[{"name":"wp","href":"https:\/\/api.w.org\/{rel}","templated":true}]}}