{"id":8570,"date":"2010-08-14T00:50:56","date_gmt":"2010-08-14T03:50:56","guid":{"rendered":"http:\/\/www.elsindical.com.ar\/notas\/?p=8570"},"modified":"2010-08-14T00:50:56","modified_gmt":"2010-08-14T03:50:56","slug":"los-choferes-de-micros-firmaron-su-acuerdo-salarial-y-quedo-descartada-la-posibilidad-de-un-paro","status":"publish","type":"post","link":"https:\/\/www.elsindical.com.ar\/notas\/los-choferes-de-micros-firmaron-su-acuerdo-salarial-y-quedo-descartada-la-posibilidad-de-un-paro\/","title":{"rendered":"Los choferes de micros firmaron su acuerdo salarial y qued\u00f3 descartada la posibilidad de un paro"},"content":{"rendered":"<p style=\"text-align: justify;\"><a href=\"http:\/\/www.elsindical.com.ar\/notas\/var\/www\/html\/notas\/wp-content\/uploads\/2010\/07\/\u00d3mnibus-larga-distancia.jpg\"><img loading=\"lazy\" decoding=\"async\" class=\"alignleft size-full wp-image-7859\" title=\"\u00d3mnibus-larga-distancia\" src=\"http:\/\/www.elsindical.com.ar\/notas\/var\/www\/html\/notas\/wp-content\/uploads\/2010\/07\/\u00d3mnibus-larga-distancia.jpg\" alt=\"\" width=\"227\" height=\"152\" \/><\/a>El ministro de Trabajo, Carlos Tomada, funcionarios de las secretar\u00edas de Trabajo y de Transporte, la Uni\u00f3n Tranviarios Automotor y de c\u00e1maras empresarias, firmaron el acuerdo salarial de 27%, con lo que se termina de desechar la posibilidad de una medida de fuerza durante el fin de semana largo.<\/p>\n<p style=\"text-align: justify;\">El acuerdo que fue rubricado esta tarde, incluye los 700 pesos otorgados previamente a cuenta de futuros aumentos, y con esto se cierra la paritaria del sector, informaron fuentes del Ministerio de Trabajo.<\/p>\n<p style=\"text-align: justify;\">Lo rubricado -que cont\u00f3 con la presencia del titular de la UTA, Roberto Fern\u00e1ndez- contempla un incremento del 27 por ciento para los choferes, los $700 se incluyen en el b\u00e1sico y forman parte del porcentaje acordado.<\/p>\n<p style=\"text-align: justify;\">De esta manera, empresarios y sindicalistas concluyeron hoy la negociaci\u00f3n paritaria que iniciaron hace varios meses.<\/p>\n<p style=\"text-align: justify;\">Ayer, dirigentes de la UTA hab\u00edan deslizado la posibilidad de realizar un paro el fin de semana largo si no se alcanzaba un acuerdo.<\/p>\n","protected":false},"excerpt":{"rendered":"<p>El ministro de Trabajo, Carlos Tomada, funcionarios de las secretar\u00edas de Trabajo y de Transporte, la Uni\u00f3n Tranviarios Automotor y de c\u00e1maras empresarias, firmaron el acuerdo salarial de 27%, con lo que se termina de desechar la posibilidad de una medida de fuerza durante el fin de semana largo. El acuerdo que fue rubricado esta&hellip;<\/p>\n","protected":false},"author":1,"featured_media":0,"comment_status":"open","ping_status":"open","sticky":false,"template":"","format":"standard","meta":{"footnotes":""},"categories":[16],"tags":[357,633,4169,3429,67],"class_list":["post-8570","post","type-post","status-publish","format-standard","hentry","category-gremiales","tag-aumento","tag-choferes","tag-firma","tag-larga-distancia","tag-paro"],"_links":{"self":[{"href":"https:\/\/www.elsindical.com.ar\/notas\/wp-json\/wp\/v2\/posts\/8570","targetHints":{"allow":["GET"]}}],"collection":[{"href":"https:\/\/www.elsindical.com.ar\/notas\/wp-json\/wp\/v2\/posts"}],"about":[{"href":"https:\/\/www.elsindical.com.ar\/notas\/wp-json\/wp\/v2\/types\/post"}],"author":[{"embeddable":true,"href":"https:\/\/www.elsindical.com.ar\/notas\/wp-json\/wp\/v2\/users\/1"}],"replies":[{"embeddable":true,"href":"https:\/\/www.elsindical.com.ar\/notas\/wp-json\/wp\/v2\/comments?post=8570"}],"version-history":[{"count":1,"href":"https:\/\/www.elsindical.com.ar\/notas\/wp-json\/wp\/v2\/posts\/8570\/revisions"}],"predecessor-version":[{"id":8571,"href":"https:\/\/www.elsindical.com.ar\/notas\/wp-json\/wp\/v2\/posts\/8570\/revisions\/8571"}],"wp:attachment":[{"href":"https:\/\/www.elsindical.com.ar\/notas\/wp-json\/wp\/v2\/media?parent=8570"}],"wp:term":[{"taxonomy":"category","embeddable":true,"href":"https:\/\/www.elsindical.com.ar\/notas\/wp-json\/wp\/v2\/categories?post=8570"},{"taxonomy":"post_tag","embeddable":true,"href":"https:\/\/www.elsindical.com.ar\/notas\/wp-json\/wp\/v2\/tags?post=8570"}],"curies":[{"name":"wp","href":"https:\/\/api.w.org\/{rel}","templated":true}]}}