{"id":85675,"date":"2019-03-15T15:12:23","date_gmt":"2019-03-15T18:12:23","guid":{"rendered":"http:\/\/www.elsindical.com.ar\/notas\/?p=85675"},"modified":"2019-03-15T15:16:07","modified_gmt":"2019-03-15T18:16:07","slug":"alejo-chornobroff-el-lastre-de-jorge-ferraresi","status":"publish","type":"post","link":"https:\/\/www.elsindical.com.ar\/notas\/alejo-chornobroff-el-lastre-de-jorge-ferraresi\/","title":{"rendered":"Alejo Chornobroff el lastre de Jorge Ferraresi"},"content":{"rendered":"\n<figure class=\"wp-block-image\"><img loading=\"lazy\" decoding=\"async\" width=\"1024\" height=\"683\" src=\"http:\/\/www.elsindical.com.ar\/notas\/var\/www\/html\/notas\/wp-content\/uploads\/2019\/03\/jura-de-Alejo-Chornobroff-1024x683.jpg\" alt=\"\" class=\"wp-image-85677\" srcset=\"https:\/\/www.elsindical.com.ar\/notas\/var\/www\/html\/notas\/wp-content\/uploads\/2019\/03\/jura-de-Alejo-Chornobroff-1024x683.jpg 1024w, https:\/\/www.elsindical.com.ar\/notas\/var\/www\/html\/notas\/wp-content\/uploads\/2019\/03\/jura-de-Alejo-Chornobroff-300x200.jpg 300w, https:\/\/www.elsindical.com.ar\/notas\/var\/www\/html\/notas\/wp-content\/uploads\/2019\/03\/jura-de-Alejo-Chornobroff-768x512.jpg 768w, https:\/\/www.elsindical.com.ar\/notas\/var\/www\/html\/notas\/wp-content\/uploads\/2019\/03\/jura-de-Alejo-Chornobroff-450x300.jpg 450w, https:\/\/www.elsindical.com.ar\/notas\/var\/www\/html\/notas\/wp-content\/uploads\/2019\/03\/jura-de-Alejo-Chornobroff.jpg 1200w\" sizes=\"auto, (max-width: 1024px) 100vw, 1024px\" \/><\/figure>\n\n\n\n<p>  Una de las caracter\u00edsticas particulares que posee Jorge Ferraresi, es la de sostener entre sus funcionarios a personajes rodeados de esc\u00e1ndalos, denuncias y repudiados que no sobrevivir\u00edan en sus cargos en ning\u00fan otro lugar, incluso en el terreno particular.<\/p>\n\n\n\n<p>De ese universo de funcionarios denunciados en la justicia y en los medios, se destaca el ascenso que el intendente le dio a Alejo Chornobroff, cuando lo puso en lugar de Pablo Vera en la Jefatura de Gabinete, un cargo para el cual el militante no ten\u00eda ninguna experiencia y que por los hechos le ha quedado muy grande el cargo.<\/p>\n\n\n\n<p>Las subsecretar\u00edas a cargo del joven funcionario tienen un p\u00e9simo funcionamiento y el tan costoso Centro de Atenci\u00f3n al Vecino a comenzado a ser un medio de propaganda m\u00e1s que de atenci\u00f3n, el d\u00eda viernes 15 durante un par de horas intentamos comunicarnos para denunciar el mal estacionamiento de un cami\u00f3n de grandes dimensiones y lo \u00fanico que se escuchaba eran las obras inauguradas por el intendente una rese\u00f1a de lo que se va a hacer y terminaba con un gracias por comunicarse?.<\/p>\n\n\n\n<p>Vaya uno a saber en qu\u00e9 ocupa su tiempo Chornobroff, en controlar las dependencias a su cargo es evidente que no, y como dice el refr\u00e1n \u00abcuando el gato no est\u00e1 los ratones bailan\u00bb.<\/p>\n\n\n\n<p>Por el tema de los camiones que no respetan la Ordenanza municipal vigente los vecinos han hecho varios reclamos y han juntado firmas, desde El Sindical denunciamos con fotos lo que los vecinos reclaman y la respuesta del municipio fue que se hab\u00eda verificado y solucionado, bueno, nunca se vio a personal de tr\u00e1nsito controlando y el problema sigue igual, no solo la calle Heredia entre Tres Sargentos y Pte. Sarmiento es intr\u00e1nsitable, sino que suelen estacionar camiones de gran porte por las calles internas del barrio, provoc\u00e1ndo da\u00f1os en autos, frentes, cables, luminarias, asfalto el cual se ha agrietado y hundido, el municipio solo tap\u00f3 las grietas con brea, pero con los d\u00edas se hunde cada vez m\u00e1s, mientras nadie controla.<\/p>\n\n\n\n<p>Con los reclamos efectuados, las mentiras informadas y las evidencias de que todo sigue igual, no queda otra v\u00eda que la denuncia formal al Jefe de Gabinete Alejo Chornobroff para que explique si es corrupto, ineficiente o negligente.<\/p>\n\n\n\n<ul class=\"wp-block-gallery columns-2 is-cropped wp-block-gallery-1 is-layout-flex wp-block-gallery-is-layout-flex\"><li class=\"blocks-gallery-item\"><figure><img loading=\"lazy\" decoding=\"async\" width=\"709\" height=\"531\" src=\"http:\/\/www.elsindical.com.ar\/notas\/var\/www\/html\/notas\/wp-content\/uploads\/2019\/03\/cami\u00f3n-mal-estacionado-3.jpg\" alt=\"\" data-id=\"85678\" data-link=\"http:\/\/www.elsindical.com.ar\/notas\/?attachment_id=85678#main\" class=\"wp-image-85678\" srcset=\"https:\/\/www.elsindical.com.ar\/notas\/var\/www\/html\/notas\/wp-content\/uploads\/2019\/03\/cami\u00f3n-mal-estacionado-3.jpg 709w, https:\/\/www.elsindical.com.ar\/notas\/var\/www\/html\/notas\/wp-content\/uploads\/2019\/03\/cami\u00f3n-mal-estacionado-3-300x225.jpg 300w, https:\/\/www.elsindical.com.ar\/notas\/var\/www\/html\/notas\/wp-content\/uploads\/2019\/03\/cami\u00f3n-mal-estacionado-3-401x300.jpg 401w\" sizes=\"auto, (max-width: 709px) 100vw, 709px\" \/><\/figure><\/li><li class=\"blocks-gallery-item\"><figure><img loading=\"lazy\" decoding=\"async\" width=\"709\" height=\"531\" src=\"http:\/\/www.elsindical.com.ar\/notas\/var\/www\/html\/notas\/wp-content\/uploads\/2019\/03\/cami\u00f3n-mal-estacionado-2.jpg\" alt=\"\" data-id=\"85679\" data-link=\"http:\/\/www.elsindical.com.ar\/notas\/?attachment_id=85679#main\" class=\"wp-image-85679\" srcset=\"https:\/\/www.elsindical.com.ar\/notas\/var\/www\/html\/notas\/wp-content\/uploads\/2019\/03\/cami\u00f3n-mal-estacionado-2.jpg 709w, https:\/\/www.elsindical.com.ar\/notas\/var\/www\/html\/notas\/wp-content\/uploads\/2019\/03\/cami\u00f3n-mal-estacionado-2-300x225.jpg 300w, https:\/\/www.elsindical.com.ar\/notas\/var\/www\/html\/notas\/wp-content\/uploads\/2019\/03\/cami\u00f3n-mal-estacionado-2-401x300.jpg 401w\" sizes=\"auto, (max-width: 709px) 100vw, 709px\" \/><\/figure><\/li><li class=\"blocks-gallery-item\"><figure><img loading=\"lazy\" decoding=\"async\" width=\"738\" height=\"554\" src=\"http:\/\/www.elsindical.com.ar\/notas\/var\/www\/html\/notas\/wp-content\/uploads\/2019\/03\/cami\u00f3n-mal-estacionado-1.jpg\" alt=\"\" data-id=\"85680\" data-link=\"http:\/\/www.elsindical.com.ar\/notas\/?attachment_id=85680#main\" class=\"wp-image-85680\" srcset=\"https:\/\/www.elsindical.com.ar\/notas\/var\/www\/html\/notas\/wp-content\/uploads\/2019\/03\/cami\u00f3n-mal-estacionado-1.jpg 738w, https:\/\/www.elsindical.com.ar\/notas\/var\/www\/html\/notas\/wp-content\/uploads\/2019\/03\/cami\u00f3n-mal-estacionado-1-300x225.jpg 300w, https:\/\/www.elsindical.com.ar\/notas\/var\/www\/html\/notas\/wp-content\/uploads\/2019\/03\/cami\u00f3n-mal-estacionado-1-400x300.jpg 400w\" sizes=\"auto, (max-width: 738px) 100vw, 738px\" \/><\/figure><\/li><li class=\"blocks-gallery-item\"><figure><img loading=\"lazy\" decoding=\"async\" width=\"1024\" height=\"730\" src=\"http:\/\/www.elsindical.com.ar\/notas\/var\/www\/html\/notas\/wp-content\/uploads\/2019\/03\/Jefatura-de-Gabinete-Avellaneda-1024x730.jpg\" alt=\"\" data-id=\"85681\" data-link=\"http:\/\/www.elsindical.com.ar\/notas\/?attachment_id=85681#main\" class=\"wp-image-85681\" srcset=\"https:\/\/www.elsindical.com.ar\/notas\/var\/www\/html\/notas\/wp-content\/uploads\/2019\/03\/Jefatura-de-Gabinete-Avellaneda-1024x730.jpg 1024w, https:\/\/www.elsindical.com.ar\/notas\/var\/www\/html\/notas\/wp-content\/uploads\/2019\/03\/Jefatura-de-Gabinete-Avellaneda-300x214.jpg 300w, https:\/\/www.elsindical.com.ar\/notas\/var\/www\/html\/notas\/wp-content\/uploads\/2019\/03\/Jefatura-de-Gabinete-Avellaneda-768x548.jpg 768w, https:\/\/www.elsindical.com.ar\/notas\/var\/www\/html\/notas\/wp-content\/uploads\/2019\/03\/Jefatura-de-Gabinete-Avellaneda-421x300.jpg 421w, https:\/\/www.elsindical.com.ar\/notas\/var\/www\/html\/notas\/wp-content\/uploads\/2019\/03\/Jefatura-de-Gabinete-Avellaneda.jpg 1300w\" sizes=\"auto, (max-width: 1024px) 100vw, 1024px\" \/><\/figure><\/li><\/ul>\n\n\n\n<iframe loading=\"lazy\" width=\"580\" height=\"420\" src=\"https:\/\/www.youtube.com\/embed\/ys4xU400zE8\" frameborder=\"0\" allow=\"accelerometer; autoplay; encrypted-media; gyroscope; picture-in-picture\" allowfullscreen><\/iframe>\n\n\n\n<p>Por Marcelo Ricardo Hawrylciw<\/p>\n","protected":false},"excerpt":{"rendered":"<p>Una de las caracter\u00edsticas particulares que posee Jorge Ferraresi, es la de sostener entre sus funcionarios a personajes rodeados de esc\u00e1ndalos, denuncias y repudiados que no sobrevivir\u00edan en sus cargos en ning\u00fan otro lugar, incluso en el terreno particular. De ese universo de funcionarios denunciados en la justicia y en los medios, se destaca el&hellip;<\/p>\n","protected":false},"author":1,"featured_media":85677,"comment_status":"open","ping_status":"open","sticky":false,"template":"","format":"standard","meta":{"footnotes":""},"categories":[1],"tags":[30014,1197,1062],"class_list":["post-85675","post","type-post","status-publish","format-standard","has-post-thumbnail","hentry","category-destacadas","tag-alejo-chornobroff","tag-jefe-de-gabinete","tag-jorge-ferraresi"],"_links":{"self":[{"href":"https:\/\/www.elsindical.com.ar\/notas\/wp-json\/wp\/v2\/posts\/85675","targetHints":{"allow":["GET"]}}],"collection":[{"href":"https:\/\/www.elsindical.com.ar\/notas\/wp-json\/wp\/v2\/posts"}],"about":[{"href":"https:\/\/www.elsindical.com.ar\/notas\/wp-json\/wp\/v2\/types\/post"}],"author":[{"embeddable":true,"href":"https:\/\/www.elsindical.com.ar\/notas\/wp-json\/wp\/v2\/users\/1"}],"replies":[{"embeddable":true,"href":"https:\/\/www.elsindical.com.ar\/notas\/wp-json\/wp\/v2\/comments?post=85675"}],"version-history":[{"count":3,"href":"https:\/\/www.elsindical.com.ar\/notas\/wp-json\/wp\/v2\/posts\/85675\/revisions"}],"predecessor-version":[{"id":85683,"href":"https:\/\/www.elsindical.com.ar\/notas\/wp-json\/wp\/v2\/posts\/85675\/revisions\/85683"}],"wp:featuredmedia":[{"embeddable":true,"href":"https:\/\/www.elsindical.com.ar\/notas\/wp-json\/wp\/v2\/media\/85677"}],"wp:attachment":[{"href":"https:\/\/www.elsindical.com.ar\/notas\/wp-json\/wp\/v2\/media?parent=85675"}],"wp:term":[{"taxonomy":"category","embeddable":true,"href":"https:\/\/www.elsindical.com.ar\/notas\/wp-json\/wp\/v2\/categories?post=85675"},{"taxonomy":"post_tag","embeddable":true,"href":"https:\/\/www.elsindical.com.ar\/notas\/wp-json\/wp\/v2\/tags?post=85675"}],"curies":[{"name":"wp","href":"https:\/\/api.w.org\/{rel}","templated":true}]}}