{"id":85672,"date":"2019-03-15T13:42:54","date_gmt":"2019-03-15T16:42:54","guid":{"rendered":"http:\/\/www.elsindical.com.ar\/notas\/?p=85672"},"modified":"2019-03-15T13:43:20","modified_gmt":"2019-03-15T16:43:20","slug":"juan-jose-gomez-centurion-candidato-presidencial","status":"publish","type":"post","link":"https:\/\/www.elsindical.com.ar\/notas\/juan-jose-gomez-centurion-candidato-presidencial\/","title":{"rendered":"Juan Jos\u00e9 G\u00f3mez Centuri\u00f3n \u00bfcandidato presidencial?"},"content":{"rendered":"\n<figure class=\"wp-block-image\"><img loading=\"lazy\" decoding=\"async\" width=\"529\" height=\"529\" src=\"http:\/\/www.elsindical.com.ar\/notas\/var\/www\/html\/notas\/wp-content\/uploads\/2019\/03\/54462920_2350502328294759_5521288833917779968_n.jpg\" alt=\"\" class=\"wp-image-85673\" srcset=\"https:\/\/www.elsindical.com.ar\/notas\/var\/www\/html\/notas\/wp-content\/uploads\/2019\/03\/54462920_2350502328294759_5521288833917779968_n.jpg 529w, https:\/\/www.elsindical.com.ar\/notas\/var\/www\/html\/notas\/wp-content\/uploads\/2019\/03\/54462920_2350502328294759_5521288833917779968_n-150x150.jpg 150w, https:\/\/www.elsindical.com.ar\/notas\/var\/www\/html\/notas\/wp-content\/uploads\/2019\/03\/54462920_2350502328294759_5521288833917779968_n-300x300.jpg 300w, https:\/\/www.elsindical.com.ar\/notas\/var\/www\/html\/notas\/wp-content\/uploads\/2019\/03\/54462920_2350502328294759_5521288833917779968_n-50x50.jpg 50w\" sizes=\"auto, (max-width: 529px) 100vw, 529px\" \/><\/figure>\n\n\n\n<p>Yo no les quiero pinchar el globo a los minifachos, pero el se\u00f1or Juan  Jos\u00e9 G\u00f3mez Centuri\u00f3n que tanto les gusta para terminar con la joda,  arrastra un pasado lleno de esc\u00e1ndalos, lo muestra como un tipo que  respeta la Ley cuando le parece y sino no tiene problemas en ponerse del  lado de los delincuentes, fue funcionario de CABA con Mauricio Macri de  Jefe de Gobierno y qued\u00f3 vinculado a algunos hechos de corrupci\u00f3n al  estar al frente de la Agencia de Control Gubernamental, form\u00f3  parte de los cara pintadas en contra del gobierno de Ra\u00fal Alfons\u00edn, con  ninguno de los puestos y trabajos realizados podr\u00eda encarar una campa\u00f1a  presidencial si tenemos en cuenta que las mismas arrancan en los 100  millones de d\u00f3lares, un poco de coherencia gente, dejen de ser PELOTUDOS<br><a href=\"https:\/\/www.facebook.com\/hashtag\/juanjos\u00e9g\u00f3mezcenturi\u00f3n?source=feed_text&amp;epa=HASHTAG\">#JuanJos\u00e9G\u00f3mezCenturi\u00f3n<\/a><a href=\"https:\/\/www.facebook.com\/hashtag\/carapintada?source=feed_text&amp;epa=HASHTAG\">#carapintada<\/a><a href=\"https:\/\/www.facebook.com\/hashtag\/mauriciomacri?source=feed_text&amp;epa=HASHTAG\">#MauricioMacri<\/a><a href=\"https:\/\/www.facebook.com\/hashtag\/campa\u00f1a?source=feed_text&amp;epa=HASHTAG\">#campa\u00f1a<\/a><a href=\"https:\/\/www.facebook.com\/hashtag\/corrupci\u00f3n?source=feed_text&amp;epa=HASHTAG\">#corrupci\u00f3n<\/a><a href=\"https:\/\/www.facebook.com\/hashtag\/fachos?source=feed_text&amp;epa=HASHTAG\">#fachos<\/a><a href=\"https:\/\/www.facebook.com\/hashtag\/ra\u00falalfons\u00edn?source=feed_text&amp;epa=HASHTAG\">#Ra\u00falAlfons\u00edn<\/a><\/p>\n","protected":false},"excerpt":{"rendered":"<p>Yo no les quiero pinchar el globo a los minifachos, pero el se\u00f1or Juan Jos\u00e9 G\u00f3mez Centuri\u00f3n que tanto les gusta para terminar con la joda, arrastra un pasado lleno de esc\u00e1ndalos, lo muestra como un tipo que respeta la Ley cuando le parece y sino no tiene problemas en ponerse del lado de los&hellip;<\/p>\n","protected":false},"author":1,"featured_media":85673,"comment_status":"open","ping_status":"open","sticky":false,"template":"","format":"standard","meta":{"footnotes":""},"categories":[10],"tags":[4284,244,18672,1890],"class_list":["post-85672","post","type-post","status-publish","format-standard","has-post-thumbnail","hentry","category-editorial","tag-caba","tag-elecciones","tag-juan-jose-gomez-centurion","tag-raul-alfonsin"],"_links":{"self":[{"href":"https:\/\/www.elsindical.com.ar\/notas\/wp-json\/wp\/v2\/posts\/85672","targetHints":{"allow":["GET"]}}],"collection":[{"href":"https:\/\/www.elsindical.com.ar\/notas\/wp-json\/wp\/v2\/posts"}],"about":[{"href":"https:\/\/www.elsindical.com.ar\/notas\/wp-json\/wp\/v2\/types\/post"}],"author":[{"embeddable":true,"href":"https:\/\/www.elsindical.com.ar\/notas\/wp-json\/wp\/v2\/users\/1"}],"replies":[{"embeddable":true,"href":"https:\/\/www.elsindical.com.ar\/notas\/wp-json\/wp\/v2\/comments?post=85672"}],"version-history":[{"count":1,"href":"https:\/\/www.elsindical.com.ar\/notas\/wp-json\/wp\/v2\/posts\/85672\/revisions"}],"predecessor-version":[{"id":85674,"href":"https:\/\/www.elsindical.com.ar\/notas\/wp-json\/wp\/v2\/posts\/85672\/revisions\/85674"}],"wp:featuredmedia":[{"embeddable":true,"href":"https:\/\/www.elsindical.com.ar\/notas\/wp-json\/wp\/v2\/media\/85673"}],"wp:attachment":[{"href":"https:\/\/www.elsindical.com.ar\/notas\/wp-json\/wp\/v2\/media?parent=85672"}],"wp:term":[{"taxonomy":"category","embeddable":true,"href":"https:\/\/www.elsindical.com.ar\/notas\/wp-json\/wp\/v2\/categories?post=85672"},{"taxonomy":"post_tag","embeddable":true,"href":"https:\/\/www.elsindical.com.ar\/notas\/wp-json\/wp\/v2\/tags?post=85672"}],"curies":[{"name":"wp","href":"https:\/\/api.w.org\/{rel}","templated":true}]}}