{"id":85667,"date":"2019-03-15T13:38:38","date_gmt":"2019-03-15T16:38:38","guid":{"rendered":"http:\/\/www.elsindical.com.ar\/notas\/?p=85667"},"modified":"2019-03-15T13:40:03","modified_gmt":"2019-03-15T16:40:03","slug":"cambiemos-y-la-hipocresia-por-la-inseguridad","status":"publish","type":"post","link":"https:\/\/www.elsindical.com.ar\/notas\/cambiemos-y-la-hipocresia-por-la-inseguridad\/","title":{"rendered":"CAMBIEMOS y la hipocres\u00eda por la inseguridad"},"content":{"rendered":"\n<figure class=\"wp-block-image\"><img loading=\"lazy\" decoding=\"async\" width=\"718\" height=\"452\" src=\"http:\/\/www.elsindical.com.ar\/notas\/var\/www\/html\/notas\/wp-content\/uploads\/2019\/03\/Mauricio-Macri-golf.jpg\" alt=\"\" class=\"wp-image-85668\" srcset=\"https:\/\/www.elsindical.com.ar\/notas\/var\/www\/html\/notas\/wp-content\/uploads\/2019\/03\/Mauricio-Macri-golf.jpg 718w, https:\/\/www.elsindical.com.ar\/notas\/var\/www\/html\/notas\/wp-content\/uploads\/2019\/03\/Mauricio-Macri-golf-300x189.jpg 300w, https:\/\/www.elsindical.com.ar\/notas\/var\/www\/html\/notas\/wp-content\/uploads\/2019\/03\/Mauricio-Macri-golf-477x300.jpg 477w\" sizes=\"auto, (max-width: 718px) 100vw, 718px\" \/><\/figure>\n\n\n\n<p>Si te conmueve el llanto del marido de Mar\u00eda de los \u00c1ngeles Caccone,  asesinada en San Justo, por solo 40 mi pesos, mientras escuchas a los  operadores de siempre que el gobierno quiere hacer una Ley para los  motochorros, que tenga penas duras, no te olvides quienes son los  verdaderos responsables. <\/p>\n\n\n\n<p>Mauricio Macri fren\u00f3 el C\u00f3digo Penal  actualizado por cuestiones electorales, as\u00ed que que ahora se queje de  los jueces y diga que van a enviar una Ley, es tomarte de boludo y usar  el dolor con oportunismo pol\u00edtico. Por  otro lado, si Diego Santilli dice que no saben c\u00f3mo trabajar el tema de  los motochorros, entonces que renuncien y se dejen de joder, gastan  millones por mes en asesores que no saben y no entienden nada del tema.  <\/p>\n\n\n\n<p>En la provincia de Buenos Aires, la estad\u00edstica de muertos por D\u00cdA  AUMENT\u00d3, mientras Ritondo y Vidal te cuentan que enfrentan a las  mafias?? jajaja basta de gastar fortunas en prensa berreta y en b\u00fanker  truchos, circulan miles de kilos de droga por la provincia y los payasos  te dicen secuestramos 5 mil dosis de paco, que no llegan a pesar 500  gramos, si a vos te gusta que te tomen de boludo y protestas sin pensar  cuando te toque JODETE, esto no cambia escribiendo en las redes, cambia  si hacemos en lugar de solo decir. <\/p>\n\n\n\n<p>La gente dice se\u00f1or presidente cambie  las leyes, ERROR, si el principal problema no son las leyes sino  quienes la deben aplicar, FISCALES y JUECES que hacen lo que se les  canta, polic\u00edas corruptos que no deber\u00edan ser polic\u00edas porque son parte  del problema y no de la soluci\u00f3n. <\/p>\n\n\n\n<p>Un sistema penitenciario eficiente y  no que sea parte del circuito delictivo, donde cobran por las visitas,  cobran por conseguirles bebidas y drogas a los detenidos, donde abusan  de las visitas femeninas, todo es una gran mierda, que no lo quieran ver  es otra cosa, aprendan a VOTAR, pero tambi\u00e9n aprendan a CONTROLAR, a  RECLAMAR.<br><a href=\"https:\/\/www.facebook.com\/hashtag\/mauriciomacri?source=feed_text&amp;epa=HASHTAG\">#MauricioMacri<\/a><a href=\"https:\/\/www.facebook.com\/hashtag\/mar\u00edaeugeniavidal?source=feed_text&amp;epa=HASHTAG\">#Mar\u00edaEugeniaVidal<\/a><a href=\"https:\/\/www.facebook.com\/hashtag\/cristianritondo?source=feed_text&amp;epa=HASHTAG\">#CristianRitondo<\/a><a href=\"https:\/\/www.facebook.com\/hashtag\/polic\u00eda?source=feed_text&amp;epa=HASHTAG\">#polic\u00eda<\/a><a href=\"https:\/\/www.facebook.com\/hashtag\/motochorros?source=feed_text&amp;epa=HASHTAG\">#motochorros<\/a>#delitos <a href=\"https:\/\/www.facebook.com\/hashtag\/asesinatos?source=feed_text&amp;epa=HASHTAG\">#asesinatos<\/a><a href=\"https:\/\/www.facebook.com\/hashtag\/mentiras?source=feed_text&amp;epa=HASHTAG\">#mentiras<\/a><a href=\"https:\/\/www.facebook.com\/hashtag\/leyes?source=feed_text&amp;epa=HASHTAG\">#leyes<\/a><a href=\"https:\/\/www.facebook.com\/hashtag\/jueces?source=feed_text&amp;epa=HASHTAG\">#jueces<\/a><a href=\"https:\/\/www.facebook.com\/hashtag\/fiscales?source=feed_text&amp;epa=HASHTAG\">#fiscales<\/a><a href=\"https:\/\/www.facebook.com\/hashtag\/c\u00f3digopenal?source=feed_text&amp;epa=HASHTAG\">#C\u00f3digoPenal<\/a><a href=\"https:\/\/www.facebook.com\/hashtag\/prensa?source=feed_text&amp;epa=HASHTAG\">#prensa<\/a><\/p>\n\n\n\n<figure class=\"wp-block-image\"><img loading=\"lazy\" decoding=\"async\" width=\"1024\" height=\"573\" src=\"http:\/\/www.elsindical.com.ar\/notas\/var\/www\/html\/notas\/wp-content\/uploads\/2019\/03\/Ritondo-Vidal-Perroni-1024x573.jpg\" alt=\"\" class=\"wp-image-85669\" srcset=\"https:\/\/www.elsindical.com.ar\/notas\/var\/www\/html\/notas\/wp-content\/uploads\/2019\/03\/Ritondo-Vidal-Perroni-1024x573.jpg 1024w, https:\/\/www.elsindical.com.ar\/notas\/var\/www\/html\/notas\/wp-content\/uploads\/2019\/03\/Ritondo-Vidal-Perroni-300x168.jpg 300w, https:\/\/www.elsindical.com.ar\/notas\/var\/www\/html\/notas\/wp-content\/uploads\/2019\/03\/Ritondo-Vidal-Perroni-768x430.jpg 768w, https:\/\/www.elsindical.com.ar\/notas\/var\/www\/html\/notas\/wp-content\/uploads\/2019\/03\/Ritondo-Vidal-Perroni-500x280.jpg 500w, https:\/\/www.elsindical.com.ar\/notas\/var\/www\/html\/notas\/wp-content\/uploads\/2019\/03\/Ritondo-Vidal-Perroni.jpg 1366w\" sizes=\"auto, (max-width: 1024px) 100vw, 1024px\" \/><\/figure>\n\n\n\n<p>Por Marcelo Ricardo Hawrylciw<\/p>\n","protected":false},"excerpt":{"rendered":"<p>Si te conmueve el llanto del marido de Mar\u00eda de los \u00c1ngeles Caccone, asesinada en San Justo, por solo 40 mi pesos, mientras escuchas a los operadores de siempre que el gobierno quiere hacer una Ley para los motochorros, que tenga penas duras, no te olvides quienes son los verdaderos responsables. Mauricio Macri fren\u00f3 el&hellip;<\/p>\n","protected":false},"author":1,"featured_media":85668,"comment_status":"open","ping_status":"open","sticky":false,"template":"","format":"standard","meta":{"footnotes":""},"categories":[10],"tags":[4787,756,7265,76],"class_list":["post-85667","post","type-post","status-publish","format-standard","has-post-thumbnail","hentry","category-editorial","tag-codigo-penal","tag-diego-santilli","tag-maria-eugenia-vidal","tag-mauricio-macri"],"_links":{"self":[{"href":"https:\/\/www.elsindical.com.ar\/notas\/wp-json\/wp\/v2\/posts\/85667","targetHints":{"allow":["GET"]}}],"collection":[{"href":"https:\/\/www.elsindical.com.ar\/notas\/wp-json\/wp\/v2\/posts"}],"about":[{"href":"https:\/\/www.elsindical.com.ar\/notas\/wp-json\/wp\/v2\/types\/post"}],"author":[{"embeddable":true,"href":"https:\/\/www.elsindical.com.ar\/notas\/wp-json\/wp\/v2\/users\/1"}],"replies":[{"embeddable":true,"href":"https:\/\/www.elsindical.com.ar\/notas\/wp-json\/wp\/v2\/comments?post=85667"}],"version-history":[{"count":2,"href":"https:\/\/www.elsindical.com.ar\/notas\/wp-json\/wp\/v2\/posts\/85667\/revisions"}],"predecessor-version":[{"id":85671,"href":"https:\/\/www.elsindical.com.ar\/notas\/wp-json\/wp\/v2\/posts\/85667\/revisions\/85671"}],"wp:featuredmedia":[{"embeddable":true,"href":"https:\/\/www.elsindical.com.ar\/notas\/wp-json\/wp\/v2\/media\/85668"}],"wp:attachment":[{"href":"https:\/\/www.elsindical.com.ar\/notas\/wp-json\/wp\/v2\/media?parent=85667"}],"wp:term":[{"taxonomy":"category","embeddable":true,"href":"https:\/\/www.elsindical.com.ar\/notas\/wp-json\/wp\/v2\/categories?post=85667"},{"taxonomy":"post_tag","embeddable":true,"href":"https:\/\/www.elsindical.com.ar\/notas\/wp-json\/wp\/v2\/tags?post=85667"}],"curies":[{"name":"wp","href":"https:\/\/api.w.org\/{rel}","templated":true}]}}