{"id":85648,"date":"2019-03-14T19:44:14","date_gmt":"2019-03-14T22:44:14","guid":{"rendered":"http:\/\/www.elsindical.com.ar\/notas\/?p=85648"},"modified":"2019-03-14T19:44:36","modified_gmt":"2019-03-14T22:44:36","slug":"avellaneda-allanamientos-simultaneos-por-drogas-pfa","status":"publish","type":"post","link":"https:\/\/www.elsindical.com.ar\/notas\/avellaneda-allanamientos-simultaneos-por-drogas-pfa\/","title":{"rendered":"Avellaneda: Allanamientos simult\u00e1neos por drogas PFA"},"content":{"rendered":"\n<figure class=\"wp-block-image\"><img loading=\"lazy\" decoding=\"async\" width=\"1024\" height=\"768\" src=\"http:\/\/www.elsindical.com.ar\/notas\/var\/www\/html\/notas\/wp-content\/uploads\/2019\/03\/WhatsApp-Image-2019-03-14-at-19.16.521-1024x768.jpeg\" alt=\"\" class=\"wp-image-85649\" srcset=\"https:\/\/www.elsindical.com.ar\/notas\/var\/www\/html\/notas\/wp-content\/uploads\/2019\/03\/WhatsApp-Image-2019-03-14-at-19.16.521-1024x768.jpeg 1024w, https:\/\/www.elsindical.com.ar\/notas\/var\/www\/html\/notas\/wp-content\/uploads\/2019\/03\/WhatsApp-Image-2019-03-14-at-19.16.521-300x225.jpeg 300w, https:\/\/www.elsindical.com.ar\/notas\/var\/www\/html\/notas\/wp-content\/uploads\/2019\/03\/WhatsApp-Image-2019-03-14-at-19.16.521-768x576.jpeg 768w, https:\/\/www.elsindical.com.ar\/notas\/var\/www\/html\/notas\/wp-content\/uploads\/2019\/03\/WhatsApp-Image-2019-03-14-at-19.16.521-400x300.jpeg 400w, https:\/\/www.elsindical.com.ar\/notas\/var\/www\/html\/notas\/wp-content\/uploads\/2019\/03\/WhatsApp-Image-2019-03-14-at-19.16.521.jpeg 1280w\" sizes=\"auto, (max-width: 1024px) 100vw, 1024px\" \/><\/figure>\n\n\n\n<p class=\"wp-block-paragraph\">Cultivaban, acopiaban, fraccionaban y comercializaban marihuana en Avellaneda. La Polic\u00eda Federal Argentina investig\u00f3, individualiz\u00f3 las viviendas involucradas y detuvo a los narcos involucrados en Villa Dom\u00ednico, provincia de Buenos Aires. El operativo culmin\u00f3 con tres detenidos y el secuestro de plantas de marihuana, dosis de paco, un arma de fuego y m\u00e1s elementos de inter\u00e9s para la causa.<\/p>\n\n\n\n<p class=\"wp-block-paragraph\">El Ministerio de Seguridad de la Naci\u00f3n, a cargo de Patricia Bullrich, promueve el desarrollo de tareas de inteligencia criminal para desbaratar estas bandas narco que preocupan a todos los vecinos. En esta oportunidad, el personal de la Divisi\u00f3n Operaciones Antidrogas Especiales de la Polic\u00eda Federal, fuerza comandada por N\u00e9stor Roncaglia, con lo recolectado durante la pesquisa, detect\u00f3 el accionar de esta organizaci\u00f3n criminal.<\/p>\n\n\n\n<p class=\"wp-block-paragraph\">La Unidad Funcional de Instrucci\u00f3n y Juicio N\u00b0 4, a cargo de la Dra. Garibaldi, dispuso el allanamiento de seis domicilios vinculados con los narcos, que plantaban para luego fraccionar y comercializar marihuana en el partido de Avellaneda.<\/p>\n\n\n\n<p class=\"wp-block-paragraph\">Es as\u00ed que los efectivos de la fuerza federal allanaron las seis viviendas de manera simult\u00e1nea. El resultado: se detuvo a los tres narcos investigados y se incautaron 10 plantas de marihuana, 30 dosis del estupefaciente, 50 gramos de paco, una carabina recortada, tel\u00e9fonos celulares, balanzas digitales y m\u00e1s elementos de inter\u00e9s para la causa.<\/p>\n\n\n\n<ul class=\"wp-block-gallery columns-2 is-cropped wp-block-gallery-1 is-layout-flex wp-block-gallery-is-layout-flex\"><li class=\"blocks-gallery-item\"><figure><img loading=\"lazy\" decoding=\"async\" width=\"576\" height=\"1024\" src=\"http:\/\/www.elsindical.com.ar\/notas\/var\/www\/html\/notas\/wp-content\/uploads\/2019\/03\/WhatsApp-Image-2019-03-14-at-19.16.541-576x1024.jpeg\" alt=\"\" data-id=\"85650\" data-link=\"http:\/\/www.elsindical.com.ar\/notas\/?attachment_id=85650#main\" class=\"wp-image-85650\" srcset=\"https:\/\/www.elsindical.com.ar\/notas\/var\/www\/html\/notas\/wp-content\/uploads\/2019\/03\/WhatsApp-Image-2019-03-14-at-19.16.541-576x1024.jpeg 576w, https:\/\/www.elsindical.com.ar\/notas\/var\/www\/html\/notas\/wp-content\/uploads\/2019\/03\/WhatsApp-Image-2019-03-14-at-19.16.541-169x300.jpeg 169w, https:\/\/www.elsindical.com.ar\/notas\/var\/www\/html\/notas\/wp-content\/uploads\/2019\/03\/WhatsApp-Image-2019-03-14-at-19.16.541.jpeg 581w\" sizes=\"auto, (max-width: 576px) 100vw, 576px\" \/><\/figure><\/li><li class=\"blocks-gallery-item\"><figure><img loading=\"lazy\" decoding=\"async\" width=\"1024\" height=\"768\" src=\"http:\/\/www.elsindical.com.ar\/notas\/var\/www\/html\/notas\/wp-content\/uploads\/2019\/03\/WhatsApp-Image-2019-03-14-at-19.16.54-1024x768.jpeg\" alt=\"\" data-id=\"85651\" data-link=\"http:\/\/www.elsindical.com.ar\/notas\/?attachment_id=85651#main\" class=\"wp-image-85651\" srcset=\"https:\/\/www.elsindical.com.ar\/notas\/var\/www\/html\/notas\/wp-content\/uploads\/2019\/03\/WhatsApp-Image-2019-03-14-at-19.16.54-1024x768.jpeg 1024w, https:\/\/www.elsindical.com.ar\/notas\/var\/www\/html\/notas\/wp-content\/uploads\/2019\/03\/WhatsApp-Image-2019-03-14-at-19.16.54-300x225.jpeg 300w, https:\/\/www.elsindical.com.ar\/notas\/var\/www\/html\/notas\/wp-content\/uploads\/2019\/03\/WhatsApp-Image-2019-03-14-at-19.16.54-768x576.jpeg 768w, https:\/\/www.elsindical.com.ar\/notas\/var\/www\/html\/notas\/wp-content\/uploads\/2019\/03\/WhatsApp-Image-2019-03-14-at-19.16.54-400x300.jpeg 400w, https:\/\/www.elsindical.com.ar\/notas\/var\/www\/html\/notas\/wp-content\/uploads\/2019\/03\/WhatsApp-Image-2019-03-14-at-19.16.54.jpeg 1280w\" sizes=\"auto, (max-width: 1024px) 100vw, 1024px\" \/><\/figure><\/li><li class=\"blocks-gallery-item\"><figure><img loading=\"lazy\" decoding=\"async\" width=\"1024\" height=\"768\" src=\"http:\/\/www.elsindical.com.ar\/notas\/var\/www\/html\/notas\/wp-content\/uploads\/2019\/03\/WhatsApp-Image-2019-03-14-at-19.16.53-1024x768.jpeg\" alt=\"\" data-id=\"85652\" data-link=\"http:\/\/www.elsindical.com.ar\/notas\/?attachment_id=85652#main\" class=\"wp-image-85652\" srcset=\"https:\/\/www.elsindical.com.ar\/notas\/var\/www\/html\/notas\/wp-content\/uploads\/2019\/03\/WhatsApp-Image-2019-03-14-at-19.16.53-1024x768.jpeg 1024w, https:\/\/www.elsindical.com.ar\/notas\/var\/www\/html\/notas\/wp-content\/uploads\/2019\/03\/WhatsApp-Image-2019-03-14-at-19.16.53-300x225.jpeg 300w, https:\/\/www.elsindical.com.ar\/notas\/var\/www\/html\/notas\/wp-content\/uploads\/2019\/03\/WhatsApp-Image-2019-03-14-at-19.16.53-768x576.jpeg 768w, https:\/\/www.elsindical.com.ar\/notas\/var\/www\/html\/notas\/wp-content\/uploads\/2019\/03\/WhatsApp-Image-2019-03-14-at-19.16.53-400x300.jpeg 400w, https:\/\/www.elsindical.com.ar\/notas\/var\/www\/html\/notas\/wp-content\/uploads\/2019\/03\/WhatsApp-Image-2019-03-14-at-19.16.53.jpeg 1280w\" sizes=\"auto, (max-width: 1024px) 100vw, 1024px\" \/><\/figure><\/li><li class=\"blocks-gallery-item\"><figure><img loading=\"lazy\" decoding=\"async\" width=\"576\" height=\"1024\" src=\"http:\/\/www.elsindical.com.ar\/notas\/var\/www\/html\/notas\/wp-content\/uploads\/2019\/03\/WhatsApp-Image-2019-03-14-at-19.16.52-576x1024.jpeg\" alt=\"\" data-id=\"85653\" data-link=\"http:\/\/www.elsindical.com.ar\/notas\/?attachment_id=85653#main\" class=\"wp-image-85653\" srcset=\"https:\/\/www.elsindical.com.ar\/notas\/var\/www\/html\/notas\/wp-content\/uploads\/2019\/03\/WhatsApp-Image-2019-03-14-at-19.16.52-576x1024.jpeg 576w, https:\/\/www.elsindical.com.ar\/notas\/var\/www\/html\/notas\/wp-content\/uploads\/2019\/03\/WhatsApp-Image-2019-03-14-at-19.16.52-169x300.jpeg 169w, https:\/\/www.elsindical.com.ar\/notas\/var\/www\/html\/notas\/wp-content\/uploads\/2019\/03\/WhatsApp-Image-2019-03-14-at-19.16.52.jpeg 581w\" sizes=\"auto, (max-width: 576px) 100vw, 576px\" \/><\/figure><\/li><\/ul>\n","protected":false},"excerpt":{"rendered":"<p>Cultivaban, acopiaban, fraccionaban y comercializaban marihuana en Avellaneda. La Polic\u00eda Federal Argentina investig\u00f3, individualiz\u00f3 las viviendas involucradas y detuvo a los narcos involucrados en Villa Dom\u00ednico, provincia de Buenos Aires. El operativo culmin\u00f3 con tres detenidos y el secuestro de plantas de marihuana, dosis de paco, un arma de fuego y m\u00e1s elementos de inter\u00e9s&hellip;<\/p>\n","protected":false},"author":1,"featured_media":85649,"comment_status":"open","ping_status":"open","sticky":false,"template":"","format":"standard","meta":{"footnotes":""},"categories":[22],"tags":[461,382,2553,698],"class_list":["post-85648","post","type-post","status-publish","format-standard","has-post-thumbnail","hentry","category-policiales","tag-avellaneda","tag-drogas","tag-paco","tag-pfa"],"_links":{"self":[{"href":"https:\/\/www.elsindical.com.ar\/notas\/wp-json\/wp\/v2\/posts\/85648","targetHints":{"allow":["GET"]}}],"collection":[{"href":"https:\/\/www.elsindical.com.ar\/notas\/wp-json\/wp\/v2\/posts"}],"about":[{"href":"https:\/\/www.elsindical.com.ar\/notas\/wp-json\/wp\/v2\/types\/post"}],"author":[{"embeddable":true,"href":"https:\/\/www.elsindical.com.ar\/notas\/wp-json\/wp\/v2\/users\/1"}],"replies":[{"embeddable":true,"href":"https:\/\/www.elsindical.com.ar\/notas\/wp-json\/wp\/v2\/comments?post=85648"}],"version-history":[{"count":1,"href":"https:\/\/www.elsindical.com.ar\/notas\/wp-json\/wp\/v2\/posts\/85648\/revisions"}],"predecessor-version":[{"id":85654,"href":"https:\/\/www.elsindical.com.ar\/notas\/wp-json\/wp\/v2\/posts\/85648\/revisions\/85654"}],"wp:featuredmedia":[{"embeddable":true,"href":"https:\/\/www.elsindical.com.ar\/notas\/wp-json\/wp\/v2\/media\/85649"}],"wp:attachment":[{"href":"https:\/\/www.elsindical.com.ar\/notas\/wp-json\/wp\/v2\/media?parent=85648"}],"wp:term":[{"taxonomy":"category","embeddable":true,"href":"https:\/\/www.elsindical.com.ar\/notas\/wp-json\/wp\/v2\/categories?post=85648"},{"taxonomy":"post_tag","embeddable":true,"href":"https:\/\/www.elsindical.com.ar\/notas\/wp-json\/wp\/v2\/tags?post=85648"}],"curies":[{"name":"wp","href":"https:\/\/api.w.org\/{rel}","templated":true}]}}