{"id":85541,"date":"2019-03-10T11:43:03","date_gmt":"2019-03-10T14:43:03","guid":{"rendered":"http:\/\/www.elsindical.com.ar\/notas\/?p=85541"},"modified":"2019-03-10T11:43:16","modified_gmt":"2019-03-10T14:43:16","slug":"presidente-de-ukra-en-seis-meses-van-a-cerrar-otros-cinco-mil-kioscos","status":"publish","type":"post","link":"https:\/\/www.elsindical.com.ar\/notas\/presidente-de-ukra-en-seis-meses-van-a-cerrar-otros-cinco-mil-kioscos\/","title":{"rendered":"Presidente de UKRA: \u00abEn seis meses van a cerrar otros cinco mil kioscos\u00bb"},"content":{"rendered":"\n<figure class=\"wp-block-image\"><img loading=\"lazy\" decoding=\"async\" width=\"1024\" height=\"575\" src=\"http:\/\/www.elsindical.com.ar\/notas\/var\/www\/html\/notas\/wp-content\/uploads\/2019\/02\/kiosco-gen\u00e9rico-1024x575.jpg\" alt=\"\" class=\"wp-image-85214\" srcset=\"https:\/\/www.elsindical.com.ar\/notas\/var\/www\/html\/notas\/wp-content\/uploads\/2019\/02\/kiosco-gen\u00e9rico-1024x575.jpg 1024w, https:\/\/www.elsindical.com.ar\/notas\/var\/www\/html\/notas\/wp-content\/uploads\/2019\/02\/kiosco-gen\u00e9rico-300x168.jpg 300w, https:\/\/www.elsindical.com.ar\/notas\/var\/www\/html\/notas\/wp-content\/uploads\/2019\/02\/kiosco-gen\u00e9rico-768x431.jpg 768w, https:\/\/www.elsindical.com.ar\/notas\/var\/www\/html\/notas\/wp-content\/uploads\/2019\/02\/kiosco-gen\u00e9rico-500x281.jpg 500w, https:\/\/www.elsindical.com.ar\/notas\/var\/www\/html\/notas\/wp-content\/uploads\/2019\/02\/kiosco-gen\u00e9rico.jpg 1170w\" sizes=\"auto, (max-width: 1024px) 100vw, 1024px\" \/><\/figure>\n\n\n\n<p> En los \u00faltimos tres  a\u00f1os cerraron 28 mil kioscos en todo el pa\u00eds, principalmente en la  Ciudad de Buenos Aires y el Conurbano bonaerense. <\/p>\n\n\n\n<p>En tres a\u00f1os cerraron 28 mil kioscos en todo el pa\u00eds, principalmente  en la Ciudad de Buenos Aires y el Conurbano bonaerense.Los datos se  desprenden de un informe de la Uni\u00f3n de Kiosqueros de la Rep\u00fablica  Argentina (UKRA).<\/p>\n\n\n\n<p>Las causas se deben a suba de los alquileres, el aumento de las \ntarifas de servicios e impuestos y a la fuerte ca\u00edda del consumo son los\n motivos que se\u00f1alan desde la organizaci\u00f3n.<\/p>\n\n\n\n<p>El presidente de UKRA, Adri\u00e1n Palacios, afirm\u00f3: \u00abSi la situaci\u00f3n \nsigue as\u00ed, en los pr\u00f3ximos seis meses van a cerrar otros cinco mil \nkioscos en la Ciudad\u00bb.<\/p>\n\n\n\n<p>Palacios agreg\u00f3: \u00abEn nuestros comercios subieron los alquileres, las \ntarifas de servicios y los impuestos mientras que, al mismo tiempo, baj\u00f3\n el consumo. Entonces, empezamos a perder rentabilidad, no lleg\u00e1bamos \ncon los gastos fijos y es por eso que fueron cerrando tantos kioscos\u00bb.<\/p>\n\n\n\n<p>\u00abAh\u00ed ten\u00edamos una situaci\u00f3n similar porque hab\u00edan ca\u00eddo mucho las \nventas, como nos est\u00e1 pasando ahora. La diferencia es que en esta \u00e9poca \nse suma la presi\u00f3n de la inflaci\u00f3n, los tarifazos y los aumentos de los \nalquileres\u00bb, agreg\u00f3.<\/p>\n\n\n\n<p>\u00abNosotros estamos planteando tarifas especiales de luz para todos los  comercios de proximidad y las Pymes; retrotraer estos aumentos por lo  menos a enero de 2018 y un financiamiento para las Pymes, para que  puedan generar empleos y eso reactive el consumo interno\u00bb, manifest\u00f3.<\/p>\n\n\n\n<p>\u00abEn 2015 se compraban galletitas, alfajores, aguas saborizadas y  gaseosas de primeras marcas, productos que uno podr\u00eda decir que eran un  placer. Entre 2017 y 2018 creci\u00f3 la compra de alimentos de la canasta  b\u00e1sica, y nosotros como kiosqueros tuvimos que adaptarnos a esos  pedidos\u00bb, cerr\u00f3 Palacios sobre los h\u00e1bitos de consumo entre los  clientes.<\/p>\n","protected":false},"excerpt":{"rendered":"<p>En los \u00faltimos tres a\u00f1os cerraron 28 mil kioscos en todo el pa\u00eds, principalmente en la Ciudad de Buenos Aires y el Conurbano bonaerense. En tres a\u00f1os cerraron 28 mil kioscos en todo el pa\u00eds, principalmente en la Ciudad de Buenos Aires y el Conurbano bonaerense.Los datos se desprenden de un informe de la Uni\u00f3n&hellip;<\/p>\n","protected":false},"author":1,"featured_media":85214,"comment_status":"open","ping_status":"open","sticky":false,"template":"","format":"standard","meta":{"footnotes":""},"categories":[9],"tags":[2258,5274,22023,27964],"class_list":["post-85541","post","type-post","status-publish","format-standard","has-post-thumbnail","hentry","category-economia","tag-cierre","tag-conurbano","tag-economia","tag-ukra"],"_links":{"self":[{"href":"https:\/\/www.elsindical.com.ar\/notas\/wp-json\/wp\/v2\/posts\/85541","targetHints":{"allow":["GET"]}}],"collection":[{"href":"https:\/\/www.elsindical.com.ar\/notas\/wp-json\/wp\/v2\/posts"}],"about":[{"href":"https:\/\/www.elsindical.com.ar\/notas\/wp-json\/wp\/v2\/types\/post"}],"author":[{"embeddable":true,"href":"https:\/\/www.elsindical.com.ar\/notas\/wp-json\/wp\/v2\/users\/1"}],"replies":[{"embeddable":true,"href":"https:\/\/www.elsindical.com.ar\/notas\/wp-json\/wp\/v2\/comments?post=85541"}],"version-history":[{"count":1,"href":"https:\/\/www.elsindical.com.ar\/notas\/wp-json\/wp\/v2\/posts\/85541\/revisions"}],"predecessor-version":[{"id":85542,"href":"https:\/\/www.elsindical.com.ar\/notas\/wp-json\/wp\/v2\/posts\/85541\/revisions\/85542"}],"wp:featuredmedia":[{"embeddable":true,"href":"https:\/\/www.elsindical.com.ar\/notas\/wp-json\/wp\/v2\/media\/85214"}],"wp:attachment":[{"href":"https:\/\/www.elsindical.com.ar\/notas\/wp-json\/wp\/v2\/media?parent=85541"}],"wp:term":[{"taxonomy":"category","embeddable":true,"href":"https:\/\/www.elsindical.com.ar\/notas\/wp-json\/wp\/v2\/categories?post=85541"},{"taxonomy":"post_tag","embeddable":true,"href":"https:\/\/www.elsindical.com.ar\/notas\/wp-json\/wp\/v2\/tags?post=85541"}],"curies":[{"name":"wp","href":"https:\/\/api.w.org\/{rel}","templated":true}]}}