{"id":85520,"date":"2019-03-09T21:04:32","date_gmt":"2019-03-10T00:04:32","guid":{"rendered":"http:\/\/www.elsindical.com.ar\/notas\/?p=85520"},"modified":"2019-03-09T21:04:32","modified_gmt":"2019-03-10T00:04:32","slug":"santiago-del-estero-maestra-jardinera-le-practico-sexo-oral-a-su-alumno-de-3-anos","status":"publish","type":"post","link":"https:\/\/www.elsindical.com.ar\/notas\/santiago-del-estero-maestra-jardinera-le-practico-sexo-oral-a-su-alumno-de-3-anos\/","title":{"rendered":"Santiago del Estero: Maestra jardinera le practic\u00f3 sexo oral a su alumno de 3 a\u00f1os"},"content":{"rendered":"\n<figure class=\"wp-block-image\"><img loading=\"lazy\" decoding=\"async\" width=\"715\" height=\"402\" src=\"http:\/\/www.elsindical.com.ar\/notas\/var\/www\/html\/notas\/wp-content\/uploads\/2019\/03\/maestra-detenida-por-abuso.jpg\" alt=\"\" class=\"wp-image-85521\" srcset=\"https:\/\/www.elsindical.com.ar\/notas\/var\/www\/html\/notas\/wp-content\/uploads\/2019\/03\/maestra-detenida-por-abuso.jpg 715w, https:\/\/www.elsindical.com.ar\/notas\/var\/www\/html\/notas\/wp-content\/uploads\/2019\/03\/maestra-detenida-por-abuso-300x169.jpg 300w, https:\/\/www.elsindical.com.ar\/notas\/var\/www\/html\/notas\/wp-content\/uploads\/2019\/03\/maestra-detenida-por-abuso-500x281.jpg 500w, https:\/\/www.elsindical.com.ar\/notas\/var\/www\/html\/notas\/wp-content\/uploads\/2019\/03\/maestra-detenida-por-abuso-460x260.jpg 460w\" sizes=\"auto, (max-width: 715px) 100vw, 715px\" \/><\/figure>\n\n\n\n<p class=\"wp-block-paragraph\">La docente de una instituci\u00f3n\u00a0de la capital santiague\u00f1a fue detenida tras la grav\u00edsima denuncia.<\/p>\n\n\n\n<p class=\"wp-block-paragraph\"> Una maestra de 25 a\u00f1os fue acusada de practicarle sexo oral a un nene de 3 a\u00f1os, en una guarder\u00eda en la que trabajaba. <\/p>\n\n\n\n<p class=\"wp-block-paragraph\"> Seg\u00fan la denunciante, el fin de semana su hijo le confi\u00f3 que la \u00abse\u00f1o\u00bb  le hizo cosas (en 2018), utilizando sus labios. Urgente, la mujer fue a  la Fiscal\u00eda y denunci\u00f3 a la docente. <\/p>\n\n\n\n<p class=\"wp-block-paragraph\"> Este mismo s\u00e1bado,\u00a0por orden de la fiscal <strong>\u00c9rika Leguizam\u00f3n<\/strong>,  la Divisi\u00f3n Trata de Personas y Delitos Comunes realiz\u00f3 un\u00a0allanamiento  en el domicilio de\u00a0la maestra, en el barrio San Mart\u00edn de la ciudad de  Santiago del Estero, y procedi\u00f3 a su detenci\u00f3n. <\/p>\n\n\n\n<p class=\"wp-block-paragraph\">\nLa maestra jardinera fue acusada por el&nbsp;delito de&nbsp;abuso sexual, agravado\n por su condici\u00f3n de educadora, en la Alcaid\u00eda de Mujeres de la Zona \nSur, seg\u00fan publica <em>El Liberal<\/em>.\n\n<\/p>\n","protected":false},"excerpt":{"rendered":"<p>La docente de una instituci\u00f3n\u00a0de la capital santiague\u00f1a fue detenida tras la grav\u00edsima denuncia. Una maestra de 25 a\u00f1os fue acusada de practicarle sexo oral a un nene de 3 a\u00f1os, en una guarder\u00eda en la que trabajaba. Seg\u00fan la denunciante, el fin de semana su hijo le confi\u00f3 que la \u00abse\u00f1o\u00bb le hizo cosas&hellip;<\/p>\n","protected":false},"author":1,"featured_media":85521,"comment_status":"open","ping_status":"open","sticky":false,"template":"","format":"standard","meta":{"footnotes":""},"categories":[22],"tags":[222,1047,1478,2445],"class_list":["post-85520","post","type-post","status-publish","format-standard","has-post-thumbnail","hentry","category-policiales","tag-alumno","tag-maestra","tag-santiago-del-estero","tag-sexo-oral"],"_links":{"self":[{"href":"https:\/\/www.elsindical.com.ar\/notas\/wp-json\/wp\/v2\/posts\/85520","targetHints":{"allow":["GET"]}}],"collection":[{"href":"https:\/\/www.elsindical.com.ar\/notas\/wp-json\/wp\/v2\/posts"}],"about":[{"href":"https:\/\/www.elsindical.com.ar\/notas\/wp-json\/wp\/v2\/types\/post"}],"author":[{"embeddable":true,"href":"https:\/\/www.elsindical.com.ar\/notas\/wp-json\/wp\/v2\/users\/1"}],"replies":[{"embeddable":true,"href":"https:\/\/www.elsindical.com.ar\/notas\/wp-json\/wp\/v2\/comments?post=85520"}],"version-history":[{"count":1,"href":"https:\/\/www.elsindical.com.ar\/notas\/wp-json\/wp\/v2\/posts\/85520\/revisions"}],"predecessor-version":[{"id":85522,"href":"https:\/\/www.elsindical.com.ar\/notas\/wp-json\/wp\/v2\/posts\/85520\/revisions\/85522"}],"wp:featuredmedia":[{"embeddable":true,"href":"https:\/\/www.elsindical.com.ar\/notas\/wp-json\/wp\/v2\/media\/85521"}],"wp:attachment":[{"href":"https:\/\/www.elsindical.com.ar\/notas\/wp-json\/wp\/v2\/media?parent=85520"}],"wp:term":[{"taxonomy":"category","embeddable":true,"href":"https:\/\/www.elsindical.com.ar\/notas\/wp-json\/wp\/v2\/categories?post=85520"},{"taxonomy":"post_tag","embeddable":true,"href":"https:\/\/www.elsindical.com.ar\/notas\/wp-json\/wp\/v2\/tags?post=85520"}],"curies":[{"name":"wp","href":"https:\/\/api.w.org\/{rel}","templated":true}]}}