{"id":85490,"date":"2019-03-07T12:03:45","date_gmt":"2019-03-07T15:03:45","guid":{"rendered":"http:\/\/www.elsindical.com.ar\/notas\/?p=85490"},"modified":"2019-03-07T12:03:45","modified_gmt":"2019-03-07T15:03:45","slug":"el-juez-federal-lijo-investigara-irregularidades-de-campanas-de-cambiemos","status":"publish","type":"post","link":"https:\/\/www.elsindical.com.ar\/notas\/el-juez-federal-lijo-investigara-irregularidades-de-campanas-de-cambiemos\/","title":{"rendered":"El Juez federal Lijo investigar\u00e1 irregularidades de campa\u00f1as de CAMBIEMOS"},"content":{"rendered":"\n<figure class=\"wp-block-image\"><img loading=\"lazy\" decoding=\"async\" width=\"693\" height=\"459\" src=\"http:\/\/www.elsindical.com.ar\/notas\/var\/www\/html\/notas\/wp-content\/uploads\/2019\/02\/campa\u00f1a-CAMBIEMOS-2015.jpg\" alt=\"\" class=\"wp-image-84771\" srcset=\"https:\/\/www.elsindical.com.ar\/notas\/var\/www\/html\/notas\/wp-content\/uploads\/2019\/02\/campa\u00f1a-CAMBIEMOS-2015.jpg 693w, https:\/\/www.elsindical.com.ar\/notas\/var\/www\/html\/notas\/wp-content\/uploads\/2019\/02\/campa\u00f1a-CAMBIEMOS-2015-300x199.jpg 300w, https:\/\/www.elsindical.com.ar\/notas\/var\/www\/html\/notas\/wp-content\/uploads\/2019\/02\/campa\u00f1a-CAMBIEMOS-2015-453x300.jpg 453w\" sizes=\"auto, (max-width: 693px) 100vw, 693px\" \/><\/figure>\n\n\n\n<p class=\"wp-block-paragraph\"> El magistrado qued\u00f3 al  frente la investigaci\u00f3n luego de que el Fiscal federal Ramiro Gonz\u00e1lez  concluyera que son competentes para asumir las dos pesquisas. <\/p>\n\n\n\n<p class=\"wp-block-paragraph\">El Juez federal <strong>Ariel Lijo<\/strong> investigar\u00e1 la presunta comisi\u00f3n de delitos en el financiamiento de las <strong>campa\u00f1as electorales de Cambiemos de 2015 y 2017<\/strong>.<br> <br>Seg\u00fan public\u00f3 el diario La Naci\u00f3n, <strong>Lijo qued\u00f3 al frente de ambas investigaciones<\/strong> despu\u00e9s que el Fiscal federal Ramiro Gonz\u00e1lez concluyera que son competentes para asumir las dos pesquisas.<br> <br>En su dictamen, el Fiscal Gonz\u00e1lez concluy\u00f3 que \u00e9l y Lijo  son competentes para instruir ambas pesquisas sobre aportes  supuestamente ap\u00f3crifos, lavado de dinero y falsedades documentales.<br> <br>Gonz\u00e1lez tambi\u00e9n <strong>sugiri\u00f3 nuevas medidas<\/strong> de prueba para determinar si Cambiemos delinqui\u00f3.<br> <br>La investigaci\u00f3n sobre la campa\u00f1a presidencial de 2015  comenz\u00f3 en manos del fiscal federal con competencia electoral en la  Capital, Jorge di Lello.<br> <br>Sobre ese expediente, <strong>Gonz\u00e1lez sostuvo que las maniobras bajo sospecha<\/strong>  \u00abconsistir\u00edan en el pago a diferentes proveedores de millonarias sumas  dinerarias en negro durante la campa\u00f1a electoral, as\u00ed como el desv\u00edo de  recursos pertenecientes a la Ciudad de Buenos Aires -desde el Ente de  Turismo, en ese entonces a cargo de Fernando De Andreis- con el objeto  de afectarlos a gastos relativos con las elecciones presidenciales\u00bb.<br> <br>La pesquisa por los aportes de 2017 a la campa\u00f1a que lider\u00f3  la gobernadora Mar\u00eda Eugenia Vidal, en tanto, comenz\u00f3 con una  investigaci\u00f3n period\u00edstica sobre el uso de beneficiarios sociales como  supuestos aportantes.<\/p>\n\n\n\n<p class=\"wp-block-paragraph\"><\/p>\n","protected":false},"excerpt":{"rendered":"<p>El magistrado qued\u00f3 al frente la investigaci\u00f3n luego de que el Fiscal federal Ramiro Gonz\u00e1lez concluyera que son competentes para asumir las dos pesquisas. El Juez federal Ariel Lijo investigar\u00e1 la presunta comisi\u00f3n de delitos en el financiamiento de las campa\u00f1as electorales de Cambiemos de 2015 y 2017. Seg\u00fan public\u00f3 el diario La Naci\u00f3n, Lijo&hellip;<\/p>\n","protected":false},"author":1,"featured_media":84771,"comment_status":"open","ping_status":"open","sticky":false,"template":"","format":"standard","meta":{"footnotes":""},"categories":[20],"tags":[29247,22169,7140],"class_list":["post-85490","post","type-post","status-publish","format-standard","has-post-thumbnail","hentry","category-judiciales","tag-aportes-truchos","tag-cambiemos","tag-juez-federal-ariel-lijo"],"_links":{"self":[{"href":"https:\/\/www.elsindical.com.ar\/notas\/wp-json\/wp\/v2\/posts\/85490","targetHints":{"allow":["GET"]}}],"collection":[{"href":"https:\/\/www.elsindical.com.ar\/notas\/wp-json\/wp\/v2\/posts"}],"about":[{"href":"https:\/\/www.elsindical.com.ar\/notas\/wp-json\/wp\/v2\/types\/post"}],"author":[{"embeddable":true,"href":"https:\/\/www.elsindical.com.ar\/notas\/wp-json\/wp\/v2\/users\/1"}],"replies":[{"embeddable":true,"href":"https:\/\/www.elsindical.com.ar\/notas\/wp-json\/wp\/v2\/comments?post=85490"}],"version-history":[{"count":1,"href":"https:\/\/www.elsindical.com.ar\/notas\/wp-json\/wp\/v2\/posts\/85490\/revisions"}],"predecessor-version":[{"id":85491,"href":"https:\/\/www.elsindical.com.ar\/notas\/wp-json\/wp\/v2\/posts\/85490\/revisions\/85491"}],"wp:featuredmedia":[{"embeddable":true,"href":"https:\/\/www.elsindical.com.ar\/notas\/wp-json\/wp\/v2\/media\/84771"}],"wp:attachment":[{"href":"https:\/\/www.elsindical.com.ar\/notas\/wp-json\/wp\/v2\/media?parent=85490"}],"wp:term":[{"taxonomy":"category","embeddable":true,"href":"https:\/\/www.elsindical.com.ar\/notas\/wp-json\/wp\/v2\/categories?post=85490"},{"taxonomy":"post_tag","embeddable":true,"href":"https:\/\/www.elsindical.com.ar\/notas\/wp-json\/wp\/v2\/tags?post=85490"}],"curies":[{"name":"wp","href":"https:\/\/api.w.org\/{rel}","templated":true}]}}