{"id":85449,"date":"2019-03-05T10:37:44","date_gmt":"2019-03-05T13:37:44","guid":{"rendered":"http:\/\/www.elsindical.com.ar\/notas\/?p=85449"},"modified":"2019-03-05T10:37:55","modified_gmt":"2019-03-05T13:37:55","slug":"crisis-economica-y-recesion-la-venta-de-electrodomesticos-cayo-39-en-enero","status":"publish","type":"post","link":"https:\/\/www.elsindical.com.ar\/notas\/crisis-economica-y-recesion-la-venta-de-electrodomesticos-cayo-39-en-enero\/","title":{"rendered":"Crisis econ\u00f3mica y recesi\u00f3n: la venta de electrodom\u00e9sticos cay\u00f3 39% en enero"},"content":{"rendered":"\n<figure class=\"wp-block-image\"><img loading=\"lazy\" decoding=\"async\" width=\"1024\" height=\"685\" src=\"http:\/\/www.elsindical.com.ar\/notas\/var\/www\/html\/notas\/wp-content\/uploads\/2019\/03\/venta-de-electrodom\u00e9sticos-1024x685.jpg\" alt=\"\" class=\"wp-image-85450\" srcset=\"https:\/\/www.elsindical.com.ar\/notas\/var\/www\/html\/notas\/wp-content\/uploads\/2019\/03\/venta-de-electrodom\u00e9sticos-1024x685.jpg 1024w, https:\/\/www.elsindical.com.ar\/notas\/var\/www\/html\/notas\/wp-content\/uploads\/2019\/03\/venta-de-electrodom\u00e9sticos-300x201.jpg 300w, https:\/\/www.elsindical.com.ar\/notas\/var\/www\/html\/notas\/wp-content\/uploads\/2019\/03\/venta-de-electrodom\u00e9sticos-768x514.jpg 768w, https:\/\/www.elsindical.com.ar\/notas\/var\/www\/html\/notas\/wp-content\/uploads\/2019\/03\/venta-de-electrodom\u00e9sticos-448x300.jpg 448w, https:\/\/www.elsindical.com.ar\/notas\/var\/www\/html\/notas\/wp-content\/uploads\/2019\/03\/venta-de-electrodom\u00e9sticos.jpg 1170w\" sizes=\"auto, (max-width: 1024px) 100vw, 1024px\" \/><\/figure>\n\n\n\n<p> Fuentes de la industria  electr\u00f3nica se\u00f1alaron que se proyecta una agudizaci\u00f3n de la crisis para  2019, producto del descenso en el consumo por efecto del menor poder  adquisitivo y del costo impositivo y tarifario para las empresas. <\/p>\n\n\n\n<p>Las <strong>ventas de electrodom\u00e9sticos<\/strong> sufrieron una ca\u00edda del<strong> 39% interanual<\/strong> en enero, con picos que <strong>alcanzaron el 46% en el rubro de la inform\u00e1tica<\/strong>.<\/p>\n\n\n\n<p>De acuerdo con el informe de GFK Argentina, en enero la comercializaci\u00f3n de <strong>notebooks,\n PC de escritorio y tablets se redujo un 46%; los televisores planos, \n41%; peque\u00f1os electrodom\u00e9sticos (licuadoras, microondas), 25%; grandes \nelectrodom\u00e9sticos (heladeras, lavarropas, cocinas), 26%; y aires \nacondicionados, calefactores a gas, el\u00e9ctricos y placas, un 15 por \nciento.<\/strong><\/p>\n\n\n\n<p>Asimismo, fuentes de la industria electr\u00f3nica, tanto del continente \ncomo de Tierra del Fuego, se\u00f1alaron que se proyecta una agudizaci\u00f3n de \nla crisis para 2019, producto del <strong>descenso en el consumo por efecto del menor poder adquisitivo y del costo impositivo y tarifario para las empresas.<\/strong><\/p>\n\n\n\n<p>Sin embargo, como sucede en general en el mercado argentino, e<strong>n enero los precios de los electrodom\u00e9sticos igualmente subieron un 32% en promedio<\/strong>,\n contra el primer mes del 2018, lo cual abre las puertas para una mayor \nreducci\u00f3n de las ventas mayoristas y minoristas con la consecuente \ncrisis en el empleo.<\/p>\n\n\n\n<p>Los incrementos de precios fueron notorios al analizar el a\u00f1o pasado,\n pero mayores cuando se mide enero, seg\u00fan marca la consultora \nDatosClaros que -mediante su soluci\u00f3n Price Intelligence- detect\u00f3 <strong>subas de hasta 45% en categor\u00edas de electrodom\u00e9sticos y tecnolog\u00eda del retail local.<\/strong><\/p>\n","protected":false},"excerpt":{"rendered":"<p>Fuentes de la industria electr\u00f3nica se\u00f1alaron que se proyecta una agudizaci\u00f3n de la crisis para 2019, producto del descenso en el consumo por efecto del menor poder adquisitivo y del costo impositivo y tarifario para las empresas. Las ventas de electrodom\u00e9sticos sufrieron una ca\u00edda del 39% interanual en enero, con picos que alcanzaron el 46%&hellip;<\/p>\n","protected":false},"author":1,"featured_media":85450,"comment_status":"open","ping_status":"open","sticky":false,"template":"","format":"standard","meta":{"footnotes":""},"categories":[9],"tags":[390,4768,2676],"class_list":["post-85449","post","type-post","status-publish","format-standard","has-post-thumbnail","hentry","category-economia","tag-crisis","tag-electrodomesticos","tag-venta"],"_links":{"self":[{"href":"https:\/\/www.elsindical.com.ar\/notas\/wp-json\/wp\/v2\/posts\/85449","targetHints":{"allow":["GET"]}}],"collection":[{"href":"https:\/\/www.elsindical.com.ar\/notas\/wp-json\/wp\/v2\/posts"}],"about":[{"href":"https:\/\/www.elsindical.com.ar\/notas\/wp-json\/wp\/v2\/types\/post"}],"author":[{"embeddable":true,"href":"https:\/\/www.elsindical.com.ar\/notas\/wp-json\/wp\/v2\/users\/1"}],"replies":[{"embeddable":true,"href":"https:\/\/www.elsindical.com.ar\/notas\/wp-json\/wp\/v2\/comments?post=85449"}],"version-history":[{"count":1,"href":"https:\/\/www.elsindical.com.ar\/notas\/wp-json\/wp\/v2\/posts\/85449\/revisions"}],"predecessor-version":[{"id":85451,"href":"https:\/\/www.elsindical.com.ar\/notas\/wp-json\/wp\/v2\/posts\/85449\/revisions\/85451"}],"wp:featuredmedia":[{"embeddable":true,"href":"https:\/\/www.elsindical.com.ar\/notas\/wp-json\/wp\/v2\/media\/85450"}],"wp:attachment":[{"href":"https:\/\/www.elsindical.com.ar\/notas\/wp-json\/wp\/v2\/media?parent=85449"}],"wp:term":[{"taxonomy":"category","embeddable":true,"href":"https:\/\/www.elsindical.com.ar\/notas\/wp-json\/wp\/v2\/categories?post=85449"},{"taxonomy":"post_tag","embeddable":true,"href":"https:\/\/www.elsindical.com.ar\/notas\/wp-json\/wp\/v2\/tags?post=85449"}],"curies":[{"name":"wp","href":"https:\/\/api.w.org\/{rel}","templated":true}]}}